{"id":3961,"date":"2026-01-21T09:37:26","date_gmt":"2026-01-21T08:37:26","guid":{"rendered":"https:\/\/www.matierebrutelab.com\/blog\/?p=3961"},"modified":"2026-02-05T10:20:55","modified_gmt":"2026-02-05T09:20:55","slug":"cernes-sous-les-yeux-causes-types-et-solutions-naturelles-pour-les-attenuer-durablement","status":"publish","type":"post","link":"https:\/\/www.matierebrutelab.com\/blog\/cernes-sous-les-yeux-causes-types-et-solutions-naturelles-pour-les-attenuer-durablement\/","title":{"rendered":"Cernes sous les yeux : causes, types et solutions naturelles pour les att\u00e9nuer durablement"},"content":{"rendered":"\n<p>Les cernes sous les yeux donnent souvent un air fatigu\u00e9, stress\u00e9 ou vieilli, m\u00eame lorsque l\u2019on se sent en pleine forme. Leur origine est rarement unique : circulation, pigmentation, mode de vie, g\u00e9n\u00e9tique ou vieillissement cutan\u00e9 peuvent entrer en jeu.<\/p>\n\n\n\n<p><strong>Dans cet article, nous vous aidons \u00e0 :<\/strong><\/p>\n\n\n\n<ul class=\"wp-block-list\">\n<li>comprendre pourquoi les cernes apparaissent,<\/li>\n\n\n\n<li>identifier votre type de cerne,<\/li>\n\n\n\n<li>d\u00e9couvrir comment att\u00e9nuer les cernes naturellement,<\/li>\n\n\n\n<li>adopter une routine respectueuse du contour des yeux, en lien avec l\u2019expertise de Mati\u00e8re Brute Lab.<\/li>\n<\/ul>\n\n\n<div class=\"wp-block-image\">\n<figure class=\"aligncenter size-full\"><a href=\"https:\/\/www.matierebrutelab.com\/fr\/contour-des-yeux\/536-elixir-contour-des-yeux-.html\"><img loading=\"lazy\" decoding=\"async\" width=\"792\" height=\"492\" src=\"https:\/\/www.matierebrutelab.com\/blog\/wp-content\/uploads\/2026\/01\/cernes_1.jpg\" alt=\"Zoom brut sur des cernes\" class=\"wp-image-3969\" srcset=\"https:\/\/www.matierebrutelab.com\/blog\/wp-content\/uploads\/2026\/01\/cernes_1.jpg 792w, https:\/\/www.matierebrutelab.com\/blog\/wp-content\/uploads\/2026\/01\/cernes_1-300x186.jpg 300w, https:\/\/www.matierebrutelab.com\/blog\/wp-content\/uploads\/2026\/01\/cernes_1-768x477.jpg 768w\" sizes=\"auto, (max-width: 792px) 100vw, 792px\" \/><\/a><\/figure>\n<\/div>\n\n\n<h2 class=\"wp-block-heading\">Qu\u2019est-ce qu\u2019une cerne sous les yeux et pourquoi cette zone est-elle si fragile ?<\/h2>\n\n\n\n<p>Une cerne correspond \u00e0 une modification visible de la peau situ\u00e9e sous la paupi\u00e8re inf\u00e9rieure. Elle peut appara\u00eetre plus fonc\u00e9e, creus\u00e9e ou gonfl\u00e9e.<\/p>\n\n\n\n<p><strong>La peau du contour des yeux est :<\/strong><\/p>\n\n\n\n<ul class=\"wp-block-list\">\n<li>jusqu\u2019\u00e0 3 fois plus fine que celle du reste du visage (environ 5mm),<\/li>\n\n\n\n<li>pauvre en glandes s\u00e9bac\u00e9es,<\/li>\n\n\n\n<li>tr\u00e8s peu prot\u00e9g\u00e9e par de la graisse sous-cutan\u00e9e.<\/li>\n<\/ul>\n\n\n\n<p>Cette fragilit\u00e9 explique pourquoi les cernes sous les yeux r\u00e9agissent fortement \u00e0 la fatigue, \u00e0 la circulation sanguine, au soleil ou \u00e0 la d\u00e9shydratation.<\/p>\n\n\n\n<h2 class=\"wp-block-heading\">Diff\u00e9rence entre cernes, poches et cernes creus\u00e9es<\/h2>\n\n\n\n<p>Avant de chercher un soin contour des yeux, il est essentiel d\u2019identifier le type de cerne.<\/p>\n\n\n\n<p><strong>Tableau comparatif pour identifier son type de cerne :<\/strong><\/p>\n\n\n\n<figure class=\"wp-block-table\"><table class=\"has-fixed-layout\"><tbody><tr><td>Type de cerne<\/td><td>Apparence<\/td><td>Cause principale<\/td><td>Action prioritaire<\/td><\/tr><tr><td>Cernes bleus \/ violac\u00e9s<\/td><td>Teinte froide<\/td><td>Mauvaise circulation sanguine<\/td><td>Drainage &amp; massage<\/td><\/tr><tr><td>Cernes bruns<\/td><td>Teinte fonc\u00e9e<\/td><td>Hyperpigmentation<\/td><td>Protection solaire &amp; apaisement<\/td><\/tr><tr><td>Cernes creus\u00e9es<\/td><td>Sillon marqu\u00e9<\/td><td>Perte de volume<\/td><td>Nutrition &amp; stimulation<\/td><\/tr><tr><td>Poches sous les yeux<\/td><td>Gonflement<\/td><td>R\u00e9tention d'eau<\/td><td>Drainage lymphatique<\/td><\/tr><\/tbody><\/table><\/figure>\n\n\n\n<p><\/p>\n\n\n\n<p>Cette distinction est essentielle pour choisir un soin contour des yeux efficace.<\/p>\n\n\n\n<p><\/p>\n\n\n\n<h2 class=\"wp-block-heading\">Causes des cernes sous les yeux : comprendre l\u2019origine r\u00e9elle<\/h2>\n\n\n\n<p><\/p>\n\n\n<div class=\"wp-block-image\">\n<figure class=\"aligncenter size-full\"><a href=\"https:\/\/www.matierebrutelab.com\/fr\/contour-des-yeux\/536-elixir-contour-des-yeux-.html\"><img loading=\"lazy\" decoding=\"async\" width=\"792\" height=\"492\" src=\"https:\/\/www.matierebrutelab.com\/blog\/wp-content\/uploads\/2026\/01\/cernes_2.jpg\" alt=\"Zoom brut sur un regard\" class=\"wp-image-3970\" srcset=\"https:\/\/www.matierebrutelab.com\/blog\/wp-content\/uploads\/2026\/01\/cernes_2.jpg 792w, https:\/\/www.matierebrutelab.com\/blog\/wp-content\/uploads\/2026\/01\/cernes_2-300x186.jpg 300w, https:\/\/www.matierebrutelab.com\/blog\/wp-content\/uploads\/2026\/01\/cernes_2-768x477.jpg 768w\" sizes=\"auto, (max-width: 792px) 100vw, 792px\" \/><\/a><\/figure>\n<\/div>\n\n\n<h3 class=\"wp-block-heading\">Cernes sous les yeux et g\u00e9n\u00e9tique : un facteur souvent sous-estim\u00e9<\/h3>\n\n\n\n<p><\/p>\n\n\n\n<p>Certaines personnes pr\u00e9sentent des cernes marqu\u00e9es d\u00e8s le plus jeune \u00e2ge. La g\u00e9n\u00e9tique peut influencer :<\/p>\n\n\n\n<ul class=\"wp-block-list\">\n<li>l\u2019\u00e9paisseur de la peau,<\/li>\n\n\n\n<li>la visibilit\u00e9 du r\u00e9seau vasculaire,<\/li>\n\n\n\n<li>la pigmentation naturelle.<\/li>\n<\/ul>\n\n\n\n<p>Dans ces cas, le manque de sommeil n\u2019est pas toujours en cause.<\/p>\n\n\n\n<h3 class=\"wp-block-heading\">Vieillissement cutan\u00e9, perte de collag\u00e8ne et cernes creus\u00e9es<\/h3>\n\n\n\n<p>Avec l\u2019\u00e2ge, la peau sous les yeux, d\u00e9j\u00e0 extr\u00eamement fine, perd encore plus de collag\u00e8ne et de graisse sous-cutan\u00e9e, elle s\u2019amincit donc davantage rendant les vaisseaux sanguins plus visibles et donc accentue directement l\u2019apparence des cernes.<\/p>\n\n\n\n<h3 class=\"wp-block-heading\">Probl\u00e8mes de circulation sanguine et lymphatique<\/h3>\n\n\n\n<p>Une mauvaise circulation sanguine et lymphatique peut entra\u00eener une accumulation de liquide sous les yeux. Cette stagnation favorise la formation de poches ou d\u2019\u0153d\u00e8mes, cr\u00e9ant des zones d\u2019ombre qui accentuent l\u2019aspect des cernes.<\/p>\n\n\n\n<h3 class=\"wp-block-heading\">R\u00e9tention d\u2019eau, hormones<\/h3>\n\n\n\n<p>Un exc\u00e8s de liquide dans les tissus peut intensifier l\u2019apparence des cernes. La formation de poches d\u2019eau cr\u00e9e des zones d\u2019ombre sous les yeux, particuli\u00e8rement visibles au r\u00e9veil ou apr\u00e8s une consommation excessive de sel ou d\u2019alcool. Dans la majorit\u00e9 des cas, la r\u00e9tention d\u2019eau est \u00e9troitement li\u00e9e \u00e0 un drainage lymphatique insuffisant, ces deux ph\u00e9nom\u00e8nes agissant souvent de concert.<\/p>\n\n\n\n<h3 class=\"wp-block-heading\">Cernes au r\u00e9veil : la position du sommeil<\/h3>\n\n\n\n<p>La mani\u00e8re dont nous dormons peut influencer directement l\u2019apparence des cernes au r\u00e9veil. Une mauvaise position de la t\u00eate peut ralentir la circulation sanguine autour des yeux. Il est donc recommand\u00e9 d\u2019\u00e9viter de dormir face contre l\u2019oreiller et de privil\u00e9gier un oreiller l\u00e9g\u00e8rement sur\u00e9lev\u00e9 ou une taie en soie pour limiter la congestion et les poches.<\/p>\n\n\n\n<h2 class=\"wp-block-heading\">Cernes et mode de vie : les facteurs aggravants<\/h2>\n\n\n\n<h3 class=\"wp-block-heading\">Manque de sommeil, fatigue chronique et cernes persistantes<\/h3>\n\n\n\n<p>Le manque de sommeil provoque une inflammation l\u00e9g\u00e8re mais durable, favorisant congestion veineuse et hyperpigmentation.<\/p>\n\n\n\n<p>C\u2019est pourquoi certaines cernes persistent m\u00eame apr\u00e8s plusieurs nuits de repos.<\/p>\n\n\n\n<h3 class=\"wp-block-heading\">Stress, tabac et alcool : des facteurs aggravants pour les cernes<\/h3>\n\n\n\n<p><\/p>\n\n\n\n<ul class=\"wp-block-list\">\n<li>Le stress chronique stimule la production de cortisol, une hormone qui peut affaiblir le collag\u00e8ne de la peau, provoquer une inflammation et ralentir la circulation sanguine, accentuant ainsi l\u2019apparence des cernes.<\/li>\n\n\n\n<li>Le tabac, riche en radicaux libres, favorise le stress oxydatif, acc\u00e9l\u00e8re la d\u00e9gradation du collag\u00e8ne et perturbe la microcirculation, entra\u00eenant souvent des cernes plus pr\u00e9coces et marqu\u00e9s.<\/li>\n\n\n\n<li>L\u2019alcool, quant \u00e0 lui, d\u00e9shydrate la peau, favorise la r\u00e9tention d\u2019eau et perturbe la qualit\u00e9 du sommeil, accentuant la fatigue et l\u2019apparition de cernes creus\u00e9es.<\/li>\n<\/ul>\n\n\n\n<h3 class=\"wp-block-heading\">D\u00e9shydratation cutan\u00e9e et cernes marqu\u00e9es<\/h3>\n\n\n\n<p>La d\u00e9shydratation correspond \u00e0 un d\u00e9ficit en eau dans l\u2019\u00e9piderme et le derme, entra\u00eenant une perte d\u2019\u00e9lasticit\u00e9 et de souplesse de la peau. Le contour des yeux, d\u00e9j\u00e0 tr\u00e8s fin, est particuli\u00e8rement sensible \u00e0 ces pertes hydriques, ce qui accentue l\u2019apparence des cernes.<\/p>\n\n\n<div class=\"wp-block-image\">\n<figure class=\"aligncenter size-full\"><a href=\"https:\/\/www.matierebrutelab.com\/fr\/contour-des-yeux\/536-elixir-contour-des-yeux-.html\"><img loading=\"lazy\" decoding=\"async\" width=\"792\" height=\"492\" src=\"https:\/\/www.matierebrutelab.com\/blog\/wp-content\/uploads\/2026\/01\/cernes_3.jpg\" alt=\"Zoom brut sur des cernes\" class=\"wp-image-3971\" srcset=\"https:\/\/www.matierebrutelab.com\/blog\/wp-content\/uploads\/2026\/01\/cernes_3.jpg 792w, https:\/\/www.matierebrutelab.com\/blog\/wp-content\/uploads\/2026\/01\/cernes_3-300x186.jpg 300w, https:\/\/www.matierebrutelab.com\/blog\/wp-content\/uploads\/2026\/01\/cernes_3-768x477.jpg 768w\" sizes=\"auto, (max-width: 792px) 100vw, 792px\" \/><\/a><\/figure>\n<\/div>\n\n\n<h2 class=\"wp-block-heading\">Facteurs environnementaux et m\u00e9dicaux<\/h2>\n\n\n\n<h3 class=\"wp-block-heading\">Allergies, frottements des yeux et cernes bleut\u00e9es<\/h3>\n\n\n\n<p>Lors d\u2019une r\u00e9action allergique, les allerg\u00e8nes (pollens, acariens\u2026) provoquent la lib\u00e9ration d\u2019histamine, entra\u00eenant vasodilatation et congestion des vaisseaux autour du nez et des yeux. Le drainage veineux ralenti favorise l\u2019apparition de cernes bleut\u00e9es ou violac\u00e9es.<\/p>\n\n\n\n<p>Le port prolong\u00e9 ou inadapt\u00e9 de lentilles peut accentuer ces cernes, surtout chez les yeux sensibles, en provoquant frottements, inflammation et parfois hyperpigmentation du contour de l\u2019\u0153il.<\/p>\n\n\n\n<h3 class=\"wp-block-heading\">Soleil et hyperpigmentation du contour des yeux<\/h3>\n\n\n\n<p>Les UV stimulent la production de m\u00e9lanine. Sans protection adapt\u00e9e, les cernes brunes peuvent s\u2019intensifier.<\/p>\n\n\n\n<h3 class=\"wp-block-heading\">M\u00e9dicaments et pathologies associ\u00e9es<\/h3>\n\n\n\n<p>L\u2019an\u00e9mie, en particulier la carence en fer, peut r\u00e9duire l\u2019oxyg\u00e9nation des tissus, entra\u00eenant fatigue, teint p\u00e2le et cernes fonc\u00e9es.<\/p>\n\n\n\n<p>Certains troubles ORL (sinusites) ou r\u00e9naux (r\u00e9tention d\u2019eau) peuvent \u00e9galement provoquer des cernes violac\u00e9es ou des poches, surtout le matin.<\/p>\n\n\n\n<p>Certains m\u00e9dicaments peuvent accentuer l\u2019apparence des cernes : antihistaminiques, cortico\u00efdes, contraceptifs (hyperpigmentation) ou traitements de chimioth\u00e9rapie, qui fragilisent la peau et modifient sa pigmentation.<\/p>\n\n\n\n<h2 class=\"wp-block-heading\">Comment identifier la cause principale de ses cernes ?<\/h2>\n\n\n\n<p>Posez-vous ces questions simples :<\/p>\n\n\n\n<ul class=\"wp-block-list\">\n<li>Mes cernes sont-elles plus marqu\u00e9es le matin ?<\/li>\n\n\n\n<li>La couleur est-elle bleut\u00e9e ou brune ?<\/li>\n\n\n\n<li>Y a-t-il un gonflement ?<\/li>\n\n\n\n<li>Existe-t-il des ant\u00e9c\u00e9dents familiaux ?<\/li>\n<\/ul>\n\n\n\n<p>Identifier la cause permet d\u2019adopter le rituel le plus juste, sans surtraiter cette zone fragile.<\/p>\n\n\n\n<h2 class=\"wp-block-heading\">Quand consulter un professionnel de sant\u00e9 ?<\/h2>\n\n\n\n<p>Il est recommand\u00e9 de consulter si :<\/p>\n\n\n\n<ul class=\"wp-block-list\">\n<li>les cernes apparaissent soudainement,<\/li>\n\n\n\n<li>elles s\u2019accompagnent de fatigue intense ou d\u2019essoufflement,<\/li>\n\n\n\n<li>elles ne s\u2019am\u00e9liorent pas malgr\u00e9 une routine adapt\u00e9e.<\/li>\n<\/ul>\n\n\n\n<h2 class=\"wp-block-heading\">Comment att\u00e9nuer les cernes naturellement ?<\/h2>\n\n\n\n<p>Bonne nouvelle&nbsp;: il existe des solutions naturelles et efficaces pour att\u00e9nuer les cernes, d\u00e9gonfler les poches, illuminer le contour des yeux et redonner de l\u2019\u00e9clat \u00e0 votre regard, sans recourir forc\u00e9ment \u00e0 des additifs synth\u00e9tiques, agressifs ou invasifs pour la peau sensible de cette zone.<\/p>\n\n\n\n<p><a href=\"https:\/\/www.matierebrutelab.com\/blog\/le-monde-de-la-cosmetique-daujourdhui-comprendre-et-eviter-les-ingredients-controverses\/\">Le monde de la cosm\u00e9tique d\u2019aujourd\u2019hui : comprendre et \u00e9viter les ingr\u00e9dients controvers\u00e9s.<\/a><\/p>\n\n\n\n<h3 class=\"wp-block-heading\">Le soin contour des yeux naturel Mati\u00e8re Brute Lab<\/h3>\n\n\n\n<p>Riche en actifs biologiques rares et antioxydants, L\u2019Elixir Contour des Yeux a \u00e9t\u00e9 con\u00e7u pour lisser le contour des yeux et diminuer l\u2019apparence des cernes et poches sous les yeux.&nbsp;<\/p>\n\n\n\n<p><a href=\"https:\/\/www.matierebrutelab.com\/fr\/contour-des-yeux\/536-elixir-contour-des-yeux-.html\">Le soin contour des yeux Mati\u00e8re Brute Lab<\/a> a \u00e9t\u00e9 formul\u00e9 pour :<\/p>\n\n\n\n<ul class=\"wp-block-list\">\n<li>stimuler la microcirculation,<\/li>\n\n\n\n<li>d\u00e9congestionner les poches,<\/li>\n\n\n\n<li>att\u00e9nuer l\u2019apparence des cernes,<\/li>\n\n\n\n<li>lisser et illuminer le regard.<\/li>\n<\/ul>\n\n\n\n<p>Son embout roll-on offre un effet rafraichissant imm\u00e9diat et favorise le drainage et la microcirculation de cette zone d\u00e9licate.&nbsp;<\/p>\n\n\n<div class=\"wp-block-image\">\n<figure class=\"aligncenter size-full\"><a href=\"https:\/\/www.matierebrutelab.com\/fr\/contour-des-yeux\/536-elixir-contour-des-yeux-.html\"><img loading=\"lazy\" decoding=\"async\" width=\"792\" height=\"492\" src=\"https:\/\/www.matierebrutelab.com\/blog\/wp-content\/uploads\/2026\/01\/elixir_contour_yeux_benefices_article.jpg\" alt=\"Diptyque de l'\u00e9lixir contour des yeux et ses b\u00e9n\u00e9fices\" class=\"wp-image-3972\" srcset=\"https:\/\/www.matierebrutelab.com\/blog\/wp-content\/uploads\/2026\/01\/elixir_contour_yeux_benefices_article.jpg 792w, https:\/\/www.matierebrutelab.com\/blog\/wp-content\/uploads\/2026\/01\/elixir_contour_yeux_benefices_article-300x186.jpg 300w, https:\/\/www.matierebrutelab.com\/blog\/wp-content\/uploads\/2026\/01\/elixir_contour_yeux_benefices_article-768x477.jpg 768w\" sizes=\"auto, (max-width: 792px) 100vw, 792px\" \/><\/a><\/figure>\n<\/div>\n\n\n<div class=\"wp-block-buttons is-layout-flex wp-block-buttons-is-layout-flex\">\n<div class=\"wp-block-button\"><a class=\"wp-block-button__link wp-element-button\" href=\"https:\/\/www.matierebrutelab.com\/fr\/contour-des-yeux\/536-elixir-contour-des-yeux-.html\">D\u00c9COUVRIR LE SOIN CONTOUR DES YEUX MATI\u00c8RE BRUTE LAB<\/a><\/div>\n<\/div>\n\n\n\n<h3 class=\"wp-block-heading\"><br>Les actifs botaniques&nbsp; naturels cl\u00e9s pour un regard repos\u00e9 et lumineux<\/h3>\n\n\n\n<ul class=\"wp-block-list\">\n<li>Carthame Bio&nbsp;: stimule la microcirculation, d\u00e9congestionne le contour des yeux<\/li>\n\n\n\n<li>Chanvre Bio&nbsp;: apaise, d\u00e9tend, att\u00e9nue les poches&nbsp;<\/li>\n\n\n\n<li>Noyaux de cerise bio&nbsp;: nourrit, vertus antioxydantes<\/li>\n\n\n\n<li>P\u00e9pins de raisin Bio&nbsp;: tonifie la peau gr\u00e2ce \u00e0 sa richesse en polyph\u00e9nols<\/li>\n\n\n\n<li>P\u00e9pins de pomme Bio&nbsp;: apporte douceur, favorise la r\u00e9g\u00e9n\u00e9ration cutan\u00e9e<\/li>\n\n\n\n<li>Extrait de p\u00e9tales de coquelicot Bio&nbsp;: illumine et rafra\u00eechit le regard<\/li>\n\n\n\n<li>Camomille et Bleuet&nbsp;: apaisent et d\u00e9congestionnent<\/li>\n\n\n\n<li>Concombre&nbsp;: hydrate et rafra\u00eechit instantan\u00e9ment<\/li>\n\n\n\n<li>Hammam\u00e9lis&nbsp;: pouvoir astringent qui aide \u00e0 r\u00e9duire les poches&nbsp;<\/li>\n<\/ul>\n\n\n\n<p><a href=\"https:\/\/www.matierebrutelab.com\/blog\/prendre-soin-du-contour-des-yeux-le-bon-geste-pour-preserver-la-jeunesse-du-regard\/\">Prendre soin du contour des yeux : le bon geste pour pr\u00e9server la jeunesse du regard<\/a><\/p>\n\n\n\n<h2 class=\"wp-block-heading\">Yoga du visage et drainage lymphatique : des gestes essentiels<\/h2>\n\n\n\n<p><\/p>\n\n\n<div class=\"wp-block-image\">\n<figure class=\"aligncenter size-full\"><a href=\"https:\/\/www.matierebrutelab.com\/fr\/accessoires-zero-dechet\/211-boulado-visage-.html\"><img loading=\"lazy\" decoding=\"async\" width=\"792\" height=\"492\" src=\"https:\/\/www.matierebrutelab.com\/blog\/wp-content\/uploads\/2026\/01\/yoga_du_visage_contre_cernes_article.jpg\" alt=\"Zoom sur le visage d'Annabelle qui fait du yoga du visage\" class=\"wp-image-3973\" srcset=\"https:\/\/www.matierebrutelab.com\/blog\/wp-content\/uploads\/2026\/01\/yoga_du_visage_contre_cernes_article.jpg 792w, https:\/\/www.matierebrutelab.com\/blog\/wp-content\/uploads\/2026\/01\/yoga_du_visage_contre_cernes_article-300x186.jpg 300w, https:\/\/www.matierebrutelab.com\/blog\/wp-content\/uploads\/2026\/01\/yoga_du_visage_contre_cernes_article-768x477.jpg 768w\" sizes=\"auto, (max-width: 792px) 100vw, 792px\" \/><\/a><\/figure>\n<\/div>\n\n\n<h3 class=\"wp-block-heading\">Yoga du visage pour lisser le contour des yeux<\/h3>\n\n\n\n<p>Quelques minutes de yoga du visage suffisent pour obtenir des r\u00e9sultats visibles sur le long terme. Cette pratique aide \u00e0 d\u00e9tendre le regard et \u00e0 illuminer l\u2019expression du visage.<\/p>\n\n\n\n<p>Les auto-massages stimulent la production de collag\u00e8ne et d\u2019\u00e9lastine, acc\u00e9l\u00e8rent le renouvellement cellulaire et am\u00e9liorent la circulation. En renfor\u00e7ant les muscles du visage par des gestes simples, cette technique redessine les contours, redonne du volume aux zones creus\u00e9es, affine les zones engorg\u00e9es et lisse les rides d\u2019expression, tout en respectant naturellement la morphologie du visage.<\/p>\n\n\n<div class=\"wp-block-image\">\n<figure class=\"aligncenter size-full\"><a href=\"https:\/\/www.matierebrutelab.com\/fr\/87-drainer-et-tonifier\"><img loading=\"lazy\" decoding=\"async\" width=\"792\" height=\"492\" src=\"https:\/\/www.matierebrutelab.com\/blog\/wp-content\/uploads\/2026\/01\/exercice_contour_yeux_1_article.jpg\" alt=\"Un des exercices du livret drainer &amp; tonifier sur le contour des yeux\" class=\"wp-image-3962\" srcset=\"https:\/\/www.matierebrutelab.com\/blog\/wp-content\/uploads\/2026\/01\/exercice_contour_yeux_1_article.jpg 792w, https:\/\/www.matierebrutelab.com\/blog\/wp-content\/uploads\/2026\/01\/exercice_contour_yeux_1_article-300x186.jpg 300w, https:\/\/www.matierebrutelab.com\/blog\/wp-content\/uploads\/2026\/01\/exercice_contour_yeux_1_article-768x477.jpg 768w\" sizes=\"auto, (max-width: 792px) 100vw, 792px\" \/><\/a><\/figure>\n<\/div>\n\n<div class=\"wp-block-image\">\n<figure class=\"aligncenter size-full\"><a href=\"https:\/\/www.matierebrutelab.com\/fr\/87-drainer-et-tonifier\"><img loading=\"lazy\" decoding=\"async\" width=\"792\" height=\"492\" src=\"https:\/\/www.matierebrutelab.com\/blog\/wp-content\/uploads\/2026\/01\/exercice_contour_yeux_2_article.jpg\" alt=\"Un des exercices du livret drainer &amp; tonifier sur le contour des yeux\" class=\"wp-image-3963\" srcset=\"https:\/\/www.matierebrutelab.com\/blog\/wp-content\/uploads\/2026\/01\/exercice_contour_yeux_2_article.jpg 792w, https:\/\/www.matierebrutelab.com\/blog\/wp-content\/uploads\/2026\/01\/exercice_contour_yeux_2_article-300x186.jpg 300w, https:\/\/www.matierebrutelab.com\/blog\/wp-content\/uploads\/2026\/01\/exercice_contour_yeux_2_article-768x477.jpg 768w\" sizes=\"auto, (max-width: 792px) 100vw, 792px\" \/><\/a><\/figure>\n<\/div>\n\n<div class=\"wp-block-image\">\n<figure class=\"aligncenter size-full\"><a href=\"https:\/\/www.matierebrutelab.com\/fr\/87-drainer-et-tonifier\"><img loading=\"lazy\" decoding=\"async\" width=\"792\" height=\"492\" src=\"https:\/\/www.matierebrutelab.com\/blog\/wp-content\/uploads\/2026\/01\/exercice_contour_yeux_3_article.jpg\" alt=\"Un des exercices du livret drainer &amp; tonifier sur le contour des yeux\" class=\"wp-image-3964\" srcset=\"https:\/\/www.matierebrutelab.com\/blog\/wp-content\/uploads\/2026\/01\/exercice_contour_yeux_3_article.jpg 792w, https:\/\/www.matierebrutelab.com\/blog\/wp-content\/uploads\/2026\/01\/exercice_contour_yeux_3_article-300x186.jpg 300w, https:\/\/www.matierebrutelab.com\/blog\/wp-content\/uploads\/2026\/01\/exercice_contour_yeux_3_article-768x477.jpg 768w\" sizes=\"auto, (max-width: 792px) 100vw, 792px\" \/><\/a><\/figure>\n<\/div>\n\n\n<div class=\"wp-block-buttons is-content-justification-center is-layout-flex wp-container-core-buttons-is-layout-16018d1d wp-block-buttons-is-layout-flex\">\n<div class=\"wp-block-button\"><a class=\"wp-block-button__link wp-element-button\" href=\"https:\/\/www.matierebrutelab.com\/fr\/87-drainer-et-tonifier\">JE D\u00c9COUVRE LES SOINS ET ACCESSOIRES POUR LE YOGA DU VISAGE<\/a><\/div>\n<\/div>\n\n\n\n<p><\/p>\n\n\n\n<p><a href=\"https:\/\/www.matierebrutelab.com\/blog\/yoga-du-visage-visage-tonique-naturel\/\">Tout savoir sur le yoga du visage, l\u2019art naturel de raffermir ou le secret d\u2019un visage tonique et jeune<\/a><\/p>\n\n\n\n<p>D\u00e9couvrir <a href=\"https:\/\/www.matierebrutelab.com\/fr\/24-accessoires-zero-dechet\">les livres sur le Yoga du visage<\/a> con\u00e7us par Sylvie Lefranc, experte en yoga du visage.<\/p>\n\n\n\n<p>D\u00e9couvrir <a href=\"https:\/\/www.matierebrutelab.com\/fr\/87-drainer-et-tonifier\">les soins pour drainer et d\u00e9toxifier<\/a> : <a href=\"https:\/\/www.matierebrutelab.com\/fr\/drainer-et-tonifier\/382-douceur-automnale.html\">huiles de massage<\/a>, le <a href=\"https:\/\/www.matierebrutelab.com\/fr\/accessoires-zero-dechet\/211-boulado-visage-.html\">boulado visage<\/a> et le <a href=\"https:\/\/www.matierebrutelab.com\/fr\/accessoires-zero-dechet\/257-boulado-corps.html\">boulado corps<\/a>.<\/p>\n\n\n\n<h3 class=\"wp-block-heading\">Drainage lymphatique pour r\u00e9duire poches et cernes<\/h3>\n\n\n\n<p>C\u2019est la cl\u00e9 pour \u00e9liminer la r\u00e9tention d\u2019eau et les toxines accumul\u00e9es sous les yeux. Par de doux massages allant de l\u2019int\u00e9rieur vers l\u2019ext\u00e9rieur de l\u2019\u0153il, on stimule l\u00e0 encore la microcirculation et on aide \u00e0 r\u00e9duire&nbsp;:<\/p>\n\n\n\n<ul class=\"wp-block-list\">\n<li>Les poches du matin<\/li>\n\n\n\n<li>Les cernes violac\u00e9es<\/li>\n\n\n\n<li>La sensation de fatigue sur tout le visage&nbsp;<\/li>\n<\/ul>\n\n\n\n<p>Associ\u00e9 \u00e0 une huile l\u00e9g\u00e8re, tous ces rituels de massage favorisent un regard \u00e9clatant et repos\u00e9, naturellement et durablement.<\/p>\n\n\n\n<p><a href=\"https:\/\/www.matierebrutelab.com\/blog\/drainage-lymphatique\/\">Drainage Lymphatique : le massage miracle qui affine la silhouette et lisse la peau<\/a><\/p>\n\n\n\n<p>En conclusion, les cernes sous les yeux ne sont pas une fatalit\u00e9. En comprenant leur origine, en adoptant des gestes cibl\u00e9s et en utilisant un soin contour des yeux naturel et bien formul\u00e9, il est possible d\u2019am\u00e9liorer durablement l\u2019apparence du regard.<\/p>\n\n\n\n<p>Chez Mati\u00e8re Brute Lab, nous privil\u00e9gions une approche respectueuse de la physiologie de la peau, associant actifs botaniques, gestuelle et compr\u00e9hension fine du contour des yeux.<\/p>\n\n\n\n<div class=\"wp-block-buttons is-content-justification-center is-layout-flex wp-container-core-buttons-is-layout-16018d1d wp-block-buttons-is-layout-flex\">\n<div class=\"wp-block-button\"><a class=\"wp-block-button__link wp-element-button\" href=\"https:\/\/www.matierebrutelab.com\/fr\/\">J'EXPLORE LES SOINS PURS &amp; BRUTS MATI\u00c8RE BRUTE LAB<\/a><\/div>\n<\/div>\n\n\n\n<div class=\"wp-block-group\"><div class=\"wp-block-group__inner-container is-layout-constrained wp-block-group-is-layout-constrained\">\n<p class=\"has-text-align-center\">Une communaut\u00e9 qui adore Mati\u00e8re Brute :<\/p>\n\n\n<div class=\"wp-block-image\">\n<figure class=\"aligncenter size-large is-resized\"><a href=\"https:\/\/fr.trustpilot.com\/review\/matierebrutelab.com?utm_campaign=free&amp;utm_medium=trustbox&amp;utm_source=TrustBoxBasic\"><img loading=\"lazy\" decoding=\"async\" width=\"1024\" height=\"160\" src=\"https:\/\/www.matierebrutelab.com\/blog\/wp-content\/uploads\/2024\/02\/Capture-decran-2024-02-06-a-12.01.55-1024x160.png\" alt=\"\" class=\"wp-image-1691\" style=\"width:333px;height:auto\" srcset=\"https:\/\/www.matierebrutelab.com\/blog\/wp-content\/uploads\/2024\/02\/Capture-decran-2024-02-06-a-12.01.55-1024x160.png 1024w, https:\/\/www.matierebrutelab.com\/blog\/wp-content\/uploads\/2024\/02\/Capture-decran-2024-02-06-a-12.01.55-300x47.png 300w, https:\/\/www.matierebrutelab.com\/blog\/wp-content\/uploads\/2024\/02\/Capture-decran-2024-02-06-a-12.01.55-768x120.png 768w, https:\/\/www.matierebrutelab.com\/blog\/wp-content\/uploads\/2024\/02\/Capture-decran-2024-02-06-a-12.01.55-1536x239.png 1536w, https:\/\/www.matierebrutelab.com\/blog\/wp-content\/uploads\/2024\/02\/Capture-decran-2024-02-06-a-12.01.55.png 1656w\" sizes=\"auto, (max-width: 1024px) 100vw, 1024px\" \/><\/a><\/figure>\n<\/div><\/div><\/div>\n\n\n\n<div class=\"wp-block-columns is-layout-flex wp-container-core-columns-is-layout-9d6595d7 wp-block-columns-is-layout-flex\">\n<div class=\"wp-block-column is-layout-flow wp-block-column-is-layout-flow\"><div class=\"wp-block-image\">\n<figure class=\"aligncenter size-full\"><a href=\"https:\/\/www.matierebrutelab.com\/fr\/coffrets\/561-soins-regard-levres-sublimes.html\"><img loading=\"lazy\" decoding=\"async\" width=\"800\" height=\"800\" src=\"https:\/\/www.matierebrutelab.com\/blog\/wp-content\/uploads\/2026\/01\/2721.webp\" alt=\"Photo du duo soin regard &amp; l\u00e8vres sublim\u00e9s\" class=\"wp-image-3966\" srcset=\"https:\/\/www.matierebrutelab.com\/blog\/wp-content\/uploads\/2026\/01\/2721.webp 800w, https:\/\/www.matierebrutelab.com\/blog\/wp-content\/uploads\/2026\/01\/2721-300x300.webp 300w, https:\/\/www.matierebrutelab.com\/blog\/wp-content\/uploads\/2026\/01\/2721-150x150.webp 150w, https:\/\/www.matierebrutelab.com\/blog\/wp-content\/uploads\/2026\/01\/2721-768x768.webp 768w\" sizes=\"auto, (max-width: 800px) 100vw, 800px\" \/><\/a><figcaption class=\"wp-element-caption\"><a href=\"https:\/\/www.matierebrutelab.com\/fr\/coffrets\/561-soins-regard-levres-sublimes.html\">Soins Regard &amp; L\u00e8vres Sublim\u00e9s<\/a><\/figcaption><\/figure>\n<\/div><\/div>\n\n\n\n<div class=\"wp-block-column is-layout-flow wp-block-column-is-layout-flow\"><div class=\"wp-block-image\">\n<figure class=\"aligncenter size-full\"><a href=\"https:\/\/www.matierebrutelab.com\/fr\/contour-des-yeux\/536-elixir-contour-des-yeux-.html\"><img loading=\"lazy\" decoding=\"async\" width=\"800\" height=\"800\" src=\"https:\/\/www.matierebrutelab.com\/blog\/wp-content\/uploads\/2025\/04\/elixir.jpg\" alt=\"Photo de l'\u00e9lixir contour des yeux\" class=\"wp-image-2952\" srcset=\"https:\/\/www.matierebrutelab.com\/blog\/wp-content\/uploads\/2025\/04\/elixir.jpg 800w, https:\/\/www.matierebrutelab.com\/blog\/wp-content\/uploads\/2025\/04\/elixir-300x300.jpg 300w, https:\/\/www.matierebrutelab.com\/blog\/wp-content\/uploads\/2025\/04\/elixir-150x150.jpg 150w, https:\/\/www.matierebrutelab.com\/blog\/wp-content\/uploads\/2025\/04\/elixir-768x768.jpg 768w\" sizes=\"auto, (max-width: 800px) 100vw, 800px\" \/><\/a><figcaption class=\"wp-element-caption\"><a href=\"https:\/\/www.matierebrutelab.com\/fr\/contour-des-yeux\/536-elixir-contour-des-yeux-.html\">\u00c9lixir Contour des Yeux<\/a><\/figcaption><\/figure>\n<\/div><\/div>\n\n\n\n<div class=\"wp-block-column is-layout-flow wp-block-column-is-layout-flow\"><div class=\"wp-block-image\">\n<figure class=\"aligncenter size-full\"><a href=\"https:\/\/www.matierebrutelab.com\/fr\/accessoires-zero-dechet\/211-boulado-visage-.html\"><img loading=\"lazy\" decoding=\"async\" width=\"800\" height=\"800\" src=\"https:\/\/www.matierebrutelab.com\/blog\/wp-content\/uploads\/2025\/02\/boulado_visage_visage.jpg\" alt=\"Photo du boulado visage\" class=\"wp-image-2641\" srcset=\"https:\/\/www.matierebrutelab.com\/blog\/wp-content\/uploads\/2025\/02\/boulado_visage_visage.jpg 800w, https:\/\/www.matierebrutelab.com\/blog\/wp-content\/uploads\/2025\/02\/boulado_visage_visage-300x300.jpg 300w, https:\/\/www.matierebrutelab.com\/blog\/wp-content\/uploads\/2025\/02\/boulado_visage_visage-150x150.jpg 150w, https:\/\/www.matierebrutelab.com\/blog\/wp-content\/uploads\/2025\/02\/boulado_visage_visage-768x768.jpg 768w\" sizes=\"auto, (max-width: 800px) 100vw, 800px\" \/><\/a><figcaption class=\"wp-element-caption\"><a href=\"https:\/\/www.matierebrutelab.com\/fr\/accessoires-zero-dechet\/211-boulado-visage-.html\">Boulado Visage<\/a><\/figcaption><\/figure>\n<\/div><\/div>\n<\/div>\n","protected":false},"excerpt":{"rendered":"<p>Les cernes sous les yeux donnent souvent un air fatigu\u00e9, stress\u00e9 ou vieilli, m\u00eame lorsque l\u2019on se sent en pleine forme. Leur origine est rarement unique : circulation, pigmentation, mode de vie, g\u00e9n\u00e9tique ou vieillissement cutan\u00e9 peuvent entrer en jeu. Dans cet article, nous vous aidons \u00e0 : Qu\u2019est-ce qu\u2019une cerne sous les yeux et pourquoi cette zone est-elle si fragile ? Une cerne correspond \u00e0 une modification visible de la peau situ\u00e9e sous la paupi\u00e8re inf\u00e9rieure. Elle peut appara\u00eetre plus fonc\u00e9e, creus\u00e9e ou gonfl\u00e9e. La peau du contour des yeux est : Cette fragilit\u00e9 explique pourquoi les cernes sous les yeux r\u00e9agissent fortement \u00e0 la fatigue, \u00e0 la circulation sanguine, au soleil ou \u00e0 la d\u00e9shydratation. Diff\u00e9rence entre cernes, [&#8230;]<\/p>\n","protected":false},"author":7,"featured_media":3968,"comment_status":"closed","ping_status":"closed","sticky":false,"template":"","format":"standard","meta":{"_acf_changed":false,"footnotes":""},"categories":[27],"tags":[],"test":[],"class_list":["post-3961","post","type-post","status-publish","format-standard","has-post-thumbnail","hentry","category-soins-et-preoccupations"],"acf":[],"yoast_head":"<!-- This site is optimized with the Yoast SEO plugin v27.4 - https:\/\/yoast.com\/product\/yoast-seo-wordpress\/ -->\n<title>Cernes sous les yeux : causes et solutions naturelles - Mati\u00e8re Brute Lab<\/title>\n<meta name=\"description\" content=\"D\u00e9couvrez les causes des cernes sous les yeux, leurs diff\u00e9rents types et des solutions naturelles pour les att\u00e9nuer et illuminer le regard.\" \/>\n<meta name=\"robots\" content=\"index, follow, max-snippet:-1, max-image-preview:large, max-video-preview:-1\" \/>\n<link rel=\"canonical\" href=\"https:\/\/www.matierebrutelab.com\/blog\/cernes-sous-les-yeux-causes-types-et-solutions-naturelles-pour-les-attenuer-durablement\/\" \/>\n<meta property=\"og:locale\" content=\"fr_FR\" \/>\n<meta property=\"og:type\" content=\"article\" \/>\n<meta property=\"og:title\" content=\"Cernes sous les yeux : causes et solutions naturelles - Mati\u00e8re Brute Lab\" \/>\n<meta property=\"og:description\" content=\"D\u00e9couvrez les causes des cernes sous les yeux, leurs diff\u00e9rents types et des solutions naturelles pour les att\u00e9nuer et illuminer le regard.\" \/>\n<meta property=\"og:url\" content=\"https:\/\/www.matierebrutelab.com\/blog\/cernes-sous-les-yeux-causes-types-et-solutions-naturelles-pour-les-attenuer-durablement\/\" \/>\n<meta property=\"og:site_name\" content=\"Mati\u00e8re Brute Lab\" \/>\n<meta property=\"article:publisher\" content=\"https:\/\/www.facebook.com\/matierebrutelab\/\" \/>\n<meta property=\"article:published_time\" content=\"2026-01-21T08:37:26+00:00\" \/>\n<meta property=\"article:modified_time\" content=\"2026-02-05T09:20:55+00:00\" \/>\n<meta property=\"og:image\" content=\"https:\/\/www.matierebrutelab.com\/blog\/wp-content\/uploads\/2026\/01\/cernes_sous_yeux_article_bandeau.jpg\" \/>\n\t<meta property=\"og:image:width\" content=\"792\" \/>\n\t<meta property=\"og:image:height\" content=\"492\" \/>\n\t<meta property=\"og:image:type\" content=\"image\/jpeg\" \/>\n<meta name=\"author\" content=\"alecoute\" \/>\n<meta name=\"twitter:card\" content=\"summary_large_image\" \/>\n<meta name=\"twitter:creator\" content=\"@matierebrutelab\" \/>\n<meta name=\"twitter:site\" content=\"@matierebrutelab\" \/>\n<meta name=\"twitter:label1\" content=\"\u00c9crit par\" \/>\n\t<meta name=\"twitter:data1\" content=\"alecoute\" \/>\n\t<meta name=\"twitter:label2\" content=\"Dur\u00e9e de lecture estim\u00e9e\" \/>\n\t<meta name=\"twitter:data2\" content=\"11 minutes\" \/>\n<script type=\"application\/ld+json\" class=\"yoast-schema-graph\">{\"@context\":\"https:\\\/\\\/schema.org\",\"@graph\":[{\"@type\":\"Article\",\"@id\":\"https:\\\/\\\/www.matierebrutelab.com\\\/blog\\\/cernes-sous-les-yeux-causes-types-et-solutions-naturelles-pour-les-attenuer-durablement\\\/#article\",\"isPartOf\":{\"@id\":\"https:\\\/\\\/www.matierebrutelab.com\\\/blog\\\/cernes-sous-les-yeux-causes-types-et-solutions-naturelles-pour-les-attenuer-durablement\\\/\"},\"author\":{\"name\":\"alecoute\",\"@id\":\"https:\\\/\\\/www.matierebrutelab.com\\\/blog\\\/#\\\/schema\\\/person\\\/1b4ce5d3839cd8114e4517c34abc6431\"},\"headline\":\"Cernes sous les yeux : causes, types et solutions naturelles pour les att\u00e9nuer durablement\",\"datePublished\":\"2026-01-21T08:37:26+00:00\",\"dateModified\":\"2026-02-05T09:20:55+00:00\",\"mainEntityOfPage\":{\"@id\":\"https:\\\/\\\/www.matierebrutelab.com\\\/blog\\\/cernes-sous-les-yeux-causes-types-et-solutions-naturelles-pour-les-attenuer-durablement\\\/\"},\"wordCount\":1824,\"publisher\":{\"@id\":\"https:\\\/\\\/www.matierebrutelab.com\\\/blog\\\/#organization\"},\"image\":{\"@id\":\"https:\\\/\\\/www.matierebrutelab.com\\\/blog\\\/cernes-sous-les-yeux-causes-types-et-solutions-naturelles-pour-les-attenuer-durablement\\\/#primaryimage\"},\"thumbnailUrl\":\"https:\\\/\\\/www.matierebrutelab.com\\\/blog\\\/wp-content\\\/uploads\\\/2026\\\/01\\\/cernes_sous_yeux_article_bandeau.jpg\",\"articleSection\":[\"Soins et pr\u00e9occupations de peau\"],\"inLanguage\":\"fr-FR\"},{\"@type\":\"WebPage\",\"@id\":\"https:\\\/\\\/www.matierebrutelab.com\\\/blog\\\/cernes-sous-les-yeux-causes-types-et-solutions-naturelles-pour-les-attenuer-durablement\\\/\",\"url\":\"https:\\\/\\\/www.matierebrutelab.com\\\/blog\\\/cernes-sous-les-yeux-causes-types-et-solutions-naturelles-pour-les-attenuer-durablement\\\/\",\"name\":\"Cernes sous les yeux : causes et solutions naturelles - Mati\u00e8re Brute Lab\",\"isPartOf\":{\"@id\":\"https:\\\/\\\/www.matierebrutelab.com\\\/blog\\\/#website\"},\"primaryImageOfPage\":{\"@id\":\"https:\\\/\\\/www.matierebrutelab.com\\\/blog\\\/cernes-sous-les-yeux-causes-types-et-solutions-naturelles-pour-les-attenuer-durablement\\\/#primaryimage\"},\"image\":{\"@id\":\"https:\\\/\\\/www.matierebrutelab.com\\\/blog\\\/cernes-sous-les-yeux-causes-types-et-solutions-naturelles-pour-les-attenuer-durablement\\\/#primaryimage\"},\"thumbnailUrl\":\"https:\\\/\\\/www.matierebrutelab.com\\\/blog\\\/wp-content\\\/uploads\\\/2026\\\/01\\\/cernes_sous_yeux_article_bandeau.jpg\",\"datePublished\":\"2026-01-21T08:37:26+00:00\",\"dateModified\":\"2026-02-05T09:20:55+00:00\",\"description\":\"D\u00e9couvrez les causes des cernes sous les yeux, leurs diff\u00e9rents types et des solutions naturelles pour les att\u00e9nuer et illuminer le regard.\",\"breadcrumb\":{\"@id\":\"https:\\\/\\\/www.matierebrutelab.com\\\/blog\\\/cernes-sous-les-yeux-causes-types-et-solutions-naturelles-pour-les-attenuer-durablement\\\/#breadcrumb\"},\"inLanguage\":\"fr-FR\",\"potentialAction\":[{\"@type\":\"ReadAction\",\"target\":[\"https:\\\/\\\/www.matierebrutelab.com\\\/blog\\\/cernes-sous-les-yeux-causes-types-et-solutions-naturelles-pour-les-attenuer-durablement\\\/\"]}]},{\"@type\":\"ImageObject\",\"inLanguage\":\"fr-FR\",\"@id\":\"https:\\\/\\\/www.matierebrutelab.com\\\/blog\\\/cernes-sous-les-yeux-causes-types-et-solutions-naturelles-pour-les-attenuer-durablement\\\/#primaryimage\",\"url\":\"https:\\\/\\\/www.matierebrutelab.com\\\/blog\\\/wp-content\\\/uploads\\\/2026\\\/01\\\/cernes_sous_yeux_article_bandeau.jpg\",\"contentUrl\":\"https:\\\/\\\/www.matierebrutelab.com\\\/blog\\\/wp-content\\\/uploads\\\/2026\\\/01\\\/cernes_sous_yeux_article_bandeau.jpg\",\"width\":792,\"height\":492,\"caption\":\"Diptyque d'un regard et d'un zoom brut sur du raisin\"},{\"@type\":\"BreadcrumbList\",\"@id\":\"https:\\\/\\\/www.matierebrutelab.com\\\/blog\\\/cernes-sous-les-yeux-causes-types-et-solutions-naturelles-pour-les-attenuer-durablement\\\/#breadcrumb\",\"itemListElement\":[{\"@type\":\"ListItem\",\"position\":1,\"name\":\"Accueil\",\"item\":\"https:\\\/\\\/www.matierebrutelab.com\\\/blog\\\/\"},{\"@type\":\"ListItem\",\"position\":2,\"name\":\"Cernes sous les yeux : causes, types et solutions naturelles pour les att\u00e9nuer durablement\"}]},{\"@type\":\"WebSite\",\"@id\":\"https:\\\/\\\/www.matierebrutelab.com\\\/blog\\\/#website\",\"url\":\"https:\\\/\\\/www.matierebrutelab.com\\\/blog\\\/\",\"name\":\"Mati\u00e8re Brute Lab\",\"description\":\"\",\"publisher\":{\"@id\":\"https:\\\/\\\/www.matierebrutelab.com\\\/blog\\\/#organization\"},\"potentialAction\":[{\"@type\":\"SearchAction\",\"target\":{\"@type\":\"EntryPoint\",\"urlTemplate\":\"https:\\\/\\\/www.matierebrutelab.com\\\/blog\\\/?s={search_term_string}\"},\"query-input\":{\"@type\":\"PropertyValueSpecification\",\"valueRequired\":true,\"valueName\":\"search_term_string\"}}],\"inLanguage\":\"fr-FR\"},{\"@type\":\"Organization\",\"@id\":\"https:\\\/\\\/www.matierebrutelab.com\\\/blog\\\/#organization\",\"name\":\"Mati\u00e8re Brute Lab\",\"url\":\"https:\\\/\\\/www.matierebrutelab.com\\\/blog\\\/\",\"logo\":{\"@type\":\"ImageObject\",\"inLanguage\":\"fr-FR\",\"@id\":\"https:\\\/\\\/www.matierebrutelab.com\\\/blog\\\/#\\\/schema\\\/logo\\\/image\\\/\",\"url\":\"https:\\\/\\\/www.matierebrutelab.com\\\/blog\\\/wp-content\\\/uploads\\\/2022\\\/08\\\/matiere-brut-lab-logo-1622535226.png\",\"contentUrl\":\"https:\\\/\\\/www.matierebrutelab.com\\\/blog\\\/wp-content\\\/uploads\\\/2022\\\/08\\\/matiere-brut-lab-logo-1622535226.png\",\"width\":500,\"height\":260,\"caption\":\"Mati\u00e8re Brute Lab\"},\"image\":{\"@id\":\"https:\\\/\\\/www.matierebrutelab.com\\\/blog\\\/#\\\/schema\\\/logo\\\/image\\\/\"},\"sameAs\":[\"https:\\\/\\\/www.facebook.com\\\/matierebrutelab\\\/\",\"https:\\\/\\\/x.com\\\/matierebrutelab\",\"https:\\\/\\\/www.instagram.com\\\/matiere_brute_lab\\\/\"]},{\"@type\":\"Person\",\"@id\":\"https:\\\/\\\/www.matierebrutelab.com\\\/blog\\\/#\\\/schema\\\/person\\\/1b4ce5d3839cd8114e4517c34abc6431\",\"name\":\"alecoute\",\"image\":{\"@type\":\"ImageObject\",\"inLanguage\":\"fr-FR\",\"@id\":\"https:\\\/\\\/secure.gravatar.com\\\/avatar\\\/2a84e6f847e59e8825b99078df4a8708d0fa8731cadcdb2fd5197c09165280dc?s=96&d=mm&r=g\",\"url\":\"https:\\\/\\\/secure.gravatar.com\\\/avatar\\\/2a84e6f847e59e8825b99078df4a8708d0fa8731cadcdb2fd5197c09165280dc?s=96&d=mm&r=g\",\"contentUrl\":\"https:\\\/\\\/secure.gravatar.com\\\/avatar\\\/2a84e6f847e59e8825b99078df4a8708d0fa8731cadcdb2fd5197c09165280dc?s=96&d=mm&r=g\",\"caption\":\"alecoute\"}}]}<\/script>\n<!-- \/ Yoast SEO plugin. -->","yoast_head_json":{"title":"Cernes sous les yeux : causes et solutions naturelles - Mati\u00e8re Brute Lab","description":"D\u00e9couvrez les causes des cernes sous les yeux, leurs diff\u00e9rents types et des solutions naturelles pour les att\u00e9nuer et illuminer le regard.","robots":{"index":"index","follow":"follow","max-snippet":"max-snippet:-1","max-image-preview":"max-image-preview:large","max-video-preview":"max-video-preview:-1"},"canonical":"https:\/\/www.matierebrutelab.com\/blog\/cernes-sous-les-yeux-causes-types-et-solutions-naturelles-pour-les-attenuer-durablement\/","og_locale":"fr_FR","og_type":"article","og_title":"Cernes sous les yeux : causes et solutions naturelles - Mati\u00e8re Brute Lab","og_description":"D\u00e9couvrez les causes des cernes sous les yeux, leurs diff\u00e9rents types et des solutions naturelles pour les att\u00e9nuer et illuminer le regard.","og_url":"https:\/\/www.matierebrutelab.com\/blog\/cernes-sous-les-yeux-causes-types-et-solutions-naturelles-pour-les-attenuer-durablement\/","og_site_name":"Mati\u00e8re Brute Lab","article_publisher":"https:\/\/www.facebook.com\/matierebrutelab\/","article_published_time":"2026-01-21T08:37:26+00:00","article_modified_time":"2026-02-05T09:20:55+00:00","og_image":[{"width":792,"height":492,"url":"https:\/\/www.matierebrutelab.com\/blog\/wp-content\/uploads\/2026\/01\/cernes_sous_yeux_article_bandeau.jpg","type":"image\/jpeg"}],"author":"alecoute","twitter_card":"summary_large_image","twitter_creator":"@matierebrutelab","twitter_site":"@matierebrutelab","twitter_misc":{"\u00c9crit par":"alecoute","Dur\u00e9e de lecture estim\u00e9e":"11 minutes"},"schema":{"@context":"https:\/\/schema.org","@graph":[{"@type":"Article","@id":"https:\/\/www.matierebrutelab.com\/blog\/cernes-sous-les-yeux-causes-types-et-solutions-naturelles-pour-les-attenuer-durablement\/#article","isPartOf":{"@id":"https:\/\/www.matierebrutelab.com\/blog\/cernes-sous-les-yeux-causes-types-et-solutions-naturelles-pour-les-attenuer-durablement\/"},"author":{"name":"alecoute","@id":"https:\/\/www.matierebrutelab.com\/blog\/#\/schema\/person\/1b4ce5d3839cd8114e4517c34abc6431"},"headline":"Cernes sous les yeux : causes, types et solutions naturelles pour les att\u00e9nuer durablement","datePublished":"2026-01-21T08:37:26+00:00","dateModified":"2026-02-05T09:20:55+00:00","mainEntityOfPage":{"@id":"https:\/\/www.matierebrutelab.com\/blog\/cernes-sous-les-yeux-causes-types-et-solutions-naturelles-pour-les-attenuer-durablement\/"},"wordCount":1824,"publisher":{"@id":"https:\/\/www.matierebrutelab.com\/blog\/#organization"},"image":{"@id":"https:\/\/www.matierebrutelab.com\/blog\/cernes-sous-les-yeux-causes-types-et-solutions-naturelles-pour-les-attenuer-durablement\/#primaryimage"},"thumbnailUrl":"https:\/\/www.matierebrutelab.com\/blog\/wp-content\/uploads\/2026\/01\/cernes_sous_yeux_article_bandeau.jpg","articleSection":["Soins et pr\u00e9occupations de peau"],"inLanguage":"fr-FR"},{"@type":"WebPage","@id":"https:\/\/www.matierebrutelab.com\/blog\/cernes-sous-les-yeux-causes-types-et-solutions-naturelles-pour-les-attenuer-durablement\/","url":"https:\/\/www.matierebrutelab.com\/blog\/cernes-sous-les-yeux-causes-types-et-solutions-naturelles-pour-les-attenuer-durablement\/","name":"Cernes sous les yeux : causes et solutions naturelles - Mati\u00e8re Brute Lab","isPartOf":{"@id":"https:\/\/www.matierebrutelab.com\/blog\/#website"},"primaryImageOfPage":{"@id":"https:\/\/www.matierebrutelab.com\/blog\/cernes-sous-les-yeux-causes-types-et-solutions-naturelles-pour-les-attenuer-durablement\/#primaryimage"},"image":{"@id":"https:\/\/www.matierebrutelab.com\/blog\/cernes-sous-les-yeux-causes-types-et-solutions-naturelles-pour-les-attenuer-durablement\/#primaryimage"},"thumbnailUrl":"https:\/\/www.matierebrutelab.com\/blog\/wp-content\/uploads\/2026\/01\/cernes_sous_yeux_article_bandeau.jpg","datePublished":"2026-01-21T08:37:26+00:00","dateModified":"2026-02-05T09:20:55+00:00","description":"D\u00e9couvrez les causes des cernes sous les yeux, leurs diff\u00e9rents types et des solutions naturelles pour les att\u00e9nuer et illuminer le regard.","breadcrumb":{"@id":"https:\/\/www.matierebrutelab.com\/blog\/cernes-sous-les-yeux-causes-types-et-solutions-naturelles-pour-les-attenuer-durablement\/#breadcrumb"},"inLanguage":"fr-FR","potentialAction":[{"@type":"ReadAction","target":["https:\/\/www.matierebrutelab.com\/blog\/cernes-sous-les-yeux-causes-types-et-solutions-naturelles-pour-les-attenuer-durablement\/"]}]},{"@type":"ImageObject","inLanguage":"fr-FR","@id":"https:\/\/www.matierebrutelab.com\/blog\/cernes-sous-les-yeux-causes-types-et-solutions-naturelles-pour-les-attenuer-durablement\/#primaryimage","url":"https:\/\/www.matierebrutelab.com\/blog\/wp-content\/uploads\/2026\/01\/cernes_sous_yeux_article_bandeau.jpg","contentUrl":"https:\/\/www.matierebrutelab.com\/blog\/wp-content\/uploads\/2026\/01\/cernes_sous_yeux_article_bandeau.jpg","width":792,"height":492,"caption":"Diptyque d'un regard et d'un zoom brut sur du raisin"},{"@type":"BreadcrumbList","@id":"https:\/\/www.matierebrutelab.com\/blog\/cernes-sous-les-yeux-causes-types-et-solutions-naturelles-pour-les-attenuer-durablement\/#breadcrumb","itemListElement":[{"@type":"ListItem","position":1,"name":"Accueil","item":"https:\/\/www.matierebrutelab.com\/blog\/"},{"@type":"ListItem","position":2,"name":"Cernes sous les yeux : causes, types et solutions naturelles pour les att\u00e9nuer durablement"}]},{"@type":"WebSite","@id":"https:\/\/www.matierebrutelab.com\/blog\/#website","url":"https:\/\/www.matierebrutelab.com\/blog\/","name":"Mati\u00e8re Brute Lab","description":"","publisher":{"@id":"https:\/\/www.matierebrutelab.com\/blog\/#organization"},"potentialAction":[{"@type":"SearchAction","target":{"@type":"EntryPoint","urlTemplate":"https:\/\/www.matierebrutelab.com\/blog\/?s={search_term_string}"},"query-input":{"@type":"PropertyValueSpecification","valueRequired":true,"valueName":"search_term_string"}}],"inLanguage":"fr-FR"},{"@type":"Organization","@id":"https:\/\/www.matierebrutelab.com\/blog\/#organization","name":"Mati\u00e8re Brute Lab","url":"https:\/\/www.matierebrutelab.com\/blog\/","logo":{"@type":"ImageObject","inLanguage":"fr-FR","@id":"https:\/\/www.matierebrutelab.com\/blog\/#\/schema\/logo\/image\/","url":"https:\/\/www.matierebrutelab.com\/blog\/wp-content\/uploads\/2022\/08\/matiere-brut-lab-logo-1622535226.png","contentUrl":"https:\/\/www.matierebrutelab.com\/blog\/wp-content\/uploads\/2022\/08\/matiere-brut-lab-logo-1622535226.png","width":500,"height":260,"caption":"Mati\u00e8re Brute Lab"},"image":{"@id":"https:\/\/www.matierebrutelab.com\/blog\/#\/schema\/logo\/image\/"},"sameAs":["https:\/\/www.facebook.com\/matierebrutelab\/","https:\/\/x.com\/matierebrutelab","https:\/\/www.instagram.com\/matiere_brute_lab\/"]},{"@type":"Person","@id":"https:\/\/www.matierebrutelab.com\/blog\/#\/schema\/person\/1b4ce5d3839cd8114e4517c34abc6431","name":"alecoute","image":{"@type":"ImageObject","inLanguage":"fr-FR","@id":"https:\/\/secure.gravatar.com\/avatar\/2a84e6f847e59e8825b99078df4a8708d0fa8731cadcdb2fd5197c09165280dc?s=96&d=mm&r=g","url":"https:\/\/secure.gravatar.com\/avatar\/2a84e6f847e59e8825b99078df4a8708d0fa8731cadcdb2fd5197c09165280dc?s=96&d=mm&r=g","contentUrl":"https:\/\/secure.gravatar.com\/avatar\/2a84e6f847e59e8825b99078df4a8708d0fa8731cadcdb2fd5197c09165280dc?s=96&d=mm&r=g","caption":"alecoute"}}]}},"_links":{"self":[{"href":"https:\/\/www.matierebrutelab.com\/blog\/wp-json\/wp\/v2\/posts\/3961","targetHints":{"allow":["GET"]}}],"collection":[{"href":"https:\/\/www.matierebrutelab.com\/blog\/wp-json\/wp\/v2\/posts"}],"about":[{"href":"https:\/\/www.matierebrutelab.com\/blog\/wp-json\/wp\/v2\/types\/post"}],"author":[{"embeddable":true,"href":"https:\/\/www.matierebrutelab.com\/blog\/wp-json\/wp\/v2\/users\/7"}],"replies":[{"embeddable":true,"href":"https:\/\/www.matierebrutelab.com\/blog\/wp-json\/wp\/v2\/comments?post=3961"}],"version-history":[{"count":12,"href":"https:\/\/www.matierebrutelab.com\/blog\/wp-json\/wp\/v2\/posts\/3961\/revisions"}],"predecessor-version":[{"id":3983,"href":"https:\/\/www.matierebrutelab.com\/blog\/wp-json\/wp\/v2\/posts\/3961\/revisions\/3983"}],"wp:featuredmedia":[{"embeddable":true,"href":"https:\/\/www.matierebrutelab.com\/blog\/wp-json\/wp\/v2\/media\/3968"}],"wp:attachment":[{"href":"https:\/\/www.matierebrutelab.com\/blog\/wp-json\/wp\/v2\/media?parent=3961"}],"wp:term":[{"taxonomy":"category","embeddable":true,"href":"https:\/\/www.matierebrutelab.com\/blog\/wp-json\/wp\/v2\/categories?post=3961"},{"taxonomy":"post_tag","embeddable":true,"href":"https:\/\/www.matierebrutelab.com\/blog\/wp-json\/wp\/v2\/tags?post=3961"},{"taxonomy":"test","embeddable":true,"href":"https:\/\/www.matierebrutelab.com\/blog\/wp-json\/wp\/v2\/test?post=3961"}],"curies":[{"name":"wp","href":"https:\/\/api.w.org\/{rel}","templated":true}]}}