{"id":3293,"date":"2025-07-01T15:53:05","date_gmt":"2025-07-01T13:53:05","guid":{"rendered":"https:\/\/www.matierebrutelab.com\/blog\/?p=3293"},"modified":"2025-10-24T15:27:15","modified_gmt":"2025-10-24T13:27:15","slug":"creme-visage-naturelle-type-peau","status":"publish","type":"post","link":"https:\/\/www.matierebrutelab.com\/blog\/creme-visage-naturelle-type-peau\/","title":{"rendered":"Quelle cr\u00e8me visage naturelle choisir selon son type de peau ?"},"content":{"rendered":"\n<p>Choisir une <a href=\"https:\/\/www.matierebrutelab.com\/fr\/71-cremes-visage\">cr\u00e8me visage<\/a> <strong>naturelle selon son type de peau<\/strong> est <strong>essentiel <\/strong>pour <strong>pr\u00e9server <\/strong>l\u2019\u00e9quilibre cutan\u00e9, <strong>accompagner <\/strong>le vieillissement physiologique de la peau et <strong>r\u00e9pondre <\/strong>\u00e0 ses besoins sp\u00e9cifiques sans en <strong>perturber <\/strong>son <strong>microbiome<\/strong>\u00b9.<br>Cependant, la diversit\u00e9 de produits aujourd\u2019hui propos\u00e9s sur le <a href=\"https:\/\/www.matierebrutelab.com\/blog\/le-monde-de-la-cosmetique-daujourdhui-comprendre-et-eviter-les-ingredients-controverses\/\">march\u00e9 cosm\u00e9tique<\/a> rend le choix encore plus <strong>fastidieux <\/strong>: naturelle, biologique, enrichie en actifs et autres <strong>all\u00e9gations <\/strong>? Comment faire un bon choix ?<\/p>\n\n\n\n<p>Chez Mati\u00e8re Brute Lab, nous formulons nos soins <strong>sans conservateur<\/strong>, avec des <strong>actifs botaniques <\/strong>hautement <strong>concentr\u00e9s <\/strong>et rigoureusement s\u00e9lectionn\u00e9s, pour des r\u00e9sultats visibles dans le <strong>respect <\/strong>des \u00e9quilibres biologiques.<\/p>\n\n\n<div class=\"wp-block-image\">\n<figure class=\"aligncenter size-full\"><a href=\"https:\/\/www.matierebrutelab.com\/fr\/71-cremes-visage\"><img loading=\"lazy\" decoding=\"async\" width=\"792\" height=\"492\" src=\"https:\/\/www.matierebrutelab.com\/blog\/wp-content\/uploads\/2021\/07\/creme_visage_bio_article_bandeau.jpg\" alt=\"Photo des quatre cr\u00e8mes visage mati\u00e8re brute lab\" class=\"wp-image-3284\" srcset=\"https:\/\/www.matierebrutelab.com\/blog\/wp-content\/uploads\/2021\/07\/creme_visage_bio_article_bandeau.jpg 792w, https:\/\/www.matierebrutelab.com\/blog\/wp-content\/uploads\/2021\/07\/creme_visage_bio_article_bandeau-300x186.jpg 300w, https:\/\/www.matierebrutelab.com\/blog\/wp-content\/uploads\/2021\/07\/creme_visage_bio_article_bandeau-768x477.jpg 768w\" sizes=\"auto, (max-width: 792px) 100vw, 792px\" \/><\/a><\/figure>\n<\/div>\n\n\n<p>Dans cet article, nous vous guidons pour choisir la cr\u00e8me la plus <strong>adapt\u00e9e <\/strong>\u00e0 votre peau, en fonction de ses <strong>besoins r\u00e9els <\/strong>et de son <strong>\u00e9tat cutan\u00e9<\/strong>.<\/p>\n\n\n\n<h2 class=\"wp-block-heading\">Pourquoi adapter sa cr\u00e8me visage naturelle selon son type de peau ?<\/h2>\n\n\n\n<p>La peau est l\u2019organe le plus <strong>vaste <\/strong>de l\u2019organisme humain. Jouant des r\u00f4les innombrables dans la <strong>protection <\/strong>du corps, il est \u00e9galement peupl\u00e9 de milliards de micro-organismes formant le <strong>microbiome cutan\u00e9<\/strong>, deuxi\u00e8me microbiote du corps humain et acteur cl\u00e9 de l'<strong>immunit\u00e9<\/strong>.<\/p>\n\n\n\n<h3 class=\"wp-block-heading\">A. L\u2019impact des cosm\u00e9tiques sur le microbiome<\/h3>\n\n\n\n<p>Nombreux sont les facteurs influen\u00e7ant la composition et la densit\u00e9 du microbiome cutan\u00e9. Parmi eux, la <strong>composition <\/strong>et la <strong>fr\u00e9quence d\u2019application <\/strong>de produits <strong>cosm\u00e9tiques <\/strong>a montr\u00e9, au cours de diff\u00e9rentes \u00e9tudes men\u00e9es ces derni\u00e8res ann\u00e9es, des r\u00e9sultats consid\u00e9rables.<br>En effet, utiliser une cr\u00e8me inadapt\u00e9e, trop occlusive ou int\u00e9grant des ingr\u00e9dients inadapt\u00e9s, peut <strong>perturber <\/strong>cet <strong>\u00e9quilibre fragile<\/strong>, <strong>alt\u00e9rer <\/strong>la barri\u00e8re cutan\u00e9e, et g\u00e9n\u00e9rer <strong>inconfort<\/strong>, <strong><a href=\"https:\/\/www.matierebrutelab.com\/fr\/44-peaux-seches-deshydratees\">s\u00e9cheresse<\/a> <\/strong>ou <strong><a href=\"https:\/\/www.matierebrutelab.com\/fr\/48-peaux-grasses-et-a-imperfections\">imperfections<\/a><\/strong>.<br>\u00c0 titre d\u2019exemple, les conservateurs comme l\u2019<strong>hexanediol<\/strong>, le <strong>ph\u00e9noxy\u00e9thanol <\/strong>et certains <strong>parab\u00e8nes <\/strong>peuvent affecter la composition du microbiote cutan\u00e9\u00b2.<\/p>\n\n\n\n<p>Chez Mati\u00e8re Brute Lab, chaque formule r\u00e9pond \u00e0 un besoin <strong>pr\u00e9cis<\/strong>, en s'appuyant sur une <strong>haute concentration <\/strong>d\u2019ingr\u00e9dients <strong>botaniques <\/strong>fran\u00e7ais et issus d'une agriculture <strong>biologique<\/strong>.<\/p>\n\n\n\n<div class=\"wp-block-buttons is-content-justification-center is-layout-flex wp-container-core-buttons-is-layout-16018d1d wp-block-buttons-is-layout-flex\">\n<div class=\"wp-block-button\"><a class=\"wp-block-button__link wp-element-button\" href=\"https:\/\/www.matierebrutelab.com\/fr\/71-cremes-visage\">D\u00c9COUVREZ NOS FORMULES BRUTES ET PURES<\/a><\/div>\n<\/div>\n\n\n\n<h3 class=\"wp-block-heading\">B.&nbsp;Peaux mixtes \u00e0 grasses, sujettes aux imperfections : Cr\u00e8me D\u00e9tox<\/h3>\n\n\n\n<p><\/p>\n\n\n<div class=\"wp-block-image\">\n<figure class=\"aligncenter size-full\"><a href=\"https:\/\/www.matierebrutelab.com\/fr\/cremes-visage\/141-creme-detox-.html\"><img loading=\"lazy\" decoding=\"async\" width=\"792\" height=\"492\" src=\"https:\/\/www.matierebrutelab.com\/blog\/wp-content\/uploads\/2025\/07\/diptyque_creme_detox_avis.jpg\" alt=\"Diptyque de la cr\u00e8me d\u00e9tox et un avis\" class=\"wp-image-3296\" srcset=\"https:\/\/www.matierebrutelab.com\/blog\/wp-content\/uploads\/2025\/07\/diptyque_creme_detox_avis.jpg 792w, https:\/\/www.matierebrutelab.com\/blog\/wp-content\/uploads\/2025\/07\/diptyque_creme_detox_avis-300x186.jpg 300w, https:\/\/www.matierebrutelab.com\/blog\/wp-content\/uploads\/2025\/07\/diptyque_creme_detox_avis-768x477.jpg 768w\" sizes=\"auto, (max-width: 792px) 100vw, 792px\" \/><\/a><\/figure>\n<\/div>\n\n\n<p>Est-ce la bonne ? Vous recherchez une cr\u00e8me qui accompagne le bien vieillir tout en r\u00e9gulant les <strong>imperfections<\/strong>, <strong>brillances <\/strong>et\/ou <strong>pores visibles <\/strong>? La <a href=\"https:\/\/www.matierebrutelab.com\/fr\/cremes-visage\/141-creme-detox-.html\"><strong>Cr\u00e8me D\u00e9tox<\/strong><\/a> est formul\u00e9e pour r\u00e9pondre \u00e0 ce double enjeu.<\/p>\n\n\n\n<p>Elle est riche en Hydrolats de G\u00e9ranium, Bleuet et Ciste Ladanif\u00e8re, pr\u00e9sente des propri\u00e9t\u00e9s rafra\u00eechissantes, purifiantes et d\u00e9congestionnantes connues pour apaiser les peaux sujettes aux <strong>imperfections<\/strong>. Elle contient \u00e9galement des huiles d\u2019Onagre et de Carotte fortement antioxydantes, permettant de lutter contre les m\u00e9diateurs du vieillissement cutan\u00e9 et favorisant la protection cellulaire.<\/p>\n\n\n\n<p>Cette cr\u00e8me nourrissante favorise le soin des peaux sujettes aux imperfections, tout en pr\u00e9servant l\u2019\u00e9lasticit\u00e9 de la peau et ceci avec une composition d\u00e9pourvue d\u2019alcool, d\u2019allerg\u00e8nes et d\u2019irritants.<\/p>\n\n\n\n<h3 class=\"wp-block-heading\">C. Peaux sensibles, sujettes aux tiraillements en qu\u00eate de bien vieillir : Cr\u00e8me Apaisante<\/h3>\n\n\n\n<p><\/p>\n\n\n<div class=\"wp-block-image\">\n<figure class=\"aligncenter size-full\"><a href=\"https:\/\/www.matierebrutelab.com\/fr\/cremes-visage\/14-creme-apaisante.html\"><img loading=\"lazy\" decoding=\"async\" width=\"792\" height=\"492\" src=\"https:\/\/www.matierebrutelab.com\/blog\/wp-content\/uploads\/2025\/07\/diptyque_creme_apaisante_avis.jpg\" alt=\"Diptyque de la cr\u00e8me apaisante et un avis\" class=\"wp-image-3297\" srcset=\"https:\/\/www.matierebrutelab.com\/blog\/wp-content\/uploads\/2025\/07\/diptyque_creme_apaisante_avis.jpg 792w, https:\/\/www.matierebrutelab.com\/blog\/wp-content\/uploads\/2025\/07\/diptyque_creme_apaisante_avis-300x186.jpg 300w, https:\/\/www.matierebrutelab.com\/blog\/wp-content\/uploads\/2025\/07\/diptyque_creme_apaisante_avis-768x477.jpg 768w\" sizes=\"auto, (max-width: 792px) 100vw, 792px\" \/><\/a><\/figure>\n<\/div>\n\n\n<p>\u00c0 qui est-elle destin\u00e9e ? Vous avez la peau qui r\u00e9agit facilement, qui s\u2019\u00e9chauffe, tiraille ou pr\u00e9sente des rougeurs ? La <a href=\"https:\/\/www.matierebrutelab.com\/fr\/cremes-visage\/14-creme-apaisante.html\"><strong>Cr\u00e8me Apaisante<\/strong><\/a> est con\u00e7ue pour restaurer le confort cutan\u00e9.<\/p>\n\n\n\n<p>Sa composition riche en mac\u00e9r\u00e2t huileux de <strong>Calendula<\/strong> bio, reconnu pour ses vertus calmantes gr\u00e2ce \u00e0 ses concentrations en <strong>Faradiol<\/strong>, est l'alli\u00e9 id\u00e9al des peaux sensibles. D\u2019autre part, l\u2019hydrolat de <strong>Camomille<\/strong> <strong>Romaine<\/strong>, est connue pour ses propri\u00e9t\u00e9s <strong>adoucissantes<\/strong>. Compos\u00e9e de mol\u00e9cules <strong>anti<\/strong>-<strong>inflammatoires<\/strong>, elle est utilis\u00e9e en m\u00e9decine traditionnelle dans le soin des dermatoses.<\/p>\n\n\n\n<p>La Cr\u00e8me Apaisante est donc particuli\u00e8rement recommand\u00e9e pour les peaux sensibles et r\u00e9actives. Sans parfum, sans huile essentielle et sans conservateur : elle est non irritante et parfaite pour les peaux sensibles aux allergies.<\/p>\n\n\n\n<h3 class=\"wp-block-heading\">D. Peaux matures en recherche de r\u00e9g\u00e9n\u00e9ration : Cr\u00e8me R\u00e9g\u00e9n\u00e9rante<\/h3>\n\n\n\n<p><\/p>\n\n\n<div class=\"wp-block-image\">\n<figure class=\"aligncenter size-full\"><a href=\"https:\/\/www.matierebrutelab.com\/fr\/cremes-visage\/13-creme-regenerante.html\"><img loading=\"lazy\" decoding=\"async\" width=\"792\" height=\"492\" src=\"https:\/\/www.matierebrutelab.com\/blog\/wp-content\/uploads\/2025\/07\/diptyque_creme_regenerante_benefices_pictogramme.jpg\" alt=\"Diptyque de la cr\u00e8me r\u00e9g\u00e9n\u00e9rante, les b\u00e9n\u00e9fices et un pictogramme\" class=\"wp-image-3298\" srcset=\"https:\/\/www.matierebrutelab.com\/blog\/wp-content\/uploads\/2025\/07\/diptyque_creme_regenerante_benefices_pictogramme.jpg 792w, https:\/\/www.matierebrutelab.com\/blog\/wp-content\/uploads\/2025\/07\/diptyque_creme_regenerante_benefices_pictogramme-300x186.jpg 300w, https:\/\/www.matierebrutelab.com\/blog\/wp-content\/uploads\/2025\/07\/diptyque_creme_regenerante_benefices_pictogramme-768x477.jpg 768w\" sizes=\"auto, (max-width: 792px) 100vw, 792px\" \/><\/a><\/figure>\n<\/div>\n\n\n<p>Pour qui ? Votre peau pr\u00e9sente des signes visibles de vieillissement cutan\u00e9 tels que la perte de <strong>fermet\u00e9<\/strong>, <strong>rides<\/strong>, des <strong>t\u00e2ches<\/strong> <strong>pigmentaires<\/strong> ? La <a href=\"https:\/\/www.matierebrutelab.com\/fr\/cremes-visage\/13-creme-regenerante.html\"><strong>Cr\u00e8me R\u00e9g\u00e9n\u00e9rante<\/strong><\/a> est votre alli\u00e9e.<br>Le vieillissement cutan\u00e9 repose sur 4 modes de pr\u00e9vention distincts, \u00e0 savoir : l\u2019<strong>hydratation<\/strong> de la peau, favoriser l\u2019activit\u00e9 de l\u2019<strong>\u00e9piderme<\/strong>, maintenir l\u2019<strong>\u00e9quilibre<\/strong> du tissu cutan\u00e9 et enfin la <strong>protection<\/strong> <strong>UV<\/strong>.<\/p>\n\n\n\n<p>Cette formule riche en Huiles de Prune et p\u00e9pins de Raisin bio antioxydantes (<strong>vitamine E, Resv\u00e9ratrol)<\/strong> et r\u00e9paratrice (<strong>om\u00e9ga 9)<\/strong>, lui conf\u00e8re des propri\u00e9t\u00e9s r\u00e9g\u00e9n\u00e9rantes.<br>Enrichie en <strong>Nactiol G+<\/strong>, un extrait concentr\u00e9 de Grenade biologique, cette cr\u00e8me pr\u00e9sente des propri\u00e9t\u00e9s apaisantes et protectrices \u00e0 l\u2019\u00e9gard des UV.<\/p>\n\n\n\n<p>Cette cr\u00e8me offre donc une action r\u00e9g\u00e9n\u00e9rante et protectrice \u00e0 l\u2019\u00e9gard du stress oxydatif. Sa texture <strong>fondante<\/strong> et <strong>nourrissante<\/strong> est adapt\u00e9e \u00e0 un usage quotidien, matin et soir.<\/p>\n\n\n\n<h3 class=\"wp-block-heading\">E. Peaux ternes ou en qu\u00eate d\u2019\u00e9clat : Cr\u00e8me Glow<\/h3>\n\n\n\n<p><\/p>\n\n\n<div class=\"wp-block-image\">\n<figure class=\"aligncenter size-full\"><a href=\"https:\/\/www.matierebrutelab.com\/fr\/cremes-visage\/513-creme-glow.html\"><img loading=\"lazy\" decoding=\"async\" width=\"792\" height=\"492\" src=\"https:\/\/www.matierebrutelab.com\/blog\/wp-content\/uploads\/2025\/07\/diptyque_creme_glow_benefices_pictogramme.jpg\" alt=\"Diptyque de la cr\u00e8me glow, les b\u00e9n\u00e9fices et un pictogramme\" class=\"wp-image-3299\" srcset=\"https:\/\/www.matierebrutelab.com\/blog\/wp-content\/uploads\/2025\/07\/diptyque_creme_glow_benefices_pictogramme.jpg 792w, https:\/\/www.matierebrutelab.com\/blog\/wp-content\/uploads\/2025\/07\/diptyque_creme_glow_benefices_pictogramme-300x186.jpg 300w, https:\/\/www.matierebrutelab.com\/blog\/wp-content\/uploads\/2025\/07\/diptyque_creme_glow_benefices_pictogramme-768x477.jpg 768w\" sizes=\"auto, (max-width: 792px) 100vw, 792px\" \/><\/a><\/figure>\n<\/div>\n\n\n<p>Est-ce pour vous ? Vous souhaitez une peau lumineuse, un effet \u201cbonne mine\u201d imm\u00e9diat, sans avoir recours \u00e0 du maquillage couvrant ? La <strong><a href=\"https:\/\/www.matierebrutelab.com\/fr\/cremes-visage\/513-creme-glow.html\">Cr\u00e8me Glow<\/a><\/strong> offre une r\u00e9ponse naturelle et sensorielle.<\/p>\n\n\n\n<p>Son petit plus ? L\u2019Huile d\u2019<strong>argousier<\/strong> : naturellement riche en pigments <strong>antioxydants<\/strong> et en om\u00e9ga 7 offre un teint h\u00e2l\u00e9.<\/p>\n\n\n\n<p>Enrichie en <strong>Nactiol N+<\/strong>, un extrait concentr\u00e9 de Noisette biologique, la Cr\u00e8me Glow pr\u00e9sente une action cliniquement prouv\u00e9e sur l\u2019\u00e9lasticit\u00e9 de la peau et la pr\u00e9vention des signes du vieillissement cutan\u00e9e.<\/p>\n\n\n\n<p>R\u00e9sultat ? Une peau <strong>lumineuse<\/strong>, <strong>unifi\u00e9e<\/strong>, <strong>sublim\u00e9e naturellement<\/strong>.&nbsp;<\/p>\n\n\n\n<h2 class=\"wp-block-heading\">Comment choisir la bonne cr\u00e8me visage naturelle ?<\/h2>\n\n\n\n<p><\/p>\n\n\n\n<figure class=\"wp-block-table\"><table class=\"has-fixed-layout\"><tbody><tr><td class=\"has-text-align-center\" data-align=\"center\"><strong>Besoins &amp; type de peaux<\/strong><\/td><td class=\"has-text-align-center\" data-align=\"center\"><strong>Cr\u00e8me recommand\u00e9e<\/strong><\/td><\/tr><tr><td class=\"has-text-align-center\" data-align=\"center\">Imperfections<br>Pores dilat\u00e9s<br>Exc\u00e8s de s\u00e9bum<\/td><td class=\"has-text-align-center\" data-align=\"center\"><a href=\"https:\/\/www.matierebrutelab.com\/fr\/cremes-visage\/141-creme-detox-.html\">Cr\u00e8me D\u00e9tox<\/a><\/td><\/tr><tr><td class=\"has-text-align-center\" data-align=\"center\">Sensibilit\u00e9<br>Inconfort<br>Tiraillement<\/td><td class=\"has-text-align-center\" data-align=\"center\"><a href=\"https:\/\/www.matierebrutelab.com\/fr\/cremes-visage\/14-creme-apaisante.html\">Cr\u00e8me Apaisante<\/a><\/td><\/tr><tr><td class=\"has-text-align-center\" data-align=\"center\">Signes de l\u2019\u00e2ge<br>R\u00e9g\u00e9n\u00e9ration cellulaire<\/td><td class=\"has-text-align-center\" data-align=\"center\"><a href=\"https:\/\/www.matierebrutelab.com\/fr\/cremes-visage\/13-creme-regenerante.html\">Cr\u00e8me R\u00e9g\u00e9n\u00e9rante<\/a><\/td><\/tr><tr><td class=\"has-text-align-center\" data-align=\"center\">Teint terne<br>Peaux fatigu\u00e9es<\/td><td class=\"has-text-align-center\" data-align=\"center\"><a href=\"https:\/\/www.matierebrutelab.com\/fr\/cremes-visage\/513-creme-glow.html\">Cr\u00e8me Glow<\/a><\/td><\/tr><\/tbody><\/table><\/figure>\n\n\n\n<h2 class=\"wp-block-heading\">En conclusion<\/h2>\n\n\n\n<p>Chez Mati\u00e8re Brute Lab, nous croyons que la beaut\u00e9 passe par la <strong>coh\u00e9rence<\/strong>. Nos cr\u00e8mes sont formul\u00e9es pour <strong>accompagner <\/strong>la peau, pas pour la contraindre. Elles <strong>respectent <\/strong>les m\u00e9canismes naturels, le microbiome cutan\u00e9 et la <strong>sant\u00e9 <\/strong>globale de votre peau. Opter pour une <strong>cr\u00e8me visage naturelle selon son type de peau<\/strong>, c\u2019est faire le choix de la coh\u00e9rence, de l\u2019efficacit\u00e9 et du respect biologique.<\/p>\n\n\n\n<p><strong>Sans conservateur<\/strong>. <strong>Sans compromis<\/strong>. Des actifs <strong>nobles<\/strong>, <strong>concentr\u00e9s<\/strong>, <strong>tra\u00e7ables<\/strong>. Formul\u00e9 et produit en France dans notre laboratoire ind\u00e9pendant.<\/p>\n\n\n\n<div class=\"wp-block-buttons is-content-justification-center is-layout-flex wp-container-core-buttons-is-layout-16018d1d wp-block-buttons-is-layout-flex\">\n<div class=\"wp-block-button\"><a class=\"wp-block-button__link wp-element-button\" href=\"https:\/\/www.matierebrutelab.com\/fr\/\">D\u00c9COUVREZ TOUS NOS SOINS NOBLES ET BRUTS<\/a><\/div>\n<\/div>\n\n\n\n<h3 class=\"wp-block-heading\">Sources&nbsp;:&nbsp;<\/h3>\n\n\n\n<p><\/p>\n\n\n\n<ol class=\"wp-block-list\">\n<li>Ensemble des micro-organismes pr\u00e9sents \u00e0 la surface de la peau qui est colonis\u00e9e par des trillions de microorganismes \u00e0 type de&nbsp;bact\u00e9ries, levures, champignons, virus, arch\u00e9es, petits arthropodes (Dictionnaire m\u00e9dical de l\u2019acad\u00e9mie de M\u00e9decine).<\/li>\n\n\n\n<li>Jeong and Kim, J. Soc.Cosmetic Sci. Korea. 2015<\/li>\n<\/ol>\n\n\n\n<div class=\"wp-block-group\"><div class=\"wp-block-group__inner-container is-layout-constrained wp-block-group-is-layout-constrained\">\n<h3 class=\"wp-block-heading\">Pour aller plus loin<\/h3>\n\n\n\n<p><\/p>\n\n\n\n<ul class=\"wp-block-list\">\n<li><a href=\"https:\/\/www.matierebrutelab.com\/blog\/creme-visage-bio-comment-choisir-n59\/\">Cr\u00e8me visage bio, comment choisir ?<\/a><\/li>\n\n\n\n<li><a href=\"https:\/\/www.matierebrutelab.com\/blog\/yoga-du-visage-visage-tonique-naturel\/\">Le yoga du visage : l\u2019art naturel de raffermir ou le secret d\u2019un visage tonique et jeune<\/a><\/li>\n\n\n\n<li><a href=\"https:\/\/www.matierebrutelab.com\/blog\/comment-reconnaitre-et-apaiser-une-peau-stressee\/\">Comment reconna\u00eetre et apaiser une peau stress\u00e9e ?<\/a><\/li>\n<\/ul>\n<\/div><\/div>\n\n\n\n<div class=\"wp-block-group\"><div class=\"wp-block-group__inner-container is-layout-constrained wp-block-group-is-layout-constrained\">\n<p class=\"has-text-align-center\">Une communaut\u00e9 qui adore Mati\u00e8re Brute :<\/p>\n\n\n<div class=\"wp-block-image\">\n<figure class=\"aligncenter size-large is-resized\"><a href=\"https:\/\/fr.trustpilot.com\/review\/matierebrutelab.com?utm_campaign=free&amp;utm_medium=trustbox&amp;utm_source=TrustBoxBasic\"><img loading=\"lazy\" decoding=\"async\" width=\"1024\" height=\"160\" src=\"https:\/\/www.matierebrutelab.com\/blog\/wp-content\/uploads\/2024\/02\/Capture-decran-2024-02-06-a-12.01.55-1024x160.png\" alt=\"\" class=\"wp-image-1691\" style=\"width:333px;height:auto\" srcset=\"https:\/\/www.matierebrutelab.com\/blog\/wp-content\/uploads\/2024\/02\/Capture-decran-2024-02-06-a-12.01.55-1024x160.png 1024w, https:\/\/www.matierebrutelab.com\/blog\/wp-content\/uploads\/2024\/02\/Capture-decran-2024-02-06-a-12.01.55-300x47.png 300w, https:\/\/www.matierebrutelab.com\/blog\/wp-content\/uploads\/2024\/02\/Capture-decran-2024-02-06-a-12.01.55-768x120.png 768w, https:\/\/www.matierebrutelab.com\/blog\/wp-content\/uploads\/2024\/02\/Capture-decran-2024-02-06-a-12.01.55-1536x239.png 1536w, https:\/\/www.matierebrutelab.com\/blog\/wp-content\/uploads\/2024\/02\/Capture-decran-2024-02-06-a-12.01.55.png 1656w\" sizes=\"auto, (max-width: 1024px) 100vw, 1024px\" \/><\/a><\/figure>\n<\/div><\/div><\/div>\n\n\n\n<div class=\"wp-block-columns is-layout-flex wp-container-core-columns-is-layout-9d6595d7 wp-block-columns-is-layout-flex\">\n<div class=\"wp-block-column is-layout-flow wp-block-column-is-layout-flow\"><div class=\"wp-block-image\">\n<figure class=\"aligncenter size-full\"><a href=\"https:\/\/www.matierebrutelab.com\/fr\/cremes-visage\/513-creme-glow.html\"><img loading=\"lazy\" decoding=\"async\" width=\"800\" height=\"800\" src=\"https:\/\/www.matierebrutelab.com\/blog\/wp-content\/uploads\/2025\/03\/creme_glow.jpg\" alt=\"Photo de la cr\u00e8me glow\" class=\"wp-image-2633\" srcset=\"https:\/\/www.matierebrutelab.com\/blog\/wp-content\/uploads\/2025\/03\/creme_glow.jpg 800w, https:\/\/www.matierebrutelab.com\/blog\/wp-content\/uploads\/2025\/03\/creme_glow-300x300.jpg 300w, https:\/\/www.matierebrutelab.com\/blog\/wp-content\/uploads\/2025\/03\/creme_glow-150x150.jpg 150w, https:\/\/www.matierebrutelab.com\/blog\/wp-content\/uploads\/2025\/03\/creme_glow-768x768.jpg 768w\" sizes=\"auto, (max-width: 800px) 100vw, 800px\" \/><\/a><figcaption class=\"wp-element-caption\"><a href=\"https:\/\/www.matierebrutelab.com\/fr\/cremes-visage\/513-creme-glow.html\">Cr\u00e8me Glow<\/a><\/figcaption><\/figure>\n<\/div><\/div>\n\n\n\n<div class=\"wp-block-column is-layout-flow wp-block-column-is-layout-flow\"><div class=\"wp-block-image\">\n<figure class=\"aligncenter size-full is-resized\"><a href=\"https:\/\/www.matierebrutelab.com\/fr\/abonnements\/178-cremes-visage-abonnement-4-saisons.html\"><img loading=\"lazy\" decoding=\"async\" width=\"800\" height=\"800\" src=\"https:\/\/www.matierebrutelab.com\/blog\/wp-content\/uploads\/2021\/07\/creme_abonnement_2.jpg\" alt=\"Photo de la cr\u00e8me visage\" class=\"wp-image-3291\" style=\"width:274px;height:auto\" srcset=\"https:\/\/www.matierebrutelab.com\/blog\/wp-content\/uploads\/2021\/07\/creme_abonnement_2.jpg 800w, https:\/\/www.matierebrutelab.com\/blog\/wp-content\/uploads\/2021\/07\/creme_abonnement_2-300x300.jpg 300w, https:\/\/www.matierebrutelab.com\/blog\/wp-content\/uploads\/2021\/07\/creme_abonnement_2-150x150.jpg 150w, https:\/\/www.matierebrutelab.com\/blog\/wp-content\/uploads\/2021\/07\/creme_abonnement_2-768x768.jpg 768w\" sizes=\"auto, (max-width: 800px) 100vw, 800px\" \/><\/a><figcaption class=\"wp-element-caption\"><a href=\"https:\/\/www.matierebrutelab.com\/fr\/abonnements\/178-cremes-visage-abonnement-4-saisons.html\">Cr\u00e8me Visage - Abonnement 4 Saisons<\/a><\/figcaption><\/figure>\n<\/div><\/div>\n\n\n\n<div class=\"wp-block-column is-layout-flow wp-block-column-is-layout-flow\"><div class=\"wp-block-image\">\n<figure class=\"aligncenter size-full\"><a href=\"https:\/\/www.matierebrutelab.com\/fr\/cremes-visage\/13-creme-regenerante.html\"><img loading=\"lazy\" decoding=\"async\" width=\"800\" height=\"800\" src=\"https:\/\/www.matierebrutelab.com\/blog\/wp-content\/uploads\/2025\/04\/creme_regenerante.jpg\" alt=\"Photo de la cr\u00e8me r\u00e9g\u00e9n\u00e9rante\" class=\"wp-image-2600\" srcset=\"https:\/\/www.matierebrutelab.com\/blog\/wp-content\/uploads\/2025\/04\/creme_regenerante.jpg 800w, https:\/\/www.matierebrutelab.com\/blog\/wp-content\/uploads\/2025\/04\/creme_regenerante-300x300.jpg 300w, https:\/\/www.matierebrutelab.com\/blog\/wp-content\/uploads\/2025\/04\/creme_regenerante-150x150.jpg 150w, https:\/\/www.matierebrutelab.com\/blog\/wp-content\/uploads\/2025\/04\/creme_regenerante-768x768.jpg 768w\" sizes=\"auto, (max-width: 800px) 100vw, 800px\" \/><\/a><figcaption class=\"wp-element-caption\"><a href=\"https:\/\/www.matierebrutelab.com\/fr\/cremes-visage\/13-creme-regenerante.html\">Cr\u00e8me R\u00e9g\u00e9n\u00e9rante<\/a><\/figcaption><\/figure>\n<\/div><\/div>\n<\/div>\n","protected":false},"excerpt":{"rendered":"<p>Choisir une cr\u00e8me visage naturelle selon son type de peau est essentiel pour pr\u00e9server l\u2019\u00e9quilibre cutan\u00e9, accompagner le vieillissement physiologique de la peau et r\u00e9pondre \u00e0 ses besoins sp\u00e9cifiques sans en perturber son microbiome\u00b9.Cependant, la diversit\u00e9 de produits aujourd\u2019hui propos\u00e9s sur le march\u00e9 cosm\u00e9tique rend le choix encore plus fastidieux : naturelle, biologique, enrichie en actifs et autres all\u00e9gations ? Comment faire un bon choix ? Chez Mati\u00e8re Brute Lab, nous formulons nos soins sans conservateur, avec des actifs botaniques hautement concentr\u00e9s et rigoureusement s\u00e9lectionn\u00e9s, pour des r\u00e9sultats visibles dans le respect des \u00e9quilibres biologiques. Dans cet article, nous vous guidons pour choisir la cr\u00e8me la plus adapt\u00e9e \u00e0 votre peau, en fonction de ses besoins r\u00e9els et de son [&#8230;]<\/p>\n","protected":false},"author":7,"featured_media":3301,"comment_status":"closed","ping_status":"closed","sticky":false,"template":"","format":"standard","meta":{"_acf_changed":false,"footnotes":""},"categories":[25],"tags":[],"test":[],"class_list":["post-3293","post","type-post","status-publish","format-standard","has-post-thumbnail","hentry","category-comment-choisir"],"acf":[],"yoast_head":"<!-- This site is optimized with the Yoast SEO plugin v27.4 - https:\/\/yoast.com\/product\/yoast-seo-wordpress\/ -->\n<title>Quelle cr\u00e8me visage naturelle pour chaque type de peau ?<\/title>\n<meta name=\"description\" content=\"Comment choisir une cr\u00e8me visage naturelle selon son type de peau ? D\u00e9couvrez nos conseils pour respecter microbiome et besoins cutan\u00e9s.\" \/>\n<meta name=\"robots\" content=\"index, follow, max-snippet:-1, max-image-preview:large, max-video-preview:-1\" \/>\n<link rel=\"canonical\" href=\"https:\/\/www.matierebrutelab.com\/blog\/creme-visage-naturelle-type-peau\/\" \/>\n<meta property=\"og:locale\" content=\"fr_FR\" \/>\n<meta property=\"og:type\" content=\"article\" \/>\n<meta property=\"og:title\" content=\"Quelle cr\u00e8me visage naturelle pour chaque type de peau ?\" \/>\n<meta property=\"og:description\" content=\"Comment choisir une cr\u00e8me visage naturelle selon son type de peau ? D\u00e9couvrez nos conseils pour respecter microbiome et besoins cutan\u00e9s.\" \/>\n<meta property=\"og:url\" content=\"https:\/\/www.matierebrutelab.com\/blog\/creme-visage-naturelle-type-peau\/\" \/>\n<meta property=\"og:site_name\" content=\"Mati\u00e8re Brute Lab\" \/>\n<meta property=\"article:publisher\" content=\"https:\/\/www.facebook.com\/matierebrutelab\/\" \/>\n<meta property=\"article:published_time\" content=\"2025-07-01T13:53:05+00:00\" \/>\n<meta property=\"article:modified_time\" content=\"2025-10-24T13:27:15+00:00\" \/>\n<meta property=\"og:image\" content=\"https:\/\/www.matierebrutelab.com\/blog\/wp-content\/uploads\/2025\/07\/creme_type_peau_article_bandeau.jpg\" \/>\n\t<meta property=\"og:image:width\" content=\"792\" \/>\n\t<meta property=\"og:image:height\" content=\"492\" \/>\n\t<meta property=\"og:image:type\" content=\"image\/jpeg\" \/>\n<meta name=\"author\" content=\"alecoute\" \/>\n<meta name=\"twitter:card\" content=\"summary_large_image\" \/>\n<meta name=\"twitter:creator\" content=\"@matierebrutelab\" \/>\n<meta name=\"twitter:site\" content=\"@matierebrutelab\" \/>\n<meta name=\"twitter:label1\" content=\"\u00c9crit par\" \/>\n\t<meta name=\"twitter:data1\" content=\"alecoute\" \/>\n\t<meta name=\"twitter:label2\" content=\"Dur\u00e9e de lecture estim\u00e9e\" \/>\n\t<meta name=\"twitter:data2\" content=\"8 minutes\" \/>\n<script type=\"application\/ld+json\" class=\"yoast-schema-graph\">{\"@context\":\"https:\\\/\\\/schema.org\",\"@graph\":[{\"@type\":\"Article\",\"@id\":\"https:\\\/\\\/www.matierebrutelab.com\\\/blog\\\/creme-visage-naturelle-type-peau\\\/#article\",\"isPartOf\":{\"@id\":\"https:\\\/\\\/www.matierebrutelab.com\\\/blog\\\/creme-visage-naturelle-type-peau\\\/\"},\"author\":{\"name\":\"alecoute\",\"@id\":\"https:\\\/\\\/www.matierebrutelab.com\\\/blog\\\/#\\\/schema\\\/person\\\/1b4ce5d3839cd8114e4517c34abc6431\"},\"headline\":\"Quelle cr\u00e8me visage naturelle choisir selon son type de peau ?\",\"datePublished\":\"2025-07-01T13:53:05+00:00\",\"dateModified\":\"2025-10-24T13:27:15+00:00\",\"mainEntityOfPage\":{\"@id\":\"https:\\\/\\\/www.matierebrutelab.com\\\/blog\\\/creme-visage-naturelle-type-peau\\\/\"},\"wordCount\":1214,\"publisher\":{\"@id\":\"https:\\\/\\\/www.matierebrutelab.com\\\/blog\\\/#organization\"},\"image\":{\"@id\":\"https:\\\/\\\/www.matierebrutelab.com\\\/blog\\\/creme-visage-naturelle-type-peau\\\/#primaryimage\"},\"thumbnailUrl\":\"https:\\\/\\\/www.matierebrutelab.com\\\/blog\\\/wp-content\\\/uploads\\\/2025\\\/07\\\/creme_type_peau_article_bandeau.jpg\",\"articleSection\":[\"Comment choisir ses cosm\u00e9tiques\"],\"inLanguage\":\"fr-FR\"},{\"@type\":\"WebPage\",\"@id\":\"https:\\\/\\\/www.matierebrutelab.com\\\/blog\\\/creme-visage-naturelle-type-peau\\\/\",\"url\":\"https:\\\/\\\/www.matierebrutelab.com\\\/blog\\\/creme-visage-naturelle-type-peau\\\/\",\"name\":\"Quelle cr\u00e8me visage naturelle pour chaque type de peau ?\",\"isPartOf\":{\"@id\":\"https:\\\/\\\/www.matierebrutelab.com\\\/blog\\\/#website\"},\"primaryImageOfPage\":{\"@id\":\"https:\\\/\\\/www.matierebrutelab.com\\\/blog\\\/creme-visage-naturelle-type-peau\\\/#primaryimage\"},\"image\":{\"@id\":\"https:\\\/\\\/www.matierebrutelab.com\\\/blog\\\/creme-visage-naturelle-type-peau\\\/#primaryimage\"},\"thumbnailUrl\":\"https:\\\/\\\/www.matierebrutelab.com\\\/blog\\\/wp-content\\\/uploads\\\/2025\\\/07\\\/creme_type_peau_article_bandeau.jpg\",\"datePublished\":\"2025-07-01T13:53:05+00:00\",\"dateModified\":\"2025-10-24T13:27:15+00:00\",\"description\":\"Comment choisir une cr\u00e8me visage naturelle selon son type de peau ? D\u00e9couvrez nos conseils pour respecter microbiome et besoins cutan\u00e9s.\",\"breadcrumb\":{\"@id\":\"https:\\\/\\\/www.matierebrutelab.com\\\/blog\\\/creme-visage-naturelle-type-peau\\\/#breadcrumb\"},\"inLanguage\":\"fr-FR\",\"potentialAction\":[{\"@type\":\"ReadAction\",\"target\":[\"https:\\\/\\\/www.matierebrutelab.com\\\/blog\\\/creme-visage-naturelle-type-peau\\\/\"]}]},{\"@type\":\"ImageObject\",\"inLanguage\":\"fr-FR\",\"@id\":\"https:\\\/\\\/www.matierebrutelab.com\\\/blog\\\/creme-visage-naturelle-type-peau\\\/#primaryimage\",\"url\":\"https:\\\/\\\/www.matierebrutelab.com\\\/blog\\\/wp-content\\\/uploads\\\/2025\\\/07\\\/creme_type_peau_article_bandeau.jpg\",\"contentUrl\":\"https:\\\/\\\/www.matierebrutelab.com\\\/blog\\\/wp-content\\\/uploads\\\/2025\\\/07\\\/creme_type_peau_article_bandeau.jpg\",\"width\":792,\"height\":492,\"caption\":\"Diptyque du visage d'une femme et un zoom brut sur des raisins\"},{\"@type\":\"BreadcrumbList\",\"@id\":\"https:\\\/\\\/www.matierebrutelab.com\\\/blog\\\/creme-visage-naturelle-type-peau\\\/#breadcrumb\",\"itemListElement\":[{\"@type\":\"ListItem\",\"position\":1,\"name\":\"Accueil\",\"item\":\"https:\\\/\\\/www.matierebrutelab.com\\\/blog\\\/\"},{\"@type\":\"ListItem\",\"position\":2,\"name\":\"Quelle cr\u00e8me visage naturelle choisir selon son type de peau ?\"}]},{\"@type\":\"WebSite\",\"@id\":\"https:\\\/\\\/www.matierebrutelab.com\\\/blog\\\/#website\",\"url\":\"https:\\\/\\\/www.matierebrutelab.com\\\/blog\\\/\",\"name\":\"Mati\u00e8re Brute Lab\",\"description\":\"\",\"publisher\":{\"@id\":\"https:\\\/\\\/www.matierebrutelab.com\\\/blog\\\/#organization\"},\"potentialAction\":[{\"@type\":\"SearchAction\",\"target\":{\"@type\":\"EntryPoint\",\"urlTemplate\":\"https:\\\/\\\/www.matierebrutelab.com\\\/blog\\\/?s={search_term_string}\"},\"query-input\":{\"@type\":\"PropertyValueSpecification\",\"valueRequired\":true,\"valueName\":\"search_term_string\"}}],\"inLanguage\":\"fr-FR\"},{\"@type\":\"Organization\",\"@id\":\"https:\\\/\\\/www.matierebrutelab.com\\\/blog\\\/#organization\",\"name\":\"Mati\u00e8re Brute Lab\",\"url\":\"https:\\\/\\\/www.matierebrutelab.com\\\/blog\\\/\",\"logo\":{\"@type\":\"ImageObject\",\"inLanguage\":\"fr-FR\",\"@id\":\"https:\\\/\\\/www.matierebrutelab.com\\\/blog\\\/#\\\/schema\\\/logo\\\/image\\\/\",\"url\":\"https:\\\/\\\/www.matierebrutelab.com\\\/blog\\\/wp-content\\\/uploads\\\/2022\\\/08\\\/matiere-brut-lab-logo-1622535226.png\",\"contentUrl\":\"https:\\\/\\\/www.matierebrutelab.com\\\/blog\\\/wp-content\\\/uploads\\\/2022\\\/08\\\/matiere-brut-lab-logo-1622535226.png\",\"width\":500,\"height\":260,\"caption\":\"Mati\u00e8re Brute Lab\"},\"image\":{\"@id\":\"https:\\\/\\\/www.matierebrutelab.com\\\/blog\\\/#\\\/schema\\\/logo\\\/image\\\/\"},\"sameAs\":[\"https:\\\/\\\/www.facebook.com\\\/matierebrutelab\\\/\",\"https:\\\/\\\/x.com\\\/matierebrutelab\",\"https:\\\/\\\/www.instagram.com\\\/matiere_brute_lab\\\/\"]},{\"@type\":\"Person\",\"@id\":\"https:\\\/\\\/www.matierebrutelab.com\\\/blog\\\/#\\\/schema\\\/person\\\/1b4ce5d3839cd8114e4517c34abc6431\",\"name\":\"alecoute\",\"image\":{\"@type\":\"ImageObject\",\"inLanguage\":\"fr-FR\",\"@id\":\"https:\\\/\\\/secure.gravatar.com\\\/avatar\\\/2a84e6f847e59e8825b99078df4a8708d0fa8731cadcdb2fd5197c09165280dc?s=96&d=mm&r=g\",\"url\":\"https:\\\/\\\/secure.gravatar.com\\\/avatar\\\/2a84e6f847e59e8825b99078df4a8708d0fa8731cadcdb2fd5197c09165280dc?s=96&d=mm&r=g\",\"contentUrl\":\"https:\\\/\\\/secure.gravatar.com\\\/avatar\\\/2a84e6f847e59e8825b99078df4a8708d0fa8731cadcdb2fd5197c09165280dc?s=96&d=mm&r=g\",\"caption\":\"alecoute\"}}]}<\/script>\n<!-- \/ Yoast SEO plugin. -->","yoast_head_json":{"title":"Quelle cr\u00e8me visage naturelle pour chaque type de peau ?","description":"Comment choisir une cr\u00e8me visage naturelle selon son type de peau ? D\u00e9couvrez nos conseils pour respecter microbiome et besoins cutan\u00e9s.","robots":{"index":"index","follow":"follow","max-snippet":"max-snippet:-1","max-image-preview":"max-image-preview:large","max-video-preview":"max-video-preview:-1"},"canonical":"https:\/\/www.matierebrutelab.com\/blog\/creme-visage-naturelle-type-peau\/","og_locale":"fr_FR","og_type":"article","og_title":"Quelle cr\u00e8me visage naturelle pour chaque type de peau ?","og_description":"Comment choisir une cr\u00e8me visage naturelle selon son type de peau ? D\u00e9couvrez nos conseils pour respecter microbiome et besoins cutan\u00e9s.","og_url":"https:\/\/www.matierebrutelab.com\/blog\/creme-visage-naturelle-type-peau\/","og_site_name":"Mati\u00e8re Brute Lab","article_publisher":"https:\/\/www.facebook.com\/matierebrutelab\/","article_published_time":"2025-07-01T13:53:05+00:00","article_modified_time":"2025-10-24T13:27:15+00:00","og_image":[{"width":792,"height":492,"url":"https:\/\/www.matierebrutelab.com\/blog\/wp-content\/uploads\/2025\/07\/creme_type_peau_article_bandeau.jpg","type":"image\/jpeg"}],"author":"alecoute","twitter_card":"summary_large_image","twitter_creator":"@matierebrutelab","twitter_site":"@matierebrutelab","twitter_misc":{"\u00c9crit par":"alecoute","Dur\u00e9e de lecture estim\u00e9e":"8 minutes"},"schema":{"@context":"https:\/\/schema.org","@graph":[{"@type":"Article","@id":"https:\/\/www.matierebrutelab.com\/blog\/creme-visage-naturelle-type-peau\/#article","isPartOf":{"@id":"https:\/\/www.matierebrutelab.com\/blog\/creme-visage-naturelle-type-peau\/"},"author":{"name":"alecoute","@id":"https:\/\/www.matierebrutelab.com\/blog\/#\/schema\/person\/1b4ce5d3839cd8114e4517c34abc6431"},"headline":"Quelle cr\u00e8me visage naturelle choisir selon son type de peau ?","datePublished":"2025-07-01T13:53:05+00:00","dateModified":"2025-10-24T13:27:15+00:00","mainEntityOfPage":{"@id":"https:\/\/www.matierebrutelab.com\/blog\/creme-visage-naturelle-type-peau\/"},"wordCount":1214,"publisher":{"@id":"https:\/\/www.matierebrutelab.com\/blog\/#organization"},"image":{"@id":"https:\/\/www.matierebrutelab.com\/blog\/creme-visage-naturelle-type-peau\/#primaryimage"},"thumbnailUrl":"https:\/\/www.matierebrutelab.com\/blog\/wp-content\/uploads\/2025\/07\/creme_type_peau_article_bandeau.jpg","articleSection":["Comment choisir ses cosm\u00e9tiques"],"inLanguage":"fr-FR"},{"@type":"WebPage","@id":"https:\/\/www.matierebrutelab.com\/blog\/creme-visage-naturelle-type-peau\/","url":"https:\/\/www.matierebrutelab.com\/blog\/creme-visage-naturelle-type-peau\/","name":"Quelle cr\u00e8me visage naturelle pour chaque type de peau ?","isPartOf":{"@id":"https:\/\/www.matierebrutelab.com\/blog\/#website"},"primaryImageOfPage":{"@id":"https:\/\/www.matierebrutelab.com\/blog\/creme-visage-naturelle-type-peau\/#primaryimage"},"image":{"@id":"https:\/\/www.matierebrutelab.com\/blog\/creme-visage-naturelle-type-peau\/#primaryimage"},"thumbnailUrl":"https:\/\/www.matierebrutelab.com\/blog\/wp-content\/uploads\/2025\/07\/creme_type_peau_article_bandeau.jpg","datePublished":"2025-07-01T13:53:05+00:00","dateModified":"2025-10-24T13:27:15+00:00","description":"Comment choisir une cr\u00e8me visage naturelle selon son type de peau ? D\u00e9couvrez nos conseils pour respecter microbiome et besoins cutan\u00e9s.","breadcrumb":{"@id":"https:\/\/www.matierebrutelab.com\/blog\/creme-visage-naturelle-type-peau\/#breadcrumb"},"inLanguage":"fr-FR","potentialAction":[{"@type":"ReadAction","target":["https:\/\/www.matierebrutelab.com\/blog\/creme-visage-naturelle-type-peau\/"]}]},{"@type":"ImageObject","inLanguage":"fr-FR","@id":"https:\/\/www.matierebrutelab.com\/blog\/creme-visage-naturelle-type-peau\/#primaryimage","url":"https:\/\/www.matierebrutelab.com\/blog\/wp-content\/uploads\/2025\/07\/creme_type_peau_article_bandeau.jpg","contentUrl":"https:\/\/www.matierebrutelab.com\/blog\/wp-content\/uploads\/2025\/07\/creme_type_peau_article_bandeau.jpg","width":792,"height":492,"caption":"Diptyque du visage d'une femme et un zoom brut sur des raisins"},{"@type":"BreadcrumbList","@id":"https:\/\/www.matierebrutelab.com\/blog\/creme-visage-naturelle-type-peau\/#breadcrumb","itemListElement":[{"@type":"ListItem","position":1,"name":"Accueil","item":"https:\/\/www.matierebrutelab.com\/blog\/"},{"@type":"ListItem","position":2,"name":"Quelle cr\u00e8me visage naturelle choisir selon son type de peau ?"}]},{"@type":"WebSite","@id":"https:\/\/www.matierebrutelab.com\/blog\/#website","url":"https:\/\/www.matierebrutelab.com\/blog\/","name":"Mati\u00e8re Brute Lab","description":"","publisher":{"@id":"https:\/\/www.matierebrutelab.com\/blog\/#organization"},"potentialAction":[{"@type":"SearchAction","target":{"@type":"EntryPoint","urlTemplate":"https:\/\/www.matierebrutelab.com\/blog\/?s={search_term_string}"},"query-input":{"@type":"PropertyValueSpecification","valueRequired":true,"valueName":"search_term_string"}}],"inLanguage":"fr-FR"},{"@type":"Organization","@id":"https:\/\/www.matierebrutelab.com\/blog\/#organization","name":"Mati\u00e8re Brute Lab","url":"https:\/\/www.matierebrutelab.com\/blog\/","logo":{"@type":"ImageObject","inLanguage":"fr-FR","@id":"https:\/\/www.matierebrutelab.com\/blog\/#\/schema\/logo\/image\/","url":"https:\/\/www.matierebrutelab.com\/blog\/wp-content\/uploads\/2022\/08\/matiere-brut-lab-logo-1622535226.png","contentUrl":"https:\/\/www.matierebrutelab.com\/blog\/wp-content\/uploads\/2022\/08\/matiere-brut-lab-logo-1622535226.png","width":500,"height":260,"caption":"Mati\u00e8re Brute Lab"},"image":{"@id":"https:\/\/www.matierebrutelab.com\/blog\/#\/schema\/logo\/image\/"},"sameAs":["https:\/\/www.facebook.com\/matierebrutelab\/","https:\/\/x.com\/matierebrutelab","https:\/\/www.instagram.com\/matiere_brute_lab\/"]},{"@type":"Person","@id":"https:\/\/www.matierebrutelab.com\/blog\/#\/schema\/person\/1b4ce5d3839cd8114e4517c34abc6431","name":"alecoute","image":{"@type":"ImageObject","inLanguage":"fr-FR","@id":"https:\/\/secure.gravatar.com\/avatar\/2a84e6f847e59e8825b99078df4a8708d0fa8731cadcdb2fd5197c09165280dc?s=96&d=mm&r=g","url":"https:\/\/secure.gravatar.com\/avatar\/2a84e6f847e59e8825b99078df4a8708d0fa8731cadcdb2fd5197c09165280dc?s=96&d=mm&r=g","contentUrl":"https:\/\/secure.gravatar.com\/avatar\/2a84e6f847e59e8825b99078df4a8708d0fa8731cadcdb2fd5197c09165280dc?s=96&d=mm&r=g","caption":"alecoute"}}]}},"_links":{"self":[{"href":"https:\/\/www.matierebrutelab.com\/blog\/wp-json\/wp\/v2\/posts\/3293","targetHints":{"allow":["GET"]}}],"collection":[{"href":"https:\/\/www.matierebrutelab.com\/blog\/wp-json\/wp\/v2\/posts"}],"about":[{"href":"https:\/\/www.matierebrutelab.com\/blog\/wp-json\/wp\/v2\/types\/post"}],"author":[{"embeddable":true,"href":"https:\/\/www.matierebrutelab.com\/blog\/wp-json\/wp\/v2\/users\/7"}],"replies":[{"embeddable":true,"href":"https:\/\/www.matierebrutelab.com\/blog\/wp-json\/wp\/v2\/comments?post=3293"}],"version-history":[{"count":8,"href":"https:\/\/www.matierebrutelab.com\/blog\/wp-json\/wp\/v2\/posts\/3293\/revisions"}],"predecessor-version":[{"id":3852,"href":"https:\/\/www.matierebrutelab.com\/blog\/wp-json\/wp\/v2\/posts\/3293\/revisions\/3852"}],"wp:featuredmedia":[{"embeddable":true,"href":"https:\/\/www.matierebrutelab.com\/blog\/wp-json\/wp\/v2\/media\/3301"}],"wp:attachment":[{"href":"https:\/\/www.matierebrutelab.com\/blog\/wp-json\/wp\/v2\/media?parent=3293"}],"wp:term":[{"taxonomy":"category","embeddable":true,"href":"https:\/\/www.matierebrutelab.com\/blog\/wp-json\/wp\/v2\/categories?post=3293"},{"taxonomy":"post_tag","embeddable":true,"href":"https:\/\/www.matierebrutelab.com\/blog\/wp-json\/wp\/v2\/tags?post=3293"},{"taxonomy":"test","embeddable":true,"href":"https:\/\/www.matierebrutelab.com\/blog\/wp-json\/wp\/v2\/test?post=3293"}],"curies":[{"name":"wp","href":"https:\/\/api.w.org\/{rel}","templated":true}]}}