{"id":3155,"date":"2025-06-03T17:10:25","date_gmt":"2025-06-03T15:10:25","guid":{"rendered":"https:\/\/www.matierebrutelab.com\/blog\/?p=3155"},"modified":"2025-11-10T11:20:15","modified_gmt":"2025-11-10T10:20:15","slug":"peau-sensible-soins-naturels","status":"publish","type":"post","link":"https:\/\/www.matierebrutelab.com\/blog\/peau-sensible-soins-naturels\/","title":{"rendered":"Peaux sensibles : comprendre, apaiser et r\u00e9\u00e9quilibrer"},"content":{"rendered":"\n<p><strong>Rougeurs, tiraillements, inconfort diffus<\/strong>\u2026 La peau sensible est une r\u00e9alit\u00e9 quotidienne pour de nombreuses personnes, sans distinction d\u2019\u00e2ge ou de sexe. Plus r\u00e9active, plus fragile, elle n\u00e9cessite tr\u00e8s souvent des soins exigeants, fond\u00e9s sur la fine compr\u00e9hension de ses m\u00e9canismes et non sur la promesse d\u2019effets imm\u00e9diats.&nbsp;<\/p>\n\n\n\n<p>Chez <strong>Mati\u00e8re Brute Lab<\/strong>, nous avons choisi une approche radicalement douce : <strong>ingr\u00e9dients biologiques, formules saines<\/strong>, sans <strong>conservateur<\/strong>, sans <strong>parfum, ni huile essentielle,<\/strong> enrichies en compos\u00e9s bio-<strong>actifs<\/strong> s\u00e9lectionn\u00e9s pour la <strong>r\u00e9paration<\/strong> des peaux les plus agress\u00e9es.&nbsp;<\/p>\n\n\n<div class=\"wp-block-image\">\n<figure class=\"aligncenter size-full\"><a href=\"https:\/\/www.matierebrutelab.com\/fr\/34-soins-corps\"><img loading=\"lazy\" decoding=\"async\" width=\"792\" height=\"492\" src=\"https:\/\/www.matierebrutelab.com\/blog\/wp-content\/uploads\/2025\/06\/lifestyle_pictogramme_corps.jpg\" alt=\"Zoom brut sur la peau d'une femme et un pictogramme de corps\" class=\"wp-image-3161\" srcset=\"https:\/\/www.matierebrutelab.com\/blog\/wp-content\/uploads\/2025\/06\/lifestyle_pictogramme_corps.jpg 792w, https:\/\/www.matierebrutelab.com\/blog\/wp-content\/uploads\/2025\/06\/lifestyle_pictogramme_corps-300x186.jpg 300w, https:\/\/www.matierebrutelab.com\/blog\/wp-content\/uploads\/2025\/06\/lifestyle_pictogramme_corps-768x477.jpg 768w\" sizes=\"auto, (max-width: 792px) 100vw, 792px\" \/><\/a><\/figure>\n<\/div>\n\n\n<h2 class=\"wp-block-heading\">Pourquoi la peau devient-elle sensible ?<\/h2>\n\n\n\n<h3 class=\"wp-block-heading\">Qu\u2019est-ce que la peau sensible ?<\/h3>\n\n\n\n<p>Peau \u201csensible\u201d, \u201cr\u00e9active\u201d, \u201cirrit\u00e9e\u201d ou encore \u201chyper-sensible\u201d, autant de mots qui permettent de regrouper de m\u00eames inconforts cutan\u00e9s sous un terme pourtant multifactoriel\u00b9.<br>En effet, la peau dite \"sensible\" est cliniquement d\u00e9finie par des sensorialit\u00e9s caract\u00e9ristiques telles que des <strong>tiraillements<\/strong>, <strong>picotements<\/strong>, <strong>rougeurs<\/strong>, des sensations de <strong>br\u00fblures<\/strong> ou encore des <strong>prurits<\/strong>\u00b2.<br>Tr\u00e8s fr\u00e9quent sur le visage, l\u2019\u00e9tat d'hypersensibilit\u00e9 de la peau est le plus souvent l\u2019objet d\u2019une <strong>r\u00e9activit\u00e9 excessive<\/strong> \u00e0 des stimuli pourtant inoffensifs pour la majorit\u00e9 des individus, comme la pollution, les UV, l\u2019alcool, le stress ou encore l\u2019utilisation de certains cosm\u00e9tiques.<br>Cette r\u00e9action, souvent incomprise, peut \u00eatre d\u2019une nature <strong>ponctuelle<\/strong> (changements hormonaux, exposition solaire, froid, soins inadapt\u00e9s) ou <strong>structurelle<\/strong>, lorsqu\u2019elle r\u00e9sulte d\u2019un d\u00e9s\u00e9quilibre durable qu\u2019il convient d\u2019\u00e9couter.<\/p>\n\n\n\n<h3 class=\"wp-block-heading\">Les causes de la peau sensible<\/h3>\n\n\n\n<p>Si le diagnostic se fait majoritairement par \u00e9coute des sensations ressenties par la personne qui en est affect\u00e9e, les facteurs biologiques impliqu\u00e9s dans l\u2019apparition de la peau sensible n\u2019en restent pas moins multiples.<\/p>\n\n\n\n<ul class=\"wp-block-list\">\n<li><strong>Une barri\u00e8re cutan\u00e9e<\/strong> <strong>fragilis\u00e9e<\/strong> : L\u2019\u00e9piderme est compos\u00e9 d\u2019une barri\u00e8re permettant de prot\u00e9ger son int\u00e9grit\u00e9. Cette barri\u00e8re \u00e9pidermique, compos\u00e9e de lipides, est souvent alt\u00e9r\u00e9e chez les personnes atteintes de sensibilit\u00e9 cutan\u00e9e en raison d\u2019une diminution de ces mol\u00e9cules\u00b3. La peau ne joue donc plus pleinement son r\u00f4le de protection et les irritants, tels que les allerg\u00e8nes, sont plus facilement absorb\u00e9s. L\u2019eau s\u2019\u00e9vapore \u00e9galement plus vite, pouvant encore davantage fragiliser l\u2019\u00e9quilibre global de l\u2019\u00e9piderme.<br><\/li>\n\n\n\n<li><strong>Des nerfs \u00e0 vif<\/strong> : En absence de protection ad\u00e9quate, les terminaisons nerveuses de la peau sont plus facilement expos\u00e9es\u2074. Elles per\u00e7oivent donc exag\u00e9r\u00e9ment les stimuli ext\u00e9rieurs tels que les variations de temp\u00e9ratures ou encore les frottements.<br><\/li>\n\n\n\n<li><strong>D\u00e9s\u00e9quilibre du microbiome cutan\u00e9<\/strong> : Une peau saine peut pr\u00e9senter jusqu\u2019\u00e0 un milliard de micro-organismes par m\u00e8tre-carr\u00e9 de peau.<br>\u00c0 l\u2019instar de notre flore intestinale, le <strong>microbiome<\/strong> cutan\u00e9 joue un r\u00f4le essentiel dans le maintien et la pr\u00e9servation d\u2019une peau en bonne sant\u00e9. Une rupture dans cet \u00e9quilibre peut alors, encore davantage exacerber les sympt\u00f4mes ressentis\u2075.<\/li>\n<\/ul>\n\n\n<div class=\"wp-block-image\">\n<figure class=\"aligncenter size-full\"><a href=\"https:\/\/www.matierebrutelab.com\/fr\/33-soins-visage\"><img loading=\"lazy\" decoding=\"async\" width=\"792\" height=\"492\" src=\"https:\/\/www.matierebrutelab.com\/blog\/wp-content\/uploads\/2025\/06\/lifestyle_pictogramme_visage.jpg\" alt=\"Zoom brut sur la peau d'une femme et le pictogramme visage\" class=\"wp-image-3162\" srcset=\"https:\/\/www.matierebrutelab.com\/blog\/wp-content\/uploads\/2025\/06\/lifestyle_pictogramme_visage.jpg 792w, https:\/\/www.matierebrutelab.com\/blog\/wp-content\/uploads\/2025\/06\/lifestyle_pictogramme_visage-300x186.jpg 300w, https:\/\/www.matierebrutelab.com\/blog\/wp-content\/uploads\/2025\/06\/lifestyle_pictogramme_visage-768x477.jpg 768w\" sizes=\"auto, (max-width: 792px) 100vw, 792px\" \/><\/a><\/figure>\n<\/div>\n\n\n<h2 class=\"wp-block-heading\">Les erreurs classiques \u00e0 \u00e9viter<\/h2>\n\n\n\n<p>Vous l\u2019aurez donc s\u00fbrement compris, la peau <strong>sensible<\/strong> est une peau <strong>d\u00e9s\u00e9quilibr\u00e9e<\/strong> et <strong>agress\u00e9e<\/strong>.<br>Si les causes de la peau <strong>r\u00e9active<\/strong> restent d\u00e9licates \u00e0 comprendre, elles peuvent \u00e9galement se montrer \u201cdifficiles\u201d \u00e0 <strong>apaiser<\/strong>.<br>Et oui ! C\u2019est tr\u00e8s souvent par bonne volont\u00e9 que l\u2019on sur-expose encore davantage sa peau \u00e0 ce qui la fragilise ! Alors comment bien faire ? Derri\u00e8re de nombreuses all\u00e9gations \u201ctrendy\u201d, il n\u2019est pas rare de voir, encore aujourd\u2019hui, de nombreux cosm\u00e9tiques dits \u201cnaturels\u201d susceptibles de vous desservir.<br>Pour vous aider, Mati\u00e8re Brute Lab vous pr\u00e9sente ses 6 r\u00e8gles d\u2019or pour chouchouter sa peau sensible sans risque !<\/p>\n\n\n\n<ol class=\"wp-block-list\">\n<li>\u00c9viter les <strong>conservateurs<\/strong> <strong>irritants<\/strong><\/li>\n\n\n\n<li>Limiter l\u2019exposition aux <strong>huiles essentielles<\/strong> (m\u00eame biologiques)<\/li>\n\n\n\n<li>Choisir des soins sans <strong>parfum<\/strong> ajout\u00e9, ni <strong>allerg\u00e8ne<\/strong>.<\/li>\n\n\n\n<li>Mod\u00e9rer les ingr\u00e9dients <strong>occlusifs<\/strong>&nbsp;<\/li>\n\n\n\n<li>Ne pas surexposer sa peau avec des <strong>routines trop charg\u00e9es<\/strong><\/li>\n<\/ol>\n\n\n\n<p>En r\u00e9ponse \u00e0 ces probl\u00e9matiques, Mati\u00e8re Brute Lab a <strong>con\u00e7u de vrais soins,&nbsp;sans superflu<\/strong>, pour restaurer progressivement l\u2019\u00e9quilibre de la peau sans la sur-solliciter.<\/p>\n\n\n\n<h2 class=\"wp-block-heading\">Le Rituel Douceur Mati\u00e8re Brute Lab : une r\u00e9ponse globale et cibl\u00e9e<\/h2>\n\n\n\n<p>Pens\u00e9 comme une routine compl\u00e8te, <strong>le <\/strong><a href=\"https:\/\/www.matierebrutelab.com\/fr\/peaux-sensibles\/529-rituel-douceur.html\"><strong>Rituel Douceur<\/strong><\/a> s\u2019adresse aux peaux sensibles, r\u00e9actives et\/ou sujettes aux rougeurs.<br>Compos\u00e9e de 4 soins, chaque formule agit en synergie pour <strong>r\u00e9\u00e9quilibrer l\u2019\u00e9piderme<\/strong>, <strong>apaiser durablement les inflammations<\/strong> et <strong>renforcer la fonction barri\u00e8re<\/strong>.<\/p>\n\n\n\n<h3 class=\"wp-block-heading\">Ce que contient le Rituel<\/h3>\n\n\n\n<p><\/p>\n\n\n<div class=\"wp-block-image\">\n<figure class=\"aligncenter size-full\"><a href=\"https:\/\/www.matierebrutelab.com\/fr\/brumes-visage\/84-brume-apaisante.html\"><img loading=\"lazy\" decoding=\"async\" width=\"792\" height=\"492\" src=\"https:\/\/www.matierebrutelab.com\/blog\/wp-content\/uploads\/2025\/06\/diptyque_brume_apaisante_avis.jpg\" alt=\"\" class=\"wp-image-3158\" srcset=\"https:\/\/www.matierebrutelab.com\/blog\/wp-content\/uploads\/2025\/06\/diptyque_brume_apaisante_avis.jpg 792w, https:\/\/www.matierebrutelab.com\/blog\/wp-content\/uploads\/2025\/06\/diptyque_brume_apaisante_avis-300x186.jpg 300w, https:\/\/www.matierebrutelab.com\/blog\/wp-content\/uploads\/2025\/06\/diptyque_brume_apaisante_avis-768x477.jpg 768w\" sizes=\"auto, (max-width: 792px) 100vw, 792px\" \/><\/a><\/figure>\n<\/div>\n\n\n<p>Un <a href=\"https:\/\/www.matierebrutelab.com\/fr\/demaquillants-nettoyants\/78-demaquillant-nettoyant-doux.html\"><strong>Nettoyant &amp; D\u00e9maquillant Doux<\/strong> <\/a>, pour prendre soin de sa peau \u00e0 chaque nettoyage.<br>Sa texture onctueuse \u00e0 souhait nettoie sans agresser, \u00e9limine les impuret\u00e9s, et nourrie la peau gr\u00e2ce \u00e0 sa concentration en huile de Carthame pour pr\u00e9server le film hydrolipidique de la peau.<\/p>\n\n\n\n<p><a href=\"https:\/\/www.matierebrutelab.com\/fr\/brumes-visage\/84-brume-apaisante.html\"><strong>Brume Apaisante<\/strong><\/a>, un concentr\u00e9 de fra\u00eecheur.<br>Compos\u00e9e de trois hydrolats biologiques, le brume apaisante offre \u00e0 votre peau ses vertus apaisantes et r\u00e9paratrices aux peaux les plus r\u00e9actives. Calmante gr\u00e2ce aux mol\u00e9cules pr\u00e9sentes dans la <strong>Lavande<\/strong>, <strong>l'H\u00e9lichryse<\/strong> <strong>Italienne<\/strong> et la <strong>Camomille<\/strong> <strong>Romaine<\/strong>, ce soin offre un vent de fra\u00eecheur imm\u00e9diate \u00e0 chaque spray.<\/p>\n\n\n\n<p><strong><a href=\"https:\/\/www.matierebrutelab.com\/fr\/cremes-visage\/14-creme-apaisante.html\">Cr\u00e8me Apaisante<\/a><\/strong>, un cocktail d\u2019ingr\u00e9dients r\u00e9parateurs.<br>Nourrissante et protectrice, la Cr\u00e8me Apaisante prot\u00e8ge et renforce la peau gr\u00e2ce \u00e0 des hydrolats associ\u00e9s et huiles v\u00e9g\u00e9tales biologiques.<br>Enrichie en <strong>Calendula<\/strong>, ce soin est L\u2019ALLI\u00c9 des peaux en recherche de r\u00e9confort.<\/p>\n\n\n\n<p><a href=\"https:\/\/www.matierebrutelab.com\/fr\/huiles-visage\/170-huile-equilibrante.html\"><strong>Huile \u00c9quilibrante<\/strong><\/a><strong>, <\/strong>un duo qui ne passe pas inaper\u00e7u !<strong><br><\/strong>Formul\u00e9e avec de l'Huile de Chanvre, l\u2019Huile \u00e9quilibrante est un r\u00e9gal pour les peaux d\u00e9s\u00e9quilibr\u00e9es et tiraill\u00e9es. Elle restaure le confort et la souplesse perdus de la peau.<\/p>\n\n\n<div class=\"wp-block-image\">\n<figure class=\"aligncenter size-full\"><a href=\"https:\/\/www.matierebrutelab.com\/fr\/huiles-visage\/170-huile-equilibrante.html\"><img loading=\"lazy\" decoding=\"async\" width=\"792\" height=\"492\" src=\"https:\/\/www.matierebrutelab.com\/blog\/wp-content\/uploads\/2025\/06\/diptyque_huile_equilibrante_chanvre.jpg\" alt=\"\" class=\"wp-image-3159\" srcset=\"https:\/\/www.matierebrutelab.com\/blog\/wp-content\/uploads\/2025\/06\/diptyque_huile_equilibrante_chanvre.jpg 792w, https:\/\/www.matierebrutelab.com\/blog\/wp-content\/uploads\/2025\/06\/diptyque_huile_equilibrante_chanvre-300x186.jpg 300w, https:\/\/www.matierebrutelab.com\/blog\/wp-content\/uploads\/2025\/06\/diptyque_huile_equilibrante_chanvre-768x477.jpg 768w\" sizes=\"auto, (max-width: 792px) 100vw, 792px\" \/><\/a><\/figure>\n<\/div>\n\n\n<div class=\"wp-block-buttons is-content-justification-center is-layout-flex wp-container-core-buttons-is-layout-16018d1d wp-block-buttons-is-layout-flex\">\n<div class=\"wp-block-button\"><a class=\"wp-block-button__link wp-element-button\" href=\"https:\/\/www.matierebrutelab.com\/fr\/16-apaiser\">JE D\u00c9COUVRE TOUTE LA GAMME APAISANTE<\/a><\/div>\n<\/div>\n\n\n\n<h3 class=\"wp-block-heading\">En option : une routine personnalisable avec nos Boosters<\/h3>\n\n\n\n<p><a href=\"https:\/\/www.matierebrutelab.com\/fr\/boosters\/319-booster-apaisant.html\"><strong>Booster Apaisant au Calendula Bio<\/strong><strong><br><\/strong><\/a>Riche en <strong>flavono\u00efdes<\/strong> et <strong>Faradiol<\/strong>. Le booster apaisant permet en quelques gouttes d\u2019apaiser et soutenir la <strong>r\u00e9g\u00e9n\u00e9ration<\/strong> naturelle de la peau tout en limitant les \u00e9chauffements.<\/p>\n\n\n\n<p><a href=\"https:\/\/www.matierebrutelab.com\/fr\/boosters\/535-booster-protecteur.html\"><strong>Booster Protecteur au Carthame Bio<\/strong><strong><br><\/strong><\/a>Id\u00e9al pour l\u2019hiver, le Booster Protecteur, calme les rougeurs li\u00e9es au froid, renforce la microcirculation gr\u00e2ce \u00e0 ses teneurs en <strong>Vitamine K<\/strong> et soutient la barri\u00e8re cutan\u00e9e gr\u00e2ce \u00e0 sa richesse en <strong>Om\u00e9ga 6<\/strong>.<\/p>\n\n\n\n<p><a href=\"https:\/\/www.matierebrutelab.com\/fr\/boosters\/514-booster-tonifiant.html\"><strong>Booster Tonifiant \u00e0 la P\u00e2querette Bio<\/strong><strong><br><\/strong><\/a><strong>Raffermit<\/strong>, nourrit et <strong>revitalise<\/strong> les zones fragilis\u00e9es. Convient aux peaux sensibles, matures ou en post-grossesse.<\/p>\n\n\n<div class=\"wp-block-image\">\n<figure class=\"aligncenter size-full\"><a href=\"https:\/\/www.matierebrutelab.com\/fr\/boosters\/319-booster-apaisant.html\"><img loading=\"lazy\" decoding=\"async\" width=\"792\" height=\"492\" src=\"https:\/\/www.matierebrutelab.com\/blog\/wp-content\/uploads\/2025\/06\/diptyque_booster_apaisant_texture.jpg\" alt=\"\" class=\"wp-image-3160\" srcset=\"https:\/\/www.matierebrutelab.com\/blog\/wp-content\/uploads\/2025\/06\/diptyque_booster_apaisant_texture.jpg 792w, https:\/\/www.matierebrutelab.com\/blog\/wp-content\/uploads\/2025\/06\/diptyque_booster_apaisant_texture-300x186.jpg 300w, https:\/\/www.matierebrutelab.com\/blog\/wp-content\/uploads\/2025\/06\/diptyque_booster_apaisant_texture-768x477.jpg 768w\" sizes=\"auto, (max-width: 792px) 100vw, 792px\" \/><\/a><\/figure>\n<\/div>\n\n\n<h3 class=\"wp-block-heading\">R\u00e9sultats : \u00e0 observer sur 6 semaines<\/h3>\n\n\n\n<p>Toutes les bonnes choses prennent du temps et en ce sens, la peau ne se r\u00e9pare pas en 3 jours !<br>Pour une transition <strong>efficace<\/strong>, nous recommandons une <strong>routine constante pendant un cycle complet de r\u00e9g\u00e9n\u00e9ration cellulaire (environ 6 semaines)<\/strong>. Pour ce faire, rien de plus simple :<\/p>\n\n\n\n<ol class=\"wp-block-list\">\n<li>Sur une peau propre, appliquez <strong>matin et soir<\/strong> la <strong>Brume Apaisante<\/strong>, puis la <strong>Cr\u00e8me Apaisante<\/strong> par massages circulaires durant 3 minutes.<\/li>\n\n\n\n<li>Le <strong>soir<\/strong>, ajoutez quelques gouttes de <strong>l\u2019Huile \u00c9quilibrante<\/strong> pour renforcer l\u2019effet protecteur.<\/li>\n\n\n\n<li>Selon la saison ou les besoins (rougeurs, stress, rel\u00e2chement), ajoutez quelques gouttes <strong>Booster cibl\u00e9<\/strong>.<\/li>\n<\/ol>\n\n\n\n<p>Enfin, limitez l\u2019introduction de nouveaux soins durant cette p\u00e9riode pour ne pas perturber l\u2019\u00e9quilibre en cours de r\u00e9tablissement. Privil\u00e9giez un maquillage l\u00e9ger, voire quelques jours sans maquillage si vous le pouvez.<\/p>\n\n\n\n<h2 class=\"wp-block-heading\">Mati\u00e8re Brute Lab : l\u2019exigence de la douceur<\/h2>\n\n\n\n<p><\/p>\n\n\n\n<ul class=\"wp-block-list\">\n<li><strong>100 %<\/strong> des <strong>ingr\u00e9dients v\u00e9g\u00e9taux actifs<\/strong><\/li>\n\n\n\n<li>Ingr\u00e9dients majoritairement issus de l\u2019<strong>agriculture biologique<\/strong> <strong>fran\u00e7aise<\/strong><\/li>\n\n\n\n<li>Sans conservateur ajout\u00e9<\/li>\n\n\n\n<li>Sans parfum, ni huile essentielle<\/li>\n\n\n\n<li>Sans tensioactif irritant<\/li>\n<\/ul>\n\n\n\n<h2 class=\"wp-block-heading\">En r\u00e9sum\u00e9<\/h2>\n\n\n\n<p>En bref ? <strong>Rougeurs, tiraillements, inconfort diffus\u2026?<br><\/strong>Si votre peau r\u00e9agit au moindre changement, elle est peut-\u00eatre simplement en d\u00e9s\u00e9quilibre. Chez Mati\u00e8re Brute Lab, la peau sensible n\u2019est pas un probl\u00e8me \u00e0 corriger, mais une r\u00e9alit\u00e9 \u00e0 respecter.<br>Pas de parfum, pas de conservateurs, pas d\u2019agents agressifs, uniquement des soins bio-actifs, minimalistes et profond\u00e9ment r\u00e9parateurs, pens\u00e9s pour r\u00e9\u00e9quilibrer et renforcer durablement la peau.&nbsp; C\u2019est en simplifiant les formules que l\u2019on r\u00e9tablit la justesse du soin !<\/p>\n\n\n\n<div class=\"wp-block-buttons is-content-justification-center is-layout-flex wp-container-core-buttons-is-layout-16018d1d wp-block-buttons-is-layout-flex\">\n<div class=\"wp-block-button\"><a class=\"wp-block-button__link wp-element-button\" href=\"https:\/\/www.matierebrutelab.com\/fr\/\">J'EXPLORE TOUS LES SOINS MATI\u00c8RE BRUTE LAB<\/a><\/div>\n<\/div>\n\n\n\n<h3 class=\"wp-block-heading\">Sources<\/h3>\n\n\n\n<p><\/p>\n\n\n\n<ol class=\"wp-block-list\">\n<li>Misery L. Peaux sensibles, peaux r\u00e9actives [Sensitive skin, reactive skin]. Ann Dermatol Venereol. 2019 Sep;146(8-9):585-591.<\/li>\n\n\n\n<li>Le Prurit est un signal subjectif qui aboutit \u00e0 une action : celle de se gratter. Les d\u00e9mangeaisons peuvent \u00eatre g\u00e9n\u00e9ralis\u00e9es et se manifester sur tout le corps ou localis\u00e9es \u00e0 une zone sp\u00e9cifique de la peau (Source : Ameli).<\/li>\n\n\n\n<li>Cua AB , Wilhelm KP , Maibach HI . Potentiel d'irritation cutan\u00e9e au laurylsulfate de sodium : \u00e2ge et variabilit\u00e9 r\u00e9gionale . <em>Br J Dermatol <\/em>1990 ; 123 : 607 \u2013 613.<\/li>\n\n\n\n<li>Urashima R , Mihara M . Nerfs cutan\u00e9s dans la dermatite atopique. Une \u00e9tude histologique, immunohistochimique et microscopique \u00e9lectronique . <em>Virchows Arch <\/em>1998 ; 432 : 363 \u2013 370 .<\/li>\n\n\n\n<li>Nakamizo S , Egawa G , Honda T , Nakajima S , Belkaid Y , Kabashima K. Bact\u00e9ries commensales et immunit\u00e9 cutan\u00e9e . <em>Semin Immunopathol <\/em>2015 ; 37 :&nbsp; 73 \u2013 80 .<\/li>\n<\/ol>\n\n\n\n<div class=\"wp-block-group\"><div class=\"wp-block-group__inner-container is-layout-constrained wp-block-group-is-layout-constrained\">\n<h3 class=\"wp-block-heading\">\u00c0 lire aussi sur notre blog<\/h3>\n\n\n\n<p><\/p>\n\n\n\n<ul class=\"wp-block-list\">\n<li><a href=\"https:\/\/www.matierebrutelab.com\/blog\/ride-du-lion\/\">Comprendre et att\u00e9nuer les rides du lion : approche scientifique et exercices pratiques<\/a><\/li>\n\n\n\n<li><a href=\"https:\/\/www.matierebrutelab.com\/blog\/cernes-causes-remedes\/\">Comment r\u00e9duire les poches sous les yeux ?<\/a><\/li>\n\n\n\n<li><a href=\"https:\/\/www.matierebrutelab.com\/blog\/le-guide-du-gommage-pour-le-corps\/\">Le guide du gommage pour le corps pour une peau r\u00e9g\u00e9n\u00e9r\u00e9e !<\/a><\/li>\n<\/ul>\n\n\n\n<p class=\"has-text-align-center\">Une communaut\u00e9 qui adore Mati\u00e8re Brute :<\/p>\n\n\n<div class=\"wp-block-image\">\n<figure class=\"aligncenter size-large is-resized\"><a href=\"https:\/\/fr.trustpilot.com\/review\/matierebrutelab.com?utm_campaign=free&amp;utm_medium=trustbox&amp;utm_source=TrustBoxBasic\"><img loading=\"lazy\" decoding=\"async\" width=\"1024\" height=\"160\" src=\"https:\/\/www.matierebrutelab.com\/blog\/wp-content\/uploads\/2024\/02\/Capture-decran-2024-02-06-a-12.01.55-1024x160.png\" alt=\"\" class=\"wp-image-1691\" style=\"width:333px;height:auto\" srcset=\"https:\/\/www.matierebrutelab.com\/blog\/wp-content\/uploads\/2024\/02\/Capture-decran-2024-02-06-a-12.01.55-1024x160.png 1024w, https:\/\/www.matierebrutelab.com\/blog\/wp-content\/uploads\/2024\/02\/Capture-decran-2024-02-06-a-12.01.55-300x47.png 300w, https:\/\/www.matierebrutelab.com\/blog\/wp-content\/uploads\/2024\/02\/Capture-decran-2024-02-06-a-12.01.55-768x120.png 768w, https:\/\/www.matierebrutelab.com\/blog\/wp-content\/uploads\/2024\/02\/Capture-decran-2024-02-06-a-12.01.55-1536x239.png 1536w, https:\/\/www.matierebrutelab.com\/blog\/wp-content\/uploads\/2024\/02\/Capture-decran-2024-02-06-a-12.01.55.png 1656w\" sizes=\"auto, (max-width: 1024px) 100vw, 1024px\" \/><\/a><\/figure>\n<\/div><\/div><\/div>\n\n\n\n<div class=\"wp-block-columns is-layout-flex wp-container-core-columns-is-layout-9d6595d7 wp-block-columns-is-layout-flex\">\n<div class=\"wp-block-column is-layout-flow wp-block-column-is-layout-flow\"><div class=\"wp-block-image\">\n<figure class=\"aligncenter size-full\"><a href=\"https:\/\/www.matierebrutelab.com\/fr\/huiles-visage\/170-huile-equilibrante.html\"><img loading=\"lazy\" decoding=\"async\" width=\"800\" height=\"800\" src=\"https:\/\/www.matierebrutelab.com\/blog\/wp-content\/uploads\/2025\/06\/huile_equilibrante.jpg\" alt=\"Photo de l'huile \u00e9quilibrante\" class=\"wp-image-3165\" srcset=\"https:\/\/www.matierebrutelab.com\/blog\/wp-content\/uploads\/2025\/06\/huile_equilibrante.jpg 800w, https:\/\/www.matierebrutelab.com\/blog\/wp-content\/uploads\/2025\/06\/huile_equilibrante-300x300.jpg 300w, https:\/\/www.matierebrutelab.com\/blog\/wp-content\/uploads\/2025\/06\/huile_equilibrante-150x150.jpg 150w, https:\/\/www.matierebrutelab.com\/blog\/wp-content\/uploads\/2025\/06\/huile_equilibrante-768x768.jpg 768w\" sizes=\"auto, (max-width: 800px) 100vw, 800px\" \/><\/a><figcaption class=\"wp-element-caption\"><a href=\"https:\/\/www.matierebrutelab.com\/fr\/huiles-visage\/170-huile-equilibrante.html\">Huile \u00c9quilibrante<\/a><\/figcaption><\/figure>\n<\/div><\/div>\n\n\n\n<div class=\"wp-block-column is-layout-flow wp-block-column-is-layout-flow\"><div class=\"wp-block-image\">\n<figure class=\"aligncenter size-full is-resized\"><a href=\"https:\/\/www.matierebrutelab.com\/fr\/demaquillants-nettoyants\/78-demaquillant-nettoyant-doux.html\"><img loading=\"lazy\" decoding=\"async\" width=\"800\" height=\"800\" src=\"https:\/\/www.matierebrutelab.com\/blog\/wp-content\/uploads\/2025\/03\/demaquillant.jpg\" alt=\"Photo du nettoyant d\u00e9maquillant doux\" class=\"wp-image-2635\" style=\"width:274px;height:auto\" srcset=\"https:\/\/www.matierebrutelab.com\/blog\/wp-content\/uploads\/2025\/03\/demaquillant.jpg 800w, https:\/\/www.matierebrutelab.com\/blog\/wp-content\/uploads\/2025\/03\/demaquillant-300x300.jpg 300w, https:\/\/www.matierebrutelab.com\/blog\/wp-content\/uploads\/2025\/03\/demaquillant-150x150.jpg 150w, https:\/\/www.matierebrutelab.com\/blog\/wp-content\/uploads\/2025\/03\/demaquillant-768x768.jpg 768w\" sizes=\"auto, (max-width: 800px) 100vw, 800px\" \/><\/a><figcaption class=\"wp-element-caption\"><a href=\"https:\/\/www.matierebrutelab.com\/fr\/demaquillants-nettoyants\/78-demaquillant-nettoyant-doux.html\">D\u00e9maquillant &amp; Nettoyant Doux<\/a><\/figcaption><\/figure>\n<\/div><\/div>\n\n\n\n<div class=\"wp-block-column is-layout-flow wp-block-column-is-layout-flow\"><div class=\"wp-block-image\">\n<figure class=\"aligncenter size-full\"><a href=\"https:\/\/www.matierebrutelab.com\/fr\/cremes-visage\/14-creme-apaisante.html\"><img loading=\"lazy\" decoding=\"async\" width=\"800\" height=\"800\" src=\"https:\/\/www.matierebrutelab.com\/blog\/wp-content\/uploads\/2025\/06\/creme_apaisante.jpg\" alt=\"Une photo de lacr\u00e8me apaisante\" class=\"wp-image-3166\" srcset=\"https:\/\/www.matierebrutelab.com\/blog\/wp-content\/uploads\/2025\/06\/creme_apaisante.jpg 800w, https:\/\/www.matierebrutelab.com\/blog\/wp-content\/uploads\/2025\/06\/creme_apaisante-300x300.jpg 300w, https:\/\/www.matierebrutelab.com\/blog\/wp-content\/uploads\/2025\/06\/creme_apaisante-150x150.jpg 150w, https:\/\/www.matierebrutelab.com\/blog\/wp-content\/uploads\/2025\/06\/creme_apaisante-768x768.jpg 768w\" sizes=\"auto, (max-width: 800px) 100vw, 800px\" \/><\/a><figcaption class=\"wp-element-caption\"><a href=\"https:\/\/www.matierebrutelab.com\/fr\/cremes-visage\/14-creme-apaisante.html\">Cr\u00e8me Apaisante<\/a><\/figcaption><\/figure>\n<\/div><\/div>\n<\/div>\n","protected":false},"excerpt":{"rendered":"<p>Rougeurs, tiraillements, inconfort diffus\u2026 La peau sensible est une r\u00e9alit\u00e9 quotidienne pour de nombreuses personnes, sans distinction d\u2019\u00e2ge ou de sexe. Plus r\u00e9active, plus fragile, elle n\u00e9cessite tr\u00e8s souvent des soins exigeants, fond\u00e9s sur la fine compr\u00e9hension de ses m\u00e9canismes et non sur la promesse d\u2019effets imm\u00e9diats.&nbsp; Chez Mati\u00e8re Brute Lab, nous avons choisi une approche radicalement douce : ingr\u00e9dients biologiques, formules saines, sans conservateur, sans parfum, ni huile essentielle, enrichies en compos\u00e9s bio-actifs s\u00e9lectionn\u00e9s pour la r\u00e9paration des peaux les plus agress\u00e9es.&nbsp; Pourquoi la peau devient-elle sensible ? Qu\u2019est-ce que la peau sensible ? Peau \u201csensible\u201d, \u201cr\u00e9active\u201d, \u201cirrit\u00e9e\u201d ou encore \u201chyper-sensible\u201d, autant de mots qui permettent de regrouper de m\u00eames inconforts cutan\u00e9s sous un terme pourtant multifactoriel\u00b9.En effet, la [&#8230;]<\/p>\n","protected":false},"author":7,"featured_media":3157,"comment_status":"closed","ping_status":"closed","sticky":false,"template":"","format":"standard","meta":{"_acf_changed":false,"footnotes":""},"categories":[27],"tags":[],"test":[],"class_list":["post-3155","post","type-post","status-publish","format-standard","has-post-thumbnail","hentry","category-soins-et-preoccupations"],"acf":[],"yoast_head":"<!-- This site is optimized with the Yoast SEO plugin v27.4 - https:\/\/yoast.com\/product\/yoast-seo-wordpress\/ -->\n<title>Peau sensible : causes, soins adapt\u00e9s et routine apaisante<\/title>\n<meta name=\"description\" content=\"Peau sensible ? D\u00e9couvrez comment reconna\u00eetre, apaiser et r\u00e9\u00e9quilibrer les peaux sensibles gr\u00e2ce \u00e0 des soins bio sans superflu.\" \/>\n<meta name=\"robots\" content=\"index, follow, max-snippet:-1, max-image-preview:large, max-video-preview:-1\" \/>\n<link rel=\"canonical\" href=\"https:\/\/www.matierebrutelab.com\/blog\/peau-sensible-soins-naturels\/\" \/>\n<meta property=\"og:locale\" content=\"fr_FR\" \/>\n<meta property=\"og:type\" content=\"article\" \/>\n<meta property=\"og:title\" content=\"Peau sensible : causes, soins adapt\u00e9s et routine apaisante\" \/>\n<meta property=\"og:description\" content=\"Peau sensible ? D\u00e9couvrez comment reconna\u00eetre, apaiser et r\u00e9\u00e9quilibrer les peaux sensibles gr\u00e2ce \u00e0 des soins bio sans superflu.\" \/>\n<meta property=\"og:url\" content=\"https:\/\/www.matierebrutelab.com\/blog\/peau-sensible-soins-naturels\/\" \/>\n<meta property=\"og:site_name\" content=\"Mati\u00e8re Brute Lab\" \/>\n<meta property=\"article:publisher\" content=\"https:\/\/www.facebook.com\/matierebrutelab\/\" \/>\n<meta property=\"article:published_time\" content=\"2025-06-03T15:10:25+00:00\" \/>\n<meta property=\"article:modified_time\" content=\"2025-11-10T10:20:15+00:00\" \/>\n<meta property=\"og:image\" content=\"https:\/\/www.matierebrutelab.com\/blog\/wp-content\/uploads\/2025\/06\/peaux_sensibles_article_bandeau.jpg\" \/>\n\t<meta property=\"og:image:width\" content=\"792\" \/>\n\t<meta property=\"og:image:height\" content=\"492\" \/>\n\t<meta property=\"og:image:type\" content=\"image\/jpeg\" \/>\n<meta name=\"author\" content=\"alecoute\" \/>\n<meta name=\"twitter:card\" content=\"summary_large_image\" \/>\n<meta name=\"twitter:creator\" content=\"@matierebrutelab\" \/>\n<meta name=\"twitter:site\" content=\"@matierebrutelab\" \/>\n<meta name=\"twitter:label1\" content=\"\u00c9crit par\" \/>\n\t<meta name=\"twitter:data1\" content=\"alecoute\" \/>\n\t<meta name=\"twitter:label2\" content=\"Dur\u00e9e de lecture estim\u00e9e\" \/>\n\t<meta name=\"twitter:data2\" content=\"9 minutes\" \/>\n<script type=\"application\/ld+json\" class=\"yoast-schema-graph\">{\"@context\":\"https:\\\/\\\/schema.org\",\"@graph\":[{\"@type\":\"Article\",\"@id\":\"https:\\\/\\\/www.matierebrutelab.com\\\/blog\\\/peau-sensible-soins-naturels\\\/#article\",\"isPartOf\":{\"@id\":\"https:\\\/\\\/www.matierebrutelab.com\\\/blog\\\/peau-sensible-soins-naturels\\\/\"},\"author\":{\"name\":\"alecoute\",\"@id\":\"https:\\\/\\\/www.matierebrutelab.com\\\/blog\\\/#\\\/schema\\\/person\\\/1b4ce5d3839cd8114e4517c34abc6431\"},\"headline\":\"Peaux sensibles : comprendre, apaiser et r\u00e9\u00e9quilibrer\",\"datePublished\":\"2025-06-03T15:10:25+00:00\",\"dateModified\":\"2025-11-10T10:20:15+00:00\",\"mainEntityOfPage\":{\"@id\":\"https:\\\/\\\/www.matierebrutelab.com\\\/blog\\\/peau-sensible-soins-naturels\\\/\"},\"wordCount\":1540,\"publisher\":{\"@id\":\"https:\\\/\\\/www.matierebrutelab.com\\\/blog\\\/#organization\"},\"image\":{\"@id\":\"https:\\\/\\\/www.matierebrutelab.com\\\/blog\\\/peau-sensible-soins-naturels\\\/#primaryimage\"},\"thumbnailUrl\":\"https:\\\/\\\/www.matierebrutelab.com\\\/blog\\\/wp-content\\\/uploads\\\/2025\\\/06\\\/peaux_sensibles_article_bandeau.jpg\",\"articleSection\":[\"Soins et pr\u00e9occupations de peau\"],\"inLanguage\":\"fr-FR\"},{\"@type\":\"WebPage\",\"@id\":\"https:\\\/\\\/www.matierebrutelab.com\\\/blog\\\/peau-sensible-soins-naturels\\\/\",\"url\":\"https:\\\/\\\/www.matierebrutelab.com\\\/blog\\\/peau-sensible-soins-naturels\\\/\",\"name\":\"Peau sensible : causes, soins adapt\u00e9s et routine apaisante\",\"isPartOf\":{\"@id\":\"https:\\\/\\\/www.matierebrutelab.com\\\/blog\\\/#website\"},\"primaryImageOfPage\":{\"@id\":\"https:\\\/\\\/www.matierebrutelab.com\\\/blog\\\/peau-sensible-soins-naturels\\\/#primaryimage\"},\"image\":{\"@id\":\"https:\\\/\\\/www.matierebrutelab.com\\\/blog\\\/peau-sensible-soins-naturels\\\/#primaryimage\"},\"thumbnailUrl\":\"https:\\\/\\\/www.matierebrutelab.com\\\/blog\\\/wp-content\\\/uploads\\\/2025\\\/06\\\/peaux_sensibles_article_bandeau.jpg\",\"datePublished\":\"2025-06-03T15:10:25+00:00\",\"dateModified\":\"2025-11-10T10:20:15+00:00\",\"description\":\"Peau sensible ? D\u00e9couvrez comment reconna\u00eetre, apaiser et r\u00e9\u00e9quilibrer les peaux sensibles gr\u00e2ce \u00e0 des soins bio sans superflu.\",\"breadcrumb\":{\"@id\":\"https:\\\/\\\/www.matierebrutelab.com\\\/blog\\\/peau-sensible-soins-naturels\\\/#breadcrumb\"},\"inLanguage\":\"fr-FR\",\"potentialAction\":[{\"@type\":\"ReadAction\",\"target\":[\"https:\\\/\\\/www.matierebrutelab.com\\\/blog\\\/peau-sensible-soins-naturels\\\/\"]}]},{\"@type\":\"ImageObject\",\"inLanguage\":\"fr-FR\",\"@id\":\"https:\\\/\\\/www.matierebrutelab.com\\\/blog\\\/peau-sensible-soins-naturels\\\/#primaryimage\",\"url\":\"https:\\\/\\\/www.matierebrutelab.com\\\/blog\\\/wp-content\\\/uploads\\\/2025\\\/06\\\/peaux_sensibles_article_bandeau.jpg\",\"contentUrl\":\"https:\\\/\\\/www.matierebrutelab.com\\\/blog\\\/wp-content\\\/uploads\\\/2025\\\/06\\\/peaux_sensibles_article_bandeau.jpg\",\"width\":792,\"height\":492,\"caption\":\"Un diptyque d'un cou d'une femme et une fleur de calendula\"},{\"@type\":\"BreadcrumbList\",\"@id\":\"https:\\\/\\\/www.matierebrutelab.com\\\/blog\\\/peau-sensible-soins-naturels\\\/#breadcrumb\",\"itemListElement\":[{\"@type\":\"ListItem\",\"position\":1,\"name\":\"Accueil\",\"item\":\"https:\\\/\\\/www.matierebrutelab.com\\\/blog\\\/\"},{\"@type\":\"ListItem\",\"position\":2,\"name\":\"Peaux sensibles : comprendre, apaiser et r\u00e9\u00e9quilibrer\"}]},{\"@type\":\"WebSite\",\"@id\":\"https:\\\/\\\/www.matierebrutelab.com\\\/blog\\\/#website\",\"url\":\"https:\\\/\\\/www.matierebrutelab.com\\\/blog\\\/\",\"name\":\"Mati\u00e8re Brute Lab\",\"description\":\"\",\"publisher\":{\"@id\":\"https:\\\/\\\/www.matierebrutelab.com\\\/blog\\\/#organization\"},\"potentialAction\":[{\"@type\":\"SearchAction\",\"target\":{\"@type\":\"EntryPoint\",\"urlTemplate\":\"https:\\\/\\\/www.matierebrutelab.com\\\/blog\\\/?s={search_term_string}\"},\"query-input\":{\"@type\":\"PropertyValueSpecification\",\"valueRequired\":true,\"valueName\":\"search_term_string\"}}],\"inLanguage\":\"fr-FR\"},{\"@type\":\"Organization\",\"@id\":\"https:\\\/\\\/www.matierebrutelab.com\\\/blog\\\/#organization\",\"name\":\"Mati\u00e8re Brute Lab\",\"url\":\"https:\\\/\\\/www.matierebrutelab.com\\\/blog\\\/\",\"logo\":{\"@type\":\"ImageObject\",\"inLanguage\":\"fr-FR\",\"@id\":\"https:\\\/\\\/www.matierebrutelab.com\\\/blog\\\/#\\\/schema\\\/logo\\\/image\\\/\",\"url\":\"https:\\\/\\\/www.matierebrutelab.com\\\/blog\\\/wp-content\\\/uploads\\\/2022\\\/08\\\/matiere-brut-lab-logo-1622535226.png\",\"contentUrl\":\"https:\\\/\\\/www.matierebrutelab.com\\\/blog\\\/wp-content\\\/uploads\\\/2022\\\/08\\\/matiere-brut-lab-logo-1622535226.png\",\"width\":500,\"height\":260,\"caption\":\"Mati\u00e8re Brute Lab\"},\"image\":{\"@id\":\"https:\\\/\\\/www.matierebrutelab.com\\\/blog\\\/#\\\/schema\\\/logo\\\/image\\\/\"},\"sameAs\":[\"https:\\\/\\\/www.facebook.com\\\/matierebrutelab\\\/\",\"https:\\\/\\\/x.com\\\/matierebrutelab\",\"https:\\\/\\\/www.instagram.com\\\/matiere_brute_lab\\\/\"]},{\"@type\":\"Person\",\"@id\":\"https:\\\/\\\/www.matierebrutelab.com\\\/blog\\\/#\\\/schema\\\/person\\\/1b4ce5d3839cd8114e4517c34abc6431\",\"name\":\"alecoute\",\"image\":{\"@type\":\"ImageObject\",\"inLanguage\":\"fr-FR\",\"@id\":\"https:\\\/\\\/secure.gravatar.com\\\/avatar\\\/2a84e6f847e59e8825b99078df4a8708d0fa8731cadcdb2fd5197c09165280dc?s=96&d=mm&r=g\",\"url\":\"https:\\\/\\\/secure.gravatar.com\\\/avatar\\\/2a84e6f847e59e8825b99078df4a8708d0fa8731cadcdb2fd5197c09165280dc?s=96&d=mm&r=g\",\"contentUrl\":\"https:\\\/\\\/secure.gravatar.com\\\/avatar\\\/2a84e6f847e59e8825b99078df4a8708d0fa8731cadcdb2fd5197c09165280dc?s=96&d=mm&r=g\",\"caption\":\"alecoute\"}}]}<\/script>\n<!-- \/ Yoast SEO plugin. -->","yoast_head_json":{"title":"Peau sensible : causes, soins adapt\u00e9s et routine apaisante","description":"Peau sensible ? D\u00e9couvrez comment reconna\u00eetre, apaiser et r\u00e9\u00e9quilibrer les peaux sensibles gr\u00e2ce \u00e0 des soins bio sans superflu.","robots":{"index":"index","follow":"follow","max-snippet":"max-snippet:-1","max-image-preview":"max-image-preview:large","max-video-preview":"max-video-preview:-1"},"canonical":"https:\/\/www.matierebrutelab.com\/blog\/peau-sensible-soins-naturels\/","og_locale":"fr_FR","og_type":"article","og_title":"Peau sensible : causes, soins adapt\u00e9s et routine apaisante","og_description":"Peau sensible ? D\u00e9couvrez comment reconna\u00eetre, apaiser et r\u00e9\u00e9quilibrer les peaux sensibles gr\u00e2ce \u00e0 des soins bio sans superflu.","og_url":"https:\/\/www.matierebrutelab.com\/blog\/peau-sensible-soins-naturels\/","og_site_name":"Mati\u00e8re Brute Lab","article_publisher":"https:\/\/www.facebook.com\/matierebrutelab\/","article_published_time":"2025-06-03T15:10:25+00:00","article_modified_time":"2025-11-10T10:20:15+00:00","og_image":[{"width":792,"height":492,"url":"https:\/\/www.matierebrutelab.com\/blog\/wp-content\/uploads\/2025\/06\/peaux_sensibles_article_bandeau.jpg","type":"image\/jpeg"}],"author":"alecoute","twitter_card":"summary_large_image","twitter_creator":"@matierebrutelab","twitter_site":"@matierebrutelab","twitter_misc":{"\u00c9crit par":"alecoute","Dur\u00e9e de lecture estim\u00e9e":"9 minutes"},"schema":{"@context":"https:\/\/schema.org","@graph":[{"@type":"Article","@id":"https:\/\/www.matierebrutelab.com\/blog\/peau-sensible-soins-naturels\/#article","isPartOf":{"@id":"https:\/\/www.matierebrutelab.com\/blog\/peau-sensible-soins-naturels\/"},"author":{"name":"alecoute","@id":"https:\/\/www.matierebrutelab.com\/blog\/#\/schema\/person\/1b4ce5d3839cd8114e4517c34abc6431"},"headline":"Peaux sensibles : comprendre, apaiser et r\u00e9\u00e9quilibrer","datePublished":"2025-06-03T15:10:25+00:00","dateModified":"2025-11-10T10:20:15+00:00","mainEntityOfPage":{"@id":"https:\/\/www.matierebrutelab.com\/blog\/peau-sensible-soins-naturels\/"},"wordCount":1540,"publisher":{"@id":"https:\/\/www.matierebrutelab.com\/blog\/#organization"},"image":{"@id":"https:\/\/www.matierebrutelab.com\/blog\/peau-sensible-soins-naturels\/#primaryimage"},"thumbnailUrl":"https:\/\/www.matierebrutelab.com\/blog\/wp-content\/uploads\/2025\/06\/peaux_sensibles_article_bandeau.jpg","articleSection":["Soins et pr\u00e9occupations de peau"],"inLanguage":"fr-FR"},{"@type":"WebPage","@id":"https:\/\/www.matierebrutelab.com\/blog\/peau-sensible-soins-naturels\/","url":"https:\/\/www.matierebrutelab.com\/blog\/peau-sensible-soins-naturels\/","name":"Peau sensible : causes, soins adapt\u00e9s et routine apaisante","isPartOf":{"@id":"https:\/\/www.matierebrutelab.com\/blog\/#website"},"primaryImageOfPage":{"@id":"https:\/\/www.matierebrutelab.com\/blog\/peau-sensible-soins-naturels\/#primaryimage"},"image":{"@id":"https:\/\/www.matierebrutelab.com\/blog\/peau-sensible-soins-naturels\/#primaryimage"},"thumbnailUrl":"https:\/\/www.matierebrutelab.com\/blog\/wp-content\/uploads\/2025\/06\/peaux_sensibles_article_bandeau.jpg","datePublished":"2025-06-03T15:10:25+00:00","dateModified":"2025-11-10T10:20:15+00:00","description":"Peau sensible ? D\u00e9couvrez comment reconna\u00eetre, apaiser et r\u00e9\u00e9quilibrer les peaux sensibles gr\u00e2ce \u00e0 des soins bio sans superflu.","breadcrumb":{"@id":"https:\/\/www.matierebrutelab.com\/blog\/peau-sensible-soins-naturels\/#breadcrumb"},"inLanguage":"fr-FR","potentialAction":[{"@type":"ReadAction","target":["https:\/\/www.matierebrutelab.com\/blog\/peau-sensible-soins-naturels\/"]}]},{"@type":"ImageObject","inLanguage":"fr-FR","@id":"https:\/\/www.matierebrutelab.com\/blog\/peau-sensible-soins-naturels\/#primaryimage","url":"https:\/\/www.matierebrutelab.com\/blog\/wp-content\/uploads\/2025\/06\/peaux_sensibles_article_bandeau.jpg","contentUrl":"https:\/\/www.matierebrutelab.com\/blog\/wp-content\/uploads\/2025\/06\/peaux_sensibles_article_bandeau.jpg","width":792,"height":492,"caption":"Un diptyque d'un cou d'une femme et une fleur de calendula"},{"@type":"BreadcrumbList","@id":"https:\/\/www.matierebrutelab.com\/blog\/peau-sensible-soins-naturels\/#breadcrumb","itemListElement":[{"@type":"ListItem","position":1,"name":"Accueil","item":"https:\/\/www.matierebrutelab.com\/blog\/"},{"@type":"ListItem","position":2,"name":"Peaux sensibles : comprendre, apaiser et r\u00e9\u00e9quilibrer"}]},{"@type":"WebSite","@id":"https:\/\/www.matierebrutelab.com\/blog\/#website","url":"https:\/\/www.matierebrutelab.com\/blog\/","name":"Mati\u00e8re Brute Lab","description":"","publisher":{"@id":"https:\/\/www.matierebrutelab.com\/blog\/#organization"},"potentialAction":[{"@type":"SearchAction","target":{"@type":"EntryPoint","urlTemplate":"https:\/\/www.matierebrutelab.com\/blog\/?s={search_term_string}"},"query-input":{"@type":"PropertyValueSpecification","valueRequired":true,"valueName":"search_term_string"}}],"inLanguage":"fr-FR"},{"@type":"Organization","@id":"https:\/\/www.matierebrutelab.com\/blog\/#organization","name":"Mati\u00e8re Brute Lab","url":"https:\/\/www.matierebrutelab.com\/blog\/","logo":{"@type":"ImageObject","inLanguage":"fr-FR","@id":"https:\/\/www.matierebrutelab.com\/blog\/#\/schema\/logo\/image\/","url":"https:\/\/www.matierebrutelab.com\/blog\/wp-content\/uploads\/2022\/08\/matiere-brut-lab-logo-1622535226.png","contentUrl":"https:\/\/www.matierebrutelab.com\/blog\/wp-content\/uploads\/2022\/08\/matiere-brut-lab-logo-1622535226.png","width":500,"height":260,"caption":"Mati\u00e8re Brute Lab"},"image":{"@id":"https:\/\/www.matierebrutelab.com\/blog\/#\/schema\/logo\/image\/"},"sameAs":["https:\/\/www.facebook.com\/matierebrutelab\/","https:\/\/x.com\/matierebrutelab","https:\/\/www.instagram.com\/matiere_brute_lab\/"]},{"@type":"Person","@id":"https:\/\/www.matierebrutelab.com\/blog\/#\/schema\/person\/1b4ce5d3839cd8114e4517c34abc6431","name":"alecoute","image":{"@type":"ImageObject","inLanguage":"fr-FR","@id":"https:\/\/secure.gravatar.com\/avatar\/2a84e6f847e59e8825b99078df4a8708d0fa8731cadcdb2fd5197c09165280dc?s=96&d=mm&r=g","url":"https:\/\/secure.gravatar.com\/avatar\/2a84e6f847e59e8825b99078df4a8708d0fa8731cadcdb2fd5197c09165280dc?s=96&d=mm&r=g","contentUrl":"https:\/\/secure.gravatar.com\/avatar\/2a84e6f847e59e8825b99078df4a8708d0fa8731cadcdb2fd5197c09165280dc?s=96&d=mm&r=g","caption":"alecoute"}}]}},"_links":{"self":[{"href":"https:\/\/www.matierebrutelab.com\/blog\/wp-json\/wp\/v2\/posts\/3155","targetHints":{"allow":["GET"]}}],"collection":[{"href":"https:\/\/www.matierebrutelab.com\/blog\/wp-json\/wp\/v2\/posts"}],"about":[{"href":"https:\/\/www.matierebrutelab.com\/blog\/wp-json\/wp\/v2\/types\/post"}],"author":[{"embeddable":true,"href":"https:\/\/www.matierebrutelab.com\/blog\/wp-json\/wp\/v2\/users\/7"}],"replies":[{"embeddable":true,"href":"https:\/\/www.matierebrutelab.com\/blog\/wp-json\/wp\/v2\/comments?post=3155"}],"version-history":[{"count":10,"href":"https:\/\/www.matierebrutelab.com\/blog\/wp-json\/wp\/v2\/posts\/3155\/revisions"}],"predecessor-version":[{"id":3937,"href":"https:\/\/www.matierebrutelab.com\/blog\/wp-json\/wp\/v2\/posts\/3155\/revisions\/3937"}],"wp:featuredmedia":[{"embeddable":true,"href":"https:\/\/www.matierebrutelab.com\/blog\/wp-json\/wp\/v2\/media\/3157"}],"wp:attachment":[{"href":"https:\/\/www.matierebrutelab.com\/blog\/wp-json\/wp\/v2\/media?parent=3155"}],"wp:term":[{"taxonomy":"category","embeddable":true,"href":"https:\/\/www.matierebrutelab.com\/blog\/wp-json\/wp\/v2\/categories?post=3155"},{"taxonomy":"post_tag","embeddable":true,"href":"https:\/\/www.matierebrutelab.com\/blog\/wp-json\/wp\/v2\/tags?post=3155"},{"taxonomy":"test","embeddable":true,"href":"https:\/\/www.matierebrutelab.com\/blog\/wp-json\/wp\/v2\/test?post=3155"}],"curies":[{"name":"wp","href":"https:\/\/api.w.org\/{rel}","templated":true}]}}