{"id":2321,"date":"2025-09-03T14:06:27","date_gmt":"2025-09-03T12:06:27","guid":{"rendered":"https:\/\/www.matierebrutelab.com\/blog\/?p=2321"},"modified":"2025-11-10T10:45:44","modified_gmt":"2025-11-10T09:45:44","slug":"la-carotte-en-cosmetique-comment-lutiliser","status":"publish","type":"post","link":"https:\/\/www.matierebrutelab.com\/blog\/la-carotte-en-cosmetique-comment-lutiliser\/","title":{"rendered":"La carotte en cosm\u00e9tique : Pourquoi et comment l\u2019utiliser ?"},"content":{"rendered":"\n<p>Et si nous vous disions que votre l\u00e9gume orange pr\u00e9f\u00e9r\u00e9 \u00e9tait en r\u00e9alit\u00e9 une racine ?<br>Oui, oui, vous avez bien lu !<br>Originaire d'Asie et d'Europe, la <strong>carotte <\/strong>(<em>Daucus carota<\/em>) est une plante appartenant \u00e0 la famille des <em>Apiac\u00e9es.<\/em><br>Particuli\u00e8rement appr\u00e9ci\u00e9e pour sa forte teneur en <strong>b\u00eata-carot\u00e8ne<\/strong>, un pr\u00e9curseur de <strong>la vitamine A<\/strong>, elle est connue et consomm\u00e9e pour sa diversit\u00e9 en bio-actifs, comme les <strong>carot\u00e9no\u00efdes<\/strong> (alpha-carot\u00e8ne, lut\u00e9ine), les flavono\u00efdes et les min\u00e9raux tels que le potassium et le calcium.&nbsp;Joli teint et belle carotte vont souvent de pair en alimentaire, mais qu\u2019en est-il aujourd\u2019hui pour la cosm\u00e9tique ?<br>Dans cet article, Mati\u00e8re Brute Lab expose les bienfaits de la carotte pour votre peau.<\/p>\n\n\n<div class=\"wp-block-image\">\n<figure class=\"aligncenter size-full\"><a href=\"https:\/\/www.matierebrutelab.com\/fr\/boosters\/318-booster-d-eclat.html\"><img loading=\"lazy\" decoding=\"async\" width=\"792\" height=\"492\" src=\"https:\/\/www.matierebrutelab.com\/blog\/wp-content\/uploads\/2024\/10\/carotte_pictogramme_glow.jpg\" alt=\"Photo de carottes et du pictogramme glow\" class=\"wp-image-3021\" srcset=\"https:\/\/www.matierebrutelab.com\/blog\/wp-content\/uploads\/2024\/10\/carotte_pictogramme_glow.jpg 792w, https:\/\/www.matierebrutelab.com\/blog\/wp-content\/uploads\/2024\/10\/carotte_pictogramme_glow-300x186.jpg 300w, https:\/\/www.matierebrutelab.com\/blog\/wp-content\/uploads\/2024\/10\/carotte_pictogramme_glow-768x477.jpg 768w\" sizes=\"auto, (max-width: 792px) 100vw, 792px\" \/><\/a><\/figure>\n<\/div>\n\n\n<h2 class=\"wp-block-heading\">La racine de Carotte et ses propri\u00e9t\u00e9s cach\u00e9es !<\/h2>\n\n\n\n<h3 class=\"wp-block-heading\">Ses nutriments et son pouvoir antioxydant<\/h3>\n\n\n\n<p>Responsable de sa r\u00e9putation d\u2019aliment \u201cbonne mine\u201d, le<strong> b\u00eata-carot\u00e8ne<\/strong> est un pigment aux fortes propri\u00e9t\u00e9s <strong>antioxydantes.<br><\/strong>Favorisant la <strong>d\u00e9toxification <\/strong>du corps par la neutralisation des radicaux libres, cette mol\u00e9cule est un alli\u00e9 de choix dans la <strong>protection <\/strong>de la peau des dommages oxydatifs et du <strong>stress <\/strong>environnemental. La carotte se compose \u00e9galement de deux autres <strong>carot\u00e9no\u00efdes <\/strong>majoritaires nomm\u00e9s <strong>alpha-carot\u00e8ne<\/strong><sup data-fn=\"00ff848e-1495-4dcc-8157-fe2822bdaa34\" class=\"fn\"><a id=\"00ff848e-1495-4dcc-8157-fe2822bdaa34-link\" href=\"#00ff848e-1495-4dcc-8157-fe2822bdaa34\">1<\/a><\/sup> et la <strong>lut\u00e9ine, <\/strong>des compos\u00e9s liposolubles (qui aiment l\u2019huile), retrouv\u00e9s dans divers fruits et l\u00e9gumes, et particuli\u00e8rement recommand\u00e9s pour leurs bienfaits contre le stress oxydatif.<\/p>\n\n\n\n<h3 class=\"wp-block-heading\">Ses propri\u00e9t\u00e9s hydratantes&nbsp;<\/h3>\n\n\n\n<p>La carotte contient par ailleurs des mol\u00e9cules hydrophiles (qui aiment l\u2019eau) nomm\u00e9s <strong>polysaccharides<\/strong>.<br>Pr\u00e9sents dans la carotte, ces longues mol\u00e9cules, telles que les <strong>arabinogalactanes<\/strong>, favorisent l'hydratation de la peau gr\u00e2ce \u00e0 leur capacit\u00e9 de <strong>r\u00e9tention d\u2019eau<\/strong> et de film-former<\/p>\n\n\n\n<p>Elles permettent de limiter les <a href=\"https:\/\/www.matierebrutelab.com\/blog\/peau-deshydratee\/\"><strong>d\u00e9perditions hydriques<\/strong><\/a> et soutiennent le maintien de l\u2019int\u00e9grit\u00e9 de la barri\u00e8re cutan\u00e9e<sup data-fn=\"fa2bbea7-82ed-4f72-aadb-f997ebefa62b\" class=\"fn\"><a id=\"fa2bbea7-82ed-4f72-aadb-f997ebefa62b-link\" href=\"#fa2bbea7-82ed-4f72-aadb-f997ebefa62b\">2<\/a><\/sup>. L'application topique de ces polysaccharides est connue depuis des ann\u00e9es en cosm\u00e9tique pour am\u00e9liorer l'\u00e9lasticit\u00e9 de la peau.<br>Une \u00e9tude publi\u00e9e dans le <strong><em>Journal of Cosmetic Science<\/em><\/strong> a d\u00e9montr\u00e9 que les extraits de racine de carotte augmentent significativement l'hydratation cutan\u00e9e apr\u00e8s une application prolong\u00e9e<sup data-fn=\"99fecb60-847b-4e1d-9437-b35f8eacd315\" class=\"fn\"><a id=\"99fecb60-847b-4e1d-9437-b35f8eacd315-link\" href=\"#99fecb60-847b-4e1d-9437-b35f8eacd315\">3<\/a><\/sup>.<\/p>\n\n\n\n<h2 class=\"wp-block-heading\">Le mac\u00e9r\u00e2t de carotte en cosm\u00e9tique<\/h2>\n\n\n\n<p><strong>Le mac\u00e9rat de <\/strong><a href=\"https:\/\/www.matierebrutelab.com\/fr\/boosters\/318-booster-d-eclat.html\"><strong>carotte<\/strong><\/a>, obtenu par mac\u00e9ration des racines de carotte dans une huile v\u00e9g\u00e9tale (Tournesol par exemple !), est reconnu pour ses propri\u00e9t\u00e9s r\u00e9g\u00e9n\u00e9rantes pour la peau.<br>Ce processus ancestral, effectu\u00e9 \u00e0 froid, permet de concentrer les propri\u00e9t\u00e9s b\u00e9n\u00e9fiques de la plante tout en les associant aux bienfaits naturels de l\u2019huile s\u00e9lectionn\u00e9e. Pour cela, les <strong>actifs <\/strong>liposolubles de la racine sont diffus\u00e9s lentement dans <strong>l\u2019huile de tournesol<\/strong> pour une dur\u00e9e de plusieurs semaines jusqu\u2019\u00e0 saturation.<\/p>\n\n\n\n<h3 class=\"wp-block-heading\">Action r\u00e9g\u00e9n\u00e9ratrice du mac\u00e9r\u00e2t de carotte<\/h3>\n\n\n\n<p>Riche en <strong>b\u00eata-carot\u00e8ne<\/strong> (provitamine A), se mac\u00e9r\u00e2t favorise la r\u00e9g\u00e9n\u00e9ration cellulaire et la r\u00e9paration des tissus cutan\u00e9s endommag\u00e9s. Il est \u00e9galement concentr\u00e9 en mol\u00e9cules connues pour leurs propri\u00e9t\u00e9s <strong>anti-inflammatoires<\/strong> comme l'<strong>acide linol\u00e9ique<\/strong> et l<strong>'acide alpha-linol\u00e9nique<\/strong>. Ces deux acides gras essentiels permettent d'apaiser les irritations cutan\u00e9es et promeuvent la r\u00e9g\u00e9n\u00e9ration cellulaire.<br>Les flavono\u00efdes quant \u00e0 eux, comme la <strong>querc\u00e9tine<\/strong>, jouent aussi un r\u00f4le dans la r\u00e9duction de l'inflammation et des t\u00e2ches.<\/p>\n\n\n\n<h3 class=\"wp-block-heading\">Action bonne mine et teint fatigu\u00e9<\/h3>\n\n\n\n<p>Au-del\u00e0 de ses propri\u00e9t\u00e9s r\u00e9g\u00e9n\u00e9ratrices,&nbsp;ce <strong>mac\u00e9rat <\/strong>est \u00e9galement un alli\u00e9 tout d\u00e9sign\u00e9 pour lutter contre le <a href=\"https:\/\/www.matierebrutelab.com\/fr\/50-teint-terne\">teint terne<\/a>. Gr\u00e2ce \u00e0 ses concentrations en carot\u00e9no\u00efdes, il agit comme un \u00e9lixir d\u2019\u00e9clat permettant de nourrir les peaux les plus <strong>fatigu\u00e9es<\/strong>.<br>En effet, le <strong>\u03b2-carot\u00e8ne<\/strong> responsable de la couleur orang\u00e9e de la carotte, est impliqu\u00e9 dans la production de pigments qui colorent la peau<sup data-fn=\"02df3fa8-de95-4870-8e20-f4c7e4d1af04\" class=\"fn\"><a href=\"#02df3fa8-de95-4870-8e20-f4c7e4d1af04\" id=\"02df3fa8-de95-4870-8e20-f4c7e4d1af04-link\">4<\/a><\/sup>. Une \u00e9tude men\u00e9e par <em>Young et al.<\/em> a montr\u00e9 que l'ajout de \u03b2-carot\u00e8ne dans l'alimentation avait un effet b\u00e9n\u00e9fique sur l'\u00e9clat de la peau, donnant un teint plus lumineux et dor\u00e9.<\/p>\n\n\n<div class=\"wp-block-image\">\n<figure class=\"aligncenter size-full\"><a href=\"https:\/\/www.matierebrutelab.com\/fr\/huiles-visage\/80-huile-revitalisante.html\"><img loading=\"lazy\" decoding=\"async\" width=\"792\" height=\"492\" src=\"https:\/\/www.matierebrutelab.com\/blog\/wp-content\/uploads\/2024\/10\/diptyque_huile_revitalisante_avis.jpg\" alt=\"Diptyque de l'huile revitalisante et un avis\" class=\"wp-image-3657\" srcset=\"https:\/\/www.matierebrutelab.com\/blog\/wp-content\/uploads\/2024\/10\/diptyque_huile_revitalisante_avis.jpg 792w, https:\/\/www.matierebrutelab.com\/blog\/wp-content\/uploads\/2024\/10\/diptyque_huile_revitalisante_avis-300x186.jpg 300w, https:\/\/www.matierebrutelab.com\/blog\/wp-content\/uploads\/2024\/10\/diptyque_huile_revitalisante_avis-768x477.jpg 768w\" sizes=\"auto, (max-width: 792px) 100vw, 792px\" \/><\/a><\/figure>\n<\/div>\n\n\n<div class=\"wp-block-buttons is-content-justification-center is-layout-flex wp-container-core-buttons-is-layout-16018d1d wp-block-buttons-is-layout-flex\">\n<div class=\"wp-block-button\"><a class=\"wp-block-button__link wp-element-button\" href=\"https:\/\/www.matierebrutelab.com\/fr\/huiles-visage\/80-huile-revitalisante.html\">D\u00c9COUVREZ NOTRE HUILE APAISANTE ET ANTIOXYDANTE !<\/a><\/div>\n<\/div>\n\n\n\n<h3 class=\"wp-block-heading\">Ses applications cosm\u00e9tiques<\/h3>\n\n\n\n<p>Il est&nbsp;tout d\u2019abord primordial de s\u2019assurer de la provenance et de la qualit\u00e9 de la mati\u00e8re premi\u00e8re pour en mesurer la qualit\u00e9 et la bonne efficacit\u00e9 sur la peau. Le choix d\u2019un mac\u00e9rat Bio favorise une concentration plus \u00e9lev\u00e9e en actifs naturels, comme la pro vitamine A pr\u00e9sente dans la carotte. Cette concentration pure <strong>renforce <\/strong>les propri\u00e9t\u00e9s <strong>r\u00e9g\u00e9n\u00e9rantes<\/strong>, <strong>antioxydantes <\/strong>et <strong>sublimatrices <\/strong>de cette huile noble. En choisissant une formule avec de l\u2019huile de mac\u00e9r\u00e2t de carotte Bio, vous vous assurez que votre soin est <strong>sain<\/strong>, <strong>naturel <\/strong>et sans produits chimiques potentiellement irritants !<\/p>\n\n\n\n<p>Utilis\u00e9 dans des formulations de soins de la peau, le mac\u00e9r\u00e2t de carotte peut \u00eatre int\u00e9gr\u00e9 dans des s\u00e9rums et des huiles de <a href=\"https:\/\/www.matierebrutelab.com\/blog\/drainage-lymphatique\/\">massage<\/a> pour ses propri\u00e9t\u00e9s nourrissantes et r\u00e9paratrices.<\/p>\n\n\n\n<p>Chez Mati\u00e8re Brute Lab, c\u2019est dans l\u2019<a href=\"https:\/\/www.matierebrutelab.com\/fr\/huiles-visage\/80-huile-revitalisante.html\">Huile Revitalisante<\/a> et notre <a href=\"https:\/\/www.matierebrutelab.com\/fr\/boosters\/318-booster-d-eclat.html\">Booster \u00c9clat<\/a>&nbsp;que notre mac\u00e9r\u00e2t de carotte Bio est int\u00e9gr\u00e9. Couramment ajout\u00e9 aux cr\u00e8mes et aux baumes apaisants, il permet d\u2019am\u00e9liorer la nutrition de la peau.&nbsp;<\/p>\n\n\n\n<h2 class=\"wp-block-heading\">Le mac\u00e9r\u00e2t de carotte : Pour quelles probl\u00e9matiques de peau ?<\/h2>\n\n\n\n<h3 class=\"wp-block-heading\">Peaux sensibles et fatigu\u00e9es<\/h3>\n\n\n\n<p>Gr\u00e2ce \u00e0 ses teneurs en Om\u00e9ga 9 <strong>r\u00e9parateurs<\/strong>, le mac\u00e9r\u00e2t aide \u00e0 renforcer la barri\u00e8re cutan\u00e9e des peaux les plus agress\u00e9es. Particuli\u00e8rement recommand\u00e9 pour les peaux <strong>s\u00e8ches <\/strong>ou\/et <strong>sensibles<\/strong>, le mac\u00e9r\u00e2t de carotte permet de calmer les <strong>rougeurs <\/strong>et les <strong>irritations<\/strong>.<\/p>\n\n\n\n<p>Ami du <strong>teint terne<\/strong> et des<strong> peaux fatigu\u00e9es<\/strong>, le mac\u00e9r\u00e2t de carotte contribue \u00e0 unifier le teint et \u00e0 redonner \u00e9clat et luminosit\u00e9 \u00e0 la peau tout en contribuant \u00e0 lutter contre le <strong>vieillissement cutan\u00e9<\/strong>.<\/p>\n\n\n\n<h3 class=\"wp-block-heading\">Comment l\u2019utiliser quotidiennement ?<\/h3>\n\n\n\n<p>Pour prendre soin de sa peau au quotidien, d\u00e9poser quelques gouttes dans le creux de votre main et appliquer l'huile par petits massages circulaires, au niveau du cou et du visage, du bas vers le haut.<br>Matin et\/ou soir, \u00e0 consommer <strong>sans mod\u00e9ration <\/strong>pour une peau <strong>rayonnante <\/strong>et un teint au top avant l\u2019\u00e9t\u00e9 !<\/p>\n\n\n<div class=\"wp-block-image\">\n<figure class=\"aligncenter size-full\"><a href=\"https:\/\/www.matierebrutelab.com\/fr\/boosters\/318-booster-d-eclat.html\"><img loading=\"lazy\" decoding=\"async\" width=\"792\" height=\"492\" src=\"https:\/\/www.matierebrutelab.com\/blog\/wp-content\/uploads\/2024\/10\/diptyque_booster_eclat_avis_2.jpg\" alt=\"Diptyque du booster d'\u00e9clat et un avis\" class=\"wp-image-3658\" srcset=\"https:\/\/www.matierebrutelab.com\/blog\/wp-content\/uploads\/2024\/10\/diptyque_booster_eclat_avis_2.jpg 792w, https:\/\/www.matierebrutelab.com\/blog\/wp-content\/uploads\/2024\/10\/diptyque_booster_eclat_avis_2-300x186.jpg 300w, https:\/\/www.matierebrutelab.com\/blog\/wp-content\/uploads\/2024\/10\/diptyque_booster_eclat_avis_2-768x477.jpg 768w\" sizes=\"auto, (max-width: 792px) 100vw, 792px\" \/><\/a><\/figure>\n<\/div>\n\n\n<div class=\"wp-block-buttons is-content-justification-center is-layout-flex wp-container-core-buttons-is-layout-16018d1d wp-block-buttons-is-layout-flex\">\n<div class=\"wp-block-button\"><a class=\"wp-block-button__link wp-element-button\" href=\"https:\/\/www.matierebrutelab.com\/fr\/72-huiles-visage\">EXPLOREZ NOS AUTRES SUPERBES HUILES VISAGE !<\/a><\/div>\n<\/div>\n\n\n\n<h2 class=\"wp-block-heading\">Conclusion<\/h2>\n\n\n\n<p>Le mac\u00e9r\u00e2t de racines de carotte biologique pr\u00e9sente un <strong>int\u00e9r\u00eat croissant<\/strong> dans le secteur cosm\u00e9tique en raison de ses <strong>multiples bienfaits<\/strong> pour la peau. Sa <strong>richesse en nutriments<\/strong>, ses propri\u00e9t\u00e9s <strong>hydratantes <\/strong>et <strong>r\u00e9g\u00e9n\u00e9ratrices<\/strong>, ainsi que la pr\u00e9sence de mol\u00e9cules bio-actives telles que le b\u00eata-carot\u00e8ne, les flavono\u00efdes et les acides gras, en font un ingr\u00e9dient <strong>pr\u00e9cieux <\/strong>pour diverses formulations.<\/p>\n\n\n\n<p>En int\u00e9grant notre huile de mac\u00e9r\u00e2t de carotte Bio dans vos routines de soin quotidiennes, vous optez pour un produit <strong>naturel<\/strong>, <strong>pur <\/strong>et <strong>respectueux <\/strong>de votre peau et de notre environnement. Elle va non seulement <strong>sublimer <\/strong>et <strong>illuminer <\/strong>votre teint, mais offrir aussi une assurance qualit\u00e9 sans compromis sur <strong>l'\u00e9thique <\/strong>et <strong>l'efficacit\u00e9\u202f!<\/strong><\/p>\n\n\n\n<p>Soutenez la carotte Bio fran\u00e7aise ! Choisissez Mati\u00e8re Brute ! Votre peau et l\u2019environnement vous diront <strong>merci\u202f!<\/strong><\/p>\n\n\n\n<h3 class=\"wp-block-heading\">Sources<\/h3>\n\n\n\n<p><\/p>\n\n\n<ol class=\"wp-block-footnotes\"><li id=\"00ff848e-1495-4dcc-8157-fe2822bdaa34\">Zhao Z, Chen J, Ci F, Pang H, Cheng N, Xing A. \u03b1-Carotene: a valuable carotenoid in biological and medical research. J Sci Food Agric. 2022 Oct;102(13):5606-5617. <a href=\"#00ff848e-1495-4dcc-8157-fe2822bdaa34-link\" aria-label=\"Aller \u00e0 la note de bas de page 1\">\u21a9\ufe0e<\/a><\/li><li id=\"fa2bbea7-82ed-4f72-aadb-f997ebefa62b\">Recent advances on application of polysaccharides in cosmetics Qingyuan Wu, Na Cheng, Danjiao Fang, Hao Wang, Faiz-Ur Rahman, Huifang Hao, Yongmin Zhang. <a href=\"#fa2bbea7-82ed-4f72-aadb-f997ebefa62b-link\" aria-label=\"Aller \u00e0 la note de bas de page 2\">\u21a9\ufe0e<\/a><\/li><li id=\"99fecb60-847b-4e1d-9437-b35f8eacd315\">Yao, Y.; Xu, B. Skin Health Promoting Effects of Natural Polysaccharides and Their Potential Application in the Cosmetic Industry. <em>Polysaccharides<\/em> <strong>2022<\/strong>, <em>3<\/em>, 818-830. <a href=\"#99fecb60-847b-4e1d-9437-b35f8eacd315-link\" aria-label=\"Aller \u00e0 la note de bas de page 3\">\u21a9\ufe0e<\/a><\/li><li id=\"02df3fa8-de95-4870-8e20-f4c7e4d1af04\">Postaire E, Jungmann H, Bejot M, Heinrich U, Tronnier H. Evidence for antioxidant nutrients-induced pigmentation in skin: results of a clinical trial. Biochem Mol Biol Int. 1997 Aug;42(5):1023-33. <a href=\"#02df3fa8-de95-4870-8e20-f4c7e4d1af04-link\" aria-label=\"Aller \u00e0 la note de bas de page 4\">\u21a9\ufe0e<\/a><\/li><\/ol>\n\n\n<h3 class=\"wp-block-heading\">Articles connexes<\/h3>\n\n\n\n<p><\/p>\n\n\n\n<ul class=\"wp-block-list\">\n<li><a href=\"https:\/\/www.matierebrutelab.com\/blog\/booster-soin-visage-bio\/\">Pourquoi et comment int\u00e9grer un Booster dans votre rituel de soin ?<\/a><\/li>\n\n\n\n<li><a href=\"https:\/\/www.matierebrutelab.com\/blog\/creme-visage-naturelle-type-peau\/\">Quelle cr\u00e8me visage naturelle choisir selon son type de peau ?<\/a><\/li>\n\n\n\n<li><a href=\"https:\/\/www.matierebrutelab.com\/blog\/lhydrolat-de-bleuet-apaise-vos-yeux-et-eclaire-votre-teint-a-l-arrivee-du-print-n9\/\">L\u2019hydrolat de bleuet&nbsp;: bienfaits, vertus et utilisation en cosm\u00e9tique<\/a><\/li>\n<\/ul>\n\n\n\n<div class=\"wp-block-group\"><div class=\"wp-block-group__inner-container is-layout-constrained wp-block-group-is-layout-constrained\">\n<p class=\"has-text-align-center\">Une communaut\u00e9 qui adore Mati\u00e8re Brute :<\/p>\n\n\n<div class=\"wp-block-image\">\n<figure class=\"aligncenter size-large is-resized\"><a href=\"https:\/\/fr.trustpilot.com\/review\/matierebrutelab.com?utm_campaign=free&amp;utm_medium=trustbox&amp;utm_source=TrustBoxBasic\"><img loading=\"lazy\" decoding=\"async\" width=\"1024\" height=\"160\" src=\"https:\/\/www.matierebrutelab.com\/blog\/wp-content\/uploads\/2024\/02\/Capture-decran-2024-02-06-a-12.01.55-1024x160.png\" alt=\"\" class=\"wp-image-1691\" style=\"width:333px;height:auto\" srcset=\"https:\/\/www.matierebrutelab.com\/blog\/wp-content\/uploads\/2024\/02\/Capture-decran-2024-02-06-a-12.01.55-1024x160.png 1024w, https:\/\/www.matierebrutelab.com\/blog\/wp-content\/uploads\/2024\/02\/Capture-decran-2024-02-06-a-12.01.55-300x47.png 300w, https:\/\/www.matierebrutelab.com\/blog\/wp-content\/uploads\/2024\/02\/Capture-decran-2024-02-06-a-12.01.55-768x120.png 768w, https:\/\/www.matierebrutelab.com\/blog\/wp-content\/uploads\/2024\/02\/Capture-decran-2024-02-06-a-12.01.55-1536x239.png 1536w, https:\/\/www.matierebrutelab.com\/blog\/wp-content\/uploads\/2024\/02\/Capture-decran-2024-02-06-a-12.01.55.png 1656w\" sizes=\"auto, (max-width: 1024px) 100vw, 1024px\" \/><\/a><\/figure>\n<\/div><\/div><\/div>\n\n\n\n<div class=\"wp-block-columns is-layout-flex wp-container-core-columns-is-layout-9d6595d7 wp-block-columns-is-layout-flex\">\n<div class=\"wp-block-column is-layout-flow wp-block-column-is-layout-flow\"><div class=\"wp-block-image\">\n<figure class=\"aligncenter size-large\"><a href=\"https:\/\/www.matierebrutelab.com\/fr\/boosters\/318-booster-d-eclat.html\"><img decoding=\"async\" src=\"https:\/\/www.matierebrutelab.com\/2419-large_default\/booster-d-eclat.webp\" alt=\"\"\/><\/a><figcaption class=\"wp-element-caption\"><a href=\"https:\/\/www.matierebrutelab.com\/fr\/boosters\/318-booster-d-eclat.html\">Booster d'\u00c9clat<\/a><\/figcaption><\/figure>\n<\/div><\/div>\n\n\n\n<div class=\"wp-block-column is-layout-flow wp-block-column-is-layout-flow\"><div class=\"wp-block-image\">\n<figure class=\"aligncenter size-full is-resized\"><a href=\"https:\/\/www.matierebrutelab.com\/fr\/huiles-visage\/80-huile-revitalisante.html\"><img loading=\"lazy\" decoding=\"async\" width=\"800\" height=\"800\" src=\"https:\/\/www.matierebrutelab.com\/blog\/wp-content\/uploads\/2023\/01\/huile_revitalisante.jpg\" alt=\"Photo de l'huile revitalisante\" class=\"wp-image-3434\" style=\"width:274px;height:auto\" srcset=\"https:\/\/www.matierebrutelab.com\/blog\/wp-content\/uploads\/2023\/01\/huile_revitalisante.jpg 800w, https:\/\/www.matierebrutelab.com\/blog\/wp-content\/uploads\/2023\/01\/huile_revitalisante-300x300.jpg 300w, https:\/\/www.matierebrutelab.com\/blog\/wp-content\/uploads\/2023\/01\/huile_revitalisante-150x150.jpg 150w, https:\/\/www.matierebrutelab.com\/blog\/wp-content\/uploads\/2023\/01\/huile_revitalisante-768x768.jpg 768w\" sizes=\"auto, (max-width: 800px) 100vw, 800px\" \/><\/a><figcaption class=\"wp-element-caption\"><a href=\"https:\/\/www.matierebrutelab.com\/fr\/huiles-visage\/80-huile-revitalisante.html\">Huile Revitalisante<\/a><\/figcaption><\/figure>\n<\/div><\/div>\n\n\n\n<div class=\"wp-block-column is-layout-flow wp-block-column-is-layout-flow\"><div class=\"wp-block-image\">\n<figure class=\"aligncenter size-large\"><a href=\"https:\/\/www.matierebrutelab.com\/fr\/abonnements\/412-boosters-abonnement-4-saisons.html\"><img decoding=\"async\" src=\"https:\/\/www.matierebrutelab.com\/2503-large_default\/boosters-abonnement-4-saisons.webp\" alt=\"\"\/><\/a><figcaption class=\"wp-element-caption\"><a href=\"https:\/\/www.matierebrutelab.com\/fr\/abonnements\/412-boosters-abonnement-4-saisons.html\">Boosters - Abonnement 4 Saisons<\/a><\/figcaption><\/figure>\n<\/div><\/div>\n<\/div>\n","protected":false},"excerpt":{"rendered":"<p>Et si nous vous disions que votre l\u00e9gume orange pr\u00e9f\u00e9r\u00e9 \u00e9tait en r\u00e9alit\u00e9 une racine ?Oui, oui, vous avez bien lu !Originaire d&rsquo;Asie et d&rsquo;Europe, la carotte (Daucus carota) est une plante appartenant \u00e0 la famille des Apiac\u00e9es.Particuli\u00e8rement appr\u00e9ci\u00e9e pour sa forte teneur en b\u00eata-carot\u00e8ne, un pr\u00e9curseur de la vitamine A, elle est connue et consomm\u00e9e pour sa diversit\u00e9 en bio-actifs, comme les carot\u00e9no\u00efdes (alpha-carot\u00e8ne, lut\u00e9ine), les flavono\u00efdes et les min\u00e9raux tels que le potassium et le calcium.&nbsp;Joli teint et belle carotte vont souvent de pair en alimentaire, mais qu\u2019en est-il aujourd\u2019hui pour la cosm\u00e9tique ?Dans cet article, Mati\u00e8re Brute Lab expose les bienfaits de la carotte pour votre peau. La racine de Carotte et ses propri\u00e9t\u00e9s cach\u00e9es ! Ses [&#8230;]<\/p>\n","protected":false},"author":8,"featured_media":3655,"comment_status":"closed","ping_status":"closed","sticky":false,"template":"","format":"standard","meta":{"_acf_changed":false,"footnotes":"[{\"content\":\"Zhao Z, Chen J, Ci F, Pang H, Cheng N, Xing A. \u03b1-Carotene: a valuable carotenoid in biological and medical research. J Sci Food Agric. 2022 Oct;102(13):5606-5617.\",\"id\":\"00ff848e-1495-4dcc-8157-fe2822bdaa34\"},{\"content\":\"Recent advances on application of polysaccharides in cosmetics Qingyuan Wu, Na Cheng, Danjiao Fang, Hao Wang, Faiz-Ur Rahman, Huifang Hao, Yongmin Zhang.\",\"id\":\"fa2bbea7-82ed-4f72-aadb-f997ebefa62b\"},{\"content\":\"Yao, Y.; Xu, B. Skin Health Promoting Effects of Natural Polysaccharides and Their Potential Application in the Cosmetic Industry. <em>Polysaccharides<\/em> <strong>2022<\/strong>, <em>3<\/em>, 818-830.\",\"id\":\"99fecb60-847b-4e1d-9437-b35f8eacd315\"},{\"content\":\"Postaire E, Jungmann H, Bejot M, Heinrich U, Tronnier H. Evidence for antioxidant nutrients-induced pigmentation in skin: results of a clinical trial. Biochem Mol Biol Int. 1997 Aug;42(5):1023-33.\",\"id\":\"02df3fa8-de95-4870-8e20-f4c7e4d1af04\"}]"},"categories":[24],"tags":[],"test":[],"class_list":["post-2321","post","type-post","status-publish","format-standard","has-post-thumbnail","hentry","category-composition-produit"],"acf":[],"yoast_head":"<!-- This site is optimized with the Yoast SEO plugin v27.4 - https:\/\/yoast.com\/product\/yoast-seo-wordpress\/ -->\n<title>La carotte en cosm\u00e9tique : Comment l\u2019utiliser ?<\/title>\n<meta name=\"description\" content=\"Nous la connaissons bien dans nos petits plats du quotidien, mais quelles sont ses bienfaits en cosm\u00e9tique et comment l&#039;utiliser ?\" \/>\n<meta name=\"robots\" content=\"index, follow, max-snippet:-1, max-image-preview:large, max-video-preview:-1\" \/>\n<link rel=\"canonical\" href=\"https:\/\/www.matierebrutelab.com\/blog\/la-carotte-en-cosmetique-comment-lutiliser\/\" \/>\n<meta property=\"og:locale\" content=\"fr_FR\" \/>\n<meta property=\"og:type\" content=\"article\" \/>\n<meta property=\"og:title\" content=\"La carotte en cosm\u00e9tique : Comment l\u2019utiliser ?\" \/>\n<meta property=\"og:description\" content=\"Nous la connaissons bien dans nos petits plats du quotidien, mais quelles sont ses bienfaits en cosm\u00e9tique et comment l&#039;utiliser ?\" \/>\n<meta property=\"og:url\" content=\"https:\/\/www.matierebrutelab.com\/blog\/la-carotte-en-cosmetique-comment-lutiliser\/\" \/>\n<meta property=\"og:site_name\" content=\"Mati\u00e8re Brute Lab\" \/>\n<meta property=\"article:publisher\" content=\"https:\/\/www.facebook.com\/matierebrutelab\/\" \/>\n<meta property=\"article:published_time\" content=\"2025-09-03T12:06:27+00:00\" \/>\n<meta property=\"article:modified_time\" content=\"2025-11-10T09:45:44+00:00\" \/>\n<meta property=\"og:image\" content=\"https:\/\/www.matierebrutelab.com\/blog\/wp-content\/uploads\/2024\/10\/macerat-huile-carotte-newsletter-bandeau.jpg\" \/>\n\t<meta property=\"og:image:width\" content=\"792\" \/>\n\t<meta property=\"og:image:height\" content=\"492\" \/>\n\t<meta property=\"og:image:type\" content=\"image\/jpeg\" \/>\n<meta name=\"author\" content=\"Gaspard Toussaint\" \/>\n<meta name=\"twitter:card\" content=\"summary_large_image\" \/>\n<meta name=\"twitter:creator\" content=\"@matierebrutelab\" \/>\n<meta name=\"twitter:site\" content=\"@matierebrutelab\" \/>\n<meta name=\"twitter:label1\" content=\"\u00c9crit par\" \/>\n\t<meta name=\"twitter:data1\" content=\"Gaspard Toussaint\" \/>\n\t<meta name=\"twitter:label2\" content=\"Dur\u00e9e de lecture estim\u00e9e\" \/>\n\t<meta name=\"twitter:data2\" content=\"8 minutes\" \/>\n<script type=\"application\/ld+json\" class=\"yoast-schema-graph\">{\"@context\":\"https:\\\/\\\/schema.org\",\"@graph\":[{\"@type\":\"Article\",\"@id\":\"https:\\\/\\\/www.matierebrutelab.com\\\/blog\\\/la-carotte-en-cosmetique-comment-lutiliser\\\/#article\",\"isPartOf\":{\"@id\":\"https:\\\/\\\/www.matierebrutelab.com\\\/blog\\\/la-carotte-en-cosmetique-comment-lutiliser\\\/\"},\"author\":{\"name\":\"Gaspard Toussaint\",\"@id\":\"https:\\\/\\\/www.matierebrutelab.com\\\/blog\\\/#\\\/schema\\\/person\\\/79f1e2cabda7d7f3483dac2f00b87e4b\"},\"headline\":\"La carotte en cosm\u00e9tique : Pourquoi et comment l\u2019utiliser ?\",\"datePublished\":\"2025-09-03T12:06:27+00:00\",\"dateModified\":\"2025-11-10T09:45:44+00:00\",\"mainEntityOfPage\":{\"@id\":\"https:\\\/\\\/www.matierebrutelab.com\\\/blog\\\/la-carotte-en-cosmetique-comment-lutiliser\\\/\"},\"wordCount\":1307,\"publisher\":{\"@id\":\"https:\\\/\\\/www.matierebrutelab.com\\\/blog\\\/#organization\"},\"image\":{\"@id\":\"https:\\\/\\\/www.matierebrutelab.com\\\/blog\\\/la-carotte-en-cosmetique-comment-lutiliser\\\/#primaryimage\"},\"thumbnailUrl\":\"https:\\\/\\\/www.matierebrutelab.com\\\/blog\\\/wp-content\\\/uploads\\\/2024\\\/10\\\/macerat-huile-carotte-newsletter-bandeau.jpg\",\"articleSection\":[\"Composition de nos soins\"],\"inLanguage\":\"fr-FR\"},{\"@type\":\"WebPage\",\"@id\":\"https:\\\/\\\/www.matierebrutelab.com\\\/blog\\\/la-carotte-en-cosmetique-comment-lutiliser\\\/\",\"url\":\"https:\\\/\\\/www.matierebrutelab.com\\\/blog\\\/la-carotte-en-cosmetique-comment-lutiliser\\\/\",\"name\":\"La carotte en cosm\u00e9tique : Comment l\u2019utiliser ?\",\"isPartOf\":{\"@id\":\"https:\\\/\\\/www.matierebrutelab.com\\\/blog\\\/#website\"},\"primaryImageOfPage\":{\"@id\":\"https:\\\/\\\/www.matierebrutelab.com\\\/blog\\\/la-carotte-en-cosmetique-comment-lutiliser\\\/#primaryimage\"},\"image\":{\"@id\":\"https:\\\/\\\/www.matierebrutelab.com\\\/blog\\\/la-carotte-en-cosmetique-comment-lutiliser\\\/#primaryimage\"},\"thumbnailUrl\":\"https:\\\/\\\/www.matierebrutelab.com\\\/blog\\\/wp-content\\\/uploads\\\/2024\\\/10\\\/macerat-huile-carotte-newsletter-bandeau.jpg\",\"datePublished\":\"2025-09-03T12:06:27+00:00\",\"dateModified\":\"2025-11-10T09:45:44+00:00\",\"description\":\"Nous la connaissons bien dans nos petits plats du quotidien, mais quelles sont ses bienfaits en cosm\u00e9tique et comment l'utiliser ?\",\"breadcrumb\":{\"@id\":\"https:\\\/\\\/www.matierebrutelab.com\\\/blog\\\/la-carotte-en-cosmetique-comment-lutiliser\\\/#breadcrumb\"},\"inLanguage\":\"fr-FR\",\"potentialAction\":[{\"@type\":\"ReadAction\",\"target\":[\"https:\\\/\\\/www.matierebrutelab.com\\\/blog\\\/la-carotte-en-cosmetique-comment-lutiliser\\\/\"]}]},{\"@type\":\"ImageObject\",\"inLanguage\":\"fr-FR\",\"@id\":\"https:\\\/\\\/www.matierebrutelab.com\\\/blog\\\/la-carotte-en-cosmetique-comment-lutiliser\\\/#primaryimage\",\"url\":\"https:\\\/\\\/www.matierebrutelab.com\\\/blog\\\/wp-content\\\/uploads\\\/2024\\\/10\\\/macerat-huile-carotte-newsletter-bandeau.jpg\",\"contentUrl\":\"https:\\\/\\\/www.matierebrutelab.com\\\/blog\\\/wp-content\\\/uploads\\\/2024\\\/10\\\/macerat-huile-carotte-newsletter-bandeau.jpg\",\"width\":792,\"height\":492,\"caption\":\"Zoom brut sur de la carotte\"},{\"@type\":\"BreadcrumbList\",\"@id\":\"https:\\\/\\\/www.matierebrutelab.com\\\/blog\\\/la-carotte-en-cosmetique-comment-lutiliser\\\/#breadcrumb\",\"itemListElement\":[{\"@type\":\"ListItem\",\"position\":1,\"name\":\"Accueil\",\"item\":\"https:\\\/\\\/www.matierebrutelab.com\\\/blog\\\/\"},{\"@type\":\"ListItem\",\"position\":2,\"name\":\"La carotte en cosm\u00e9tique : Pourquoi et comment l\u2019utiliser ?\"}]},{\"@type\":\"WebSite\",\"@id\":\"https:\\\/\\\/www.matierebrutelab.com\\\/blog\\\/#website\",\"url\":\"https:\\\/\\\/www.matierebrutelab.com\\\/blog\\\/\",\"name\":\"Mati\u00e8re Brute Lab\",\"description\":\"\",\"publisher\":{\"@id\":\"https:\\\/\\\/www.matierebrutelab.com\\\/blog\\\/#organization\"},\"potentialAction\":[{\"@type\":\"SearchAction\",\"target\":{\"@type\":\"EntryPoint\",\"urlTemplate\":\"https:\\\/\\\/www.matierebrutelab.com\\\/blog\\\/?s={search_term_string}\"},\"query-input\":{\"@type\":\"PropertyValueSpecification\",\"valueRequired\":true,\"valueName\":\"search_term_string\"}}],\"inLanguage\":\"fr-FR\"},{\"@type\":\"Organization\",\"@id\":\"https:\\\/\\\/www.matierebrutelab.com\\\/blog\\\/#organization\",\"name\":\"Mati\u00e8re Brute Lab\",\"url\":\"https:\\\/\\\/www.matierebrutelab.com\\\/blog\\\/\",\"logo\":{\"@type\":\"ImageObject\",\"inLanguage\":\"fr-FR\",\"@id\":\"https:\\\/\\\/www.matierebrutelab.com\\\/blog\\\/#\\\/schema\\\/logo\\\/image\\\/\",\"url\":\"https:\\\/\\\/www.matierebrutelab.com\\\/blog\\\/wp-content\\\/uploads\\\/2022\\\/08\\\/matiere-brut-lab-logo-1622535226.png\",\"contentUrl\":\"https:\\\/\\\/www.matierebrutelab.com\\\/blog\\\/wp-content\\\/uploads\\\/2022\\\/08\\\/matiere-brut-lab-logo-1622535226.png\",\"width\":500,\"height\":260,\"caption\":\"Mati\u00e8re Brute Lab\"},\"image\":{\"@id\":\"https:\\\/\\\/www.matierebrutelab.com\\\/blog\\\/#\\\/schema\\\/logo\\\/image\\\/\"},\"sameAs\":[\"https:\\\/\\\/www.facebook.com\\\/matierebrutelab\\\/\",\"https:\\\/\\\/x.com\\\/matierebrutelab\",\"https:\\\/\\\/www.instagram.com\\\/matiere_brute_lab\\\/\"]},{\"@type\":\"Person\",\"@id\":\"https:\\\/\\\/www.matierebrutelab.com\\\/blog\\\/#\\\/schema\\\/person\\\/79f1e2cabda7d7f3483dac2f00b87e4b\",\"name\":\"Gaspard Toussaint\",\"image\":{\"@type\":\"ImageObject\",\"inLanguage\":\"fr-FR\",\"@id\":\"https:\\\/\\\/secure.gravatar.com\\\/avatar\\\/0c0737970c55bbf838ddc9f365c870933520173fec69e051210f244682c73aa8?s=96&d=mm&r=g\",\"url\":\"https:\\\/\\\/secure.gravatar.com\\\/avatar\\\/0c0737970c55bbf838ddc9f365c870933520173fec69e051210f244682c73aa8?s=96&d=mm&r=g\",\"contentUrl\":\"https:\\\/\\\/secure.gravatar.com\\\/avatar\\\/0c0737970c55bbf838ddc9f365c870933520173fec69e051210f244682c73aa8?s=96&d=mm&r=g\",\"caption\":\"Gaspard Toussaint\"}}]}<\/script>\n<!-- \/ Yoast SEO plugin. -->","yoast_head_json":{"title":"La carotte en cosm\u00e9tique : Comment l\u2019utiliser ?","description":"Nous la connaissons bien dans nos petits plats du quotidien, mais quelles sont ses bienfaits en cosm\u00e9tique et comment l'utiliser ?","robots":{"index":"index","follow":"follow","max-snippet":"max-snippet:-1","max-image-preview":"max-image-preview:large","max-video-preview":"max-video-preview:-1"},"canonical":"https:\/\/www.matierebrutelab.com\/blog\/la-carotte-en-cosmetique-comment-lutiliser\/","og_locale":"fr_FR","og_type":"article","og_title":"La carotte en cosm\u00e9tique : Comment l\u2019utiliser ?","og_description":"Nous la connaissons bien dans nos petits plats du quotidien, mais quelles sont ses bienfaits en cosm\u00e9tique et comment l'utiliser ?","og_url":"https:\/\/www.matierebrutelab.com\/blog\/la-carotte-en-cosmetique-comment-lutiliser\/","og_site_name":"Mati\u00e8re Brute Lab","article_publisher":"https:\/\/www.facebook.com\/matierebrutelab\/","article_published_time":"2025-09-03T12:06:27+00:00","article_modified_time":"2025-11-10T09:45:44+00:00","og_image":[{"width":792,"height":492,"url":"https:\/\/www.matierebrutelab.com\/blog\/wp-content\/uploads\/2024\/10\/macerat-huile-carotte-newsletter-bandeau.jpg","type":"image\/jpeg"}],"author":"Gaspard Toussaint","twitter_card":"summary_large_image","twitter_creator":"@matierebrutelab","twitter_site":"@matierebrutelab","twitter_misc":{"\u00c9crit par":"Gaspard Toussaint","Dur\u00e9e de lecture estim\u00e9e":"8 minutes"},"schema":{"@context":"https:\/\/schema.org","@graph":[{"@type":"Article","@id":"https:\/\/www.matierebrutelab.com\/blog\/la-carotte-en-cosmetique-comment-lutiliser\/#article","isPartOf":{"@id":"https:\/\/www.matierebrutelab.com\/blog\/la-carotte-en-cosmetique-comment-lutiliser\/"},"author":{"name":"Gaspard Toussaint","@id":"https:\/\/www.matierebrutelab.com\/blog\/#\/schema\/person\/79f1e2cabda7d7f3483dac2f00b87e4b"},"headline":"La carotte en cosm\u00e9tique : Pourquoi et comment l\u2019utiliser ?","datePublished":"2025-09-03T12:06:27+00:00","dateModified":"2025-11-10T09:45:44+00:00","mainEntityOfPage":{"@id":"https:\/\/www.matierebrutelab.com\/blog\/la-carotte-en-cosmetique-comment-lutiliser\/"},"wordCount":1307,"publisher":{"@id":"https:\/\/www.matierebrutelab.com\/blog\/#organization"},"image":{"@id":"https:\/\/www.matierebrutelab.com\/blog\/la-carotte-en-cosmetique-comment-lutiliser\/#primaryimage"},"thumbnailUrl":"https:\/\/www.matierebrutelab.com\/blog\/wp-content\/uploads\/2024\/10\/macerat-huile-carotte-newsletter-bandeau.jpg","articleSection":["Composition de nos soins"],"inLanguage":"fr-FR"},{"@type":"WebPage","@id":"https:\/\/www.matierebrutelab.com\/blog\/la-carotte-en-cosmetique-comment-lutiliser\/","url":"https:\/\/www.matierebrutelab.com\/blog\/la-carotte-en-cosmetique-comment-lutiliser\/","name":"La carotte en cosm\u00e9tique : Comment l\u2019utiliser ?","isPartOf":{"@id":"https:\/\/www.matierebrutelab.com\/blog\/#website"},"primaryImageOfPage":{"@id":"https:\/\/www.matierebrutelab.com\/blog\/la-carotte-en-cosmetique-comment-lutiliser\/#primaryimage"},"image":{"@id":"https:\/\/www.matierebrutelab.com\/blog\/la-carotte-en-cosmetique-comment-lutiliser\/#primaryimage"},"thumbnailUrl":"https:\/\/www.matierebrutelab.com\/blog\/wp-content\/uploads\/2024\/10\/macerat-huile-carotte-newsletter-bandeau.jpg","datePublished":"2025-09-03T12:06:27+00:00","dateModified":"2025-11-10T09:45:44+00:00","description":"Nous la connaissons bien dans nos petits plats du quotidien, mais quelles sont ses bienfaits en cosm\u00e9tique et comment l'utiliser ?","breadcrumb":{"@id":"https:\/\/www.matierebrutelab.com\/blog\/la-carotte-en-cosmetique-comment-lutiliser\/#breadcrumb"},"inLanguage":"fr-FR","potentialAction":[{"@type":"ReadAction","target":["https:\/\/www.matierebrutelab.com\/blog\/la-carotte-en-cosmetique-comment-lutiliser\/"]}]},{"@type":"ImageObject","inLanguage":"fr-FR","@id":"https:\/\/www.matierebrutelab.com\/blog\/la-carotte-en-cosmetique-comment-lutiliser\/#primaryimage","url":"https:\/\/www.matierebrutelab.com\/blog\/wp-content\/uploads\/2024\/10\/macerat-huile-carotte-newsletter-bandeau.jpg","contentUrl":"https:\/\/www.matierebrutelab.com\/blog\/wp-content\/uploads\/2024\/10\/macerat-huile-carotte-newsletter-bandeau.jpg","width":792,"height":492,"caption":"Zoom brut sur de la carotte"},{"@type":"BreadcrumbList","@id":"https:\/\/www.matierebrutelab.com\/blog\/la-carotte-en-cosmetique-comment-lutiliser\/#breadcrumb","itemListElement":[{"@type":"ListItem","position":1,"name":"Accueil","item":"https:\/\/www.matierebrutelab.com\/blog\/"},{"@type":"ListItem","position":2,"name":"La carotte en cosm\u00e9tique : Pourquoi et comment l\u2019utiliser ?"}]},{"@type":"WebSite","@id":"https:\/\/www.matierebrutelab.com\/blog\/#website","url":"https:\/\/www.matierebrutelab.com\/blog\/","name":"Mati\u00e8re Brute Lab","description":"","publisher":{"@id":"https:\/\/www.matierebrutelab.com\/blog\/#organization"},"potentialAction":[{"@type":"SearchAction","target":{"@type":"EntryPoint","urlTemplate":"https:\/\/www.matierebrutelab.com\/blog\/?s={search_term_string}"},"query-input":{"@type":"PropertyValueSpecification","valueRequired":true,"valueName":"search_term_string"}}],"inLanguage":"fr-FR"},{"@type":"Organization","@id":"https:\/\/www.matierebrutelab.com\/blog\/#organization","name":"Mati\u00e8re Brute Lab","url":"https:\/\/www.matierebrutelab.com\/blog\/","logo":{"@type":"ImageObject","inLanguage":"fr-FR","@id":"https:\/\/www.matierebrutelab.com\/blog\/#\/schema\/logo\/image\/","url":"https:\/\/www.matierebrutelab.com\/blog\/wp-content\/uploads\/2022\/08\/matiere-brut-lab-logo-1622535226.png","contentUrl":"https:\/\/www.matierebrutelab.com\/blog\/wp-content\/uploads\/2022\/08\/matiere-brut-lab-logo-1622535226.png","width":500,"height":260,"caption":"Mati\u00e8re Brute Lab"},"image":{"@id":"https:\/\/www.matierebrutelab.com\/blog\/#\/schema\/logo\/image\/"},"sameAs":["https:\/\/www.facebook.com\/matierebrutelab\/","https:\/\/x.com\/matierebrutelab","https:\/\/www.instagram.com\/matiere_brute_lab\/"]},{"@type":"Person","@id":"https:\/\/www.matierebrutelab.com\/blog\/#\/schema\/person\/79f1e2cabda7d7f3483dac2f00b87e4b","name":"Gaspard Toussaint","image":{"@type":"ImageObject","inLanguage":"fr-FR","@id":"https:\/\/secure.gravatar.com\/avatar\/0c0737970c55bbf838ddc9f365c870933520173fec69e051210f244682c73aa8?s=96&d=mm&r=g","url":"https:\/\/secure.gravatar.com\/avatar\/0c0737970c55bbf838ddc9f365c870933520173fec69e051210f244682c73aa8?s=96&d=mm&r=g","contentUrl":"https:\/\/secure.gravatar.com\/avatar\/0c0737970c55bbf838ddc9f365c870933520173fec69e051210f244682c73aa8?s=96&d=mm&r=g","caption":"Gaspard Toussaint"}}]}},"_links":{"self":[{"href":"https:\/\/www.matierebrutelab.com\/blog\/wp-json\/wp\/v2\/posts\/2321","targetHints":{"allow":["GET"]}}],"collection":[{"href":"https:\/\/www.matierebrutelab.com\/blog\/wp-json\/wp\/v2\/posts"}],"about":[{"href":"https:\/\/www.matierebrutelab.com\/blog\/wp-json\/wp\/v2\/types\/post"}],"author":[{"embeddable":true,"href":"https:\/\/www.matierebrutelab.com\/blog\/wp-json\/wp\/v2\/users\/8"}],"replies":[{"embeddable":true,"href":"https:\/\/www.matierebrutelab.com\/blog\/wp-json\/wp\/v2\/comments?post=2321"}],"version-history":[{"count":14,"href":"https:\/\/www.matierebrutelab.com\/blog\/wp-json\/wp\/v2\/posts\/2321\/revisions"}],"predecessor-version":[{"id":3928,"href":"https:\/\/www.matierebrutelab.com\/blog\/wp-json\/wp\/v2\/posts\/2321\/revisions\/3928"}],"wp:featuredmedia":[{"embeddable":true,"href":"https:\/\/www.matierebrutelab.com\/blog\/wp-json\/wp\/v2\/media\/3655"}],"wp:attachment":[{"href":"https:\/\/www.matierebrutelab.com\/blog\/wp-json\/wp\/v2\/media?parent=2321"}],"wp:term":[{"taxonomy":"category","embeddable":true,"href":"https:\/\/www.matierebrutelab.com\/blog\/wp-json\/wp\/v2\/categories?post=2321"},{"taxonomy":"post_tag","embeddable":true,"href":"https:\/\/www.matierebrutelab.com\/blog\/wp-json\/wp\/v2\/tags?post=2321"},{"taxonomy":"test","embeddable":true,"href":"https:\/\/www.matierebrutelab.com\/blog\/wp-json\/wp\/v2\/test?post=2321"}],"curies":[{"name":"wp","href":"https:\/\/api.w.org\/{rel}","templated":true}]}}