{"id":1904,"date":"2025-06-18T15:08:58","date_gmt":"2025-06-18T13:08:58","guid":{"rendered":"https:\/\/www.matierebrutelab.com\/blog\/?p=1904"},"modified":"2025-11-10T12:55:50","modified_gmt":"2025-11-10T11:55:50","slug":"une-femme-belle-et-rayonnante-est-fondamentalement-une-femme-qui-saime","status":"publish","type":"post","link":"https:\/\/www.matierebrutelab.com\/blog\/une-femme-belle-et-rayonnante-est-fondamentalement-une-femme-qui-saime\/","title":{"rendered":"Les indispensables de Sylvie Lefranc, la papesse du yoga"},"content":{"rendered":"\n<h2 class=\"wp-block-heading\">Interview de Sylvie Lefranc, la papesse du yoga du Visage<\/h2>\n\n\n\n<p><em>\u201cUne femme belle et rayonnante est fondamentalement une femme qui s\u2019aime. Et pour pouvoir s\u2019aimer, une femme doit apprendre \u00e0 se conna\u00eetre, \u00e0 prendre soin de son visage et de son corps, \u00e0 honorer et \u00e0 \u00e9couter ses \u00e9motions et \u00e0 \u00eatre en harmonie\u201d. - Sylvie Lefranc<\/em><\/p>\n\n\n\n<p>Professeure de hatha yoga passionn\u00e9e par la beaut\u00e9, <strong>Sylvie Lefranc<\/strong>&nbsp;s\u2019est form\u00e9e il y a dix ans aux massages ayurv\u00e9diques du visage et \u00e0 la cosm\u00e9tique, pour proposer une approche unifi\u00e9e de ces deux disciplines, le yoga du visage. C\u2019est avec passion qu\u2019elle nous enseigne des techniques douces et conscientes afin de permettre aux femmes de garder ou de retrouver une peau rayonnante et un visage resplendissant.&nbsp;<\/p>\n\n\n\n<p>Auteur de plusieurs ouvrages inspirants qui enseignent les&nbsp;<strong>techniques naturelles<\/strong>&nbsp;pour prendre soin de sa peau, c\u2019est tout naturellement qu\u2019Annabelle et Sylvie Lefranc ont choisi de collaborer pour formuler des soins d\u2019exception afin de r\u00e9tablir l\u2019harmonie du visage quel que soit son \u00e2ge.&nbsp;<\/p>\n\n\n\n<p>L\u2019accompagnement de Sylvie Lefranc va au-del\u00e0 de l\u2019objectif d\u2019un visage naturellement plein de vitalit\u00e9 : Sylvie Lefranc a \u00e0 c\u0153ur d\u2019aider les gens \u00e0 se sentir libres et bien dans leur peau \u00e0 tous les \u00e2ges, notamment en s\u2019affranchissant des diktats de la beaut\u00e9. Ses pratiques permettent de reprendre la main sur la sant\u00e9 de sa peau de mani\u00e8re durable. Ensemble, nous avons donc imagin\u00e9 <a href=\"https:\/\/www.matierebrutelab.com\/fr\/drainer-et-tonifier\/382-douceur-automnale.html\">une huile in\u00e9dite<\/a> qui vous accompagnera pour faire du bien \u00e0 votre peau.\u00a0<\/p>\n\n\n\n<h2 class=\"wp-block-heading\">D\u00e9couvrez le portrait de Sylvie Lefranc.&nbsp;<\/h2>\n\n\n\n<h3 class=\"wp-block-heading\">Peux-tu te pr\u00e9senter en quelques mots ?&nbsp;<\/h3>\n\n\n\n<p>Je suis Sylvie Lefranc, experte et formatrice en yoga du visage et facialiste.<\/p>\n\n\n\n<h3 class=\"wp-block-heading\">Peux-tu nous citer 3 passions qui te repr\u00e9sentent ?&nbsp;<\/h3>\n\n\n\n<p>Je suis passionn\u00e9e et \u00e9merveill\u00e9e par la magie du vivant, par les sagesses traditionnelles asiatiques et par la cosm\u00e9tique.<\/p>\n\n\n\n<h3 class=\"wp-block-heading\">Comment t'est venue cette passion pour le yoga du visage ?&nbsp;<\/h3>\n\n\n\n<p>Ma passion pour le visage et la Beaut\u00e9 est ancienne (je voulais \u00eatre esth\u00e9ticienne lorsque j'\u00e9tais enfant) et m\u00eame si ma premi\u00e8re vie professionnelle \u00e9tait tr\u00e8s \u00e9loign\u00e9e de cet int\u00e9r\u00eat, j'ai pu nourrir cette passion au travers de multiples voyages et formations r\u00e9alis\u00e9s au cours de ces ann\u00e9es. Le yoga du visage est apparu comme une \u00e9vidence, \u00e0 la crois\u00e9e de ces multiples savoirs de beaut\u00e9 et de bien-\u00eatre auxquels je me suis form\u00e9e et aupr\u00e8s desquels je me suis nourrie.<\/p>\n\n\n\n<h3 class=\"wp-block-heading\">Quelle est ta vision de la beaut\u00e9 ?&nbsp; Du bien-\u00eatre ?&nbsp;<\/h3>\n\n\n\n<p>Pour moi, la Beaut\u00e9 est le reflet d'une harmonie, d'un alignement, d'une connexion int\u00e9rieure, d'une joie d'\u00eatre vivant.<\/p>\n\n\n\n<p>Le bien-\u00eatre est le r\u00e9sultat d'un \u00e9quilibre, sur le plan physique, mental et \u00e9motionnel.<\/p>\n\n\n<div class=\"wp-block-image\">\n<figure class=\"aligncenter size-full\"><a href=\"https:\/\/www.matierebrutelab.com\/fr\/87-drainer-et-tonifier\"><img loading=\"lazy\" decoding=\"async\" width=\"792\" height=\"492\" src=\"https:\/\/www.matierebrutelab.com\/blog\/wp-content\/uploads\/2024\/05\/zoom_brut_visage_picto_douceur_automnale.jpg\" alt=\"\" class=\"wp-image-3216\" srcset=\"https:\/\/www.matierebrutelab.com\/blog\/wp-content\/uploads\/2024\/05\/zoom_brut_visage_picto_douceur_automnale.jpg 792w, https:\/\/www.matierebrutelab.com\/blog\/wp-content\/uploads\/2024\/05\/zoom_brut_visage_picto_douceur_automnale-300x186.jpg 300w, https:\/\/www.matierebrutelab.com\/blog\/wp-content\/uploads\/2024\/05\/zoom_brut_visage_picto_douceur_automnale-768x477.jpg 768w\" sizes=\"auto, (max-width: 792px) 100vw, 792px\" \/><\/a><\/figure>\n<\/div>\n\n\n<div class=\"wp-block-buttons is-content-justification-center is-layout-flex wp-container-core-buttons-is-layout-16018d1d wp-block-buttons-is-layout-flex\">\n<div class=\"wp-block-button\"><a class=\"wp-block-button__link wp-element-button\" href=\"https:\/\/www.matierebrutelab.com\/fr\/87-drainer-et-tonifier\">D\u00c9COUVREZ NOS SOINS YOGA DU VISAGE<\/a><\/div>\n<\/div>\n\n\n\n<h3 class=\"wp-block-heading\">Du temps qui passe ? Comment l'appr\u00e9hender avec s\u00e9r\u00e9nit\u00e9 ?<\/h3>\n\n\n\n<p>Pour appr\u00e9hender le temps qui passe avec s\u00e9r\u00e9nit\u00e9, je pense qu'il est important de nourrir tr\u00e8s t\u00f4t son int\u00e9riorit\u00e9, et de se tourner de plus en plus vers des activit\u00e9s, des personnes et des environnements qui ont du sens pour nous et donnent du sens \u00e0 notre quotidien, qui nous nourrissent et nous donnent de la joie. Le temps qui passe est une chance, car il nous offre des occasions plus nombreuses de nous d\u00e9couvrir et de nous r\u00e9v\u00e9ler \u00e0 nous-m\u00eames au travers de nos exp\u00e9riences v\u00e9cues.<\/p>\n\n\n\n<h3 class=\"wp-block-heading\">Quel est ton dernier saut dans l'inconnu ?&nbsp;<\/h3>\n\n\n\n<p>Mon dernier saut dans l'inconnu a \u00e9t\u00e9 de partir au Japon pour \u00eatre jury dans un festival de facialistes \u00e0 Tokyo. Je r\u00eavais d'aller au Japon depuis de nombreuses ann\u00e9es (dizaines d'ann\u00e9es m\u00eame) et pouvoir joindre ma passion des soins du visage avec ce voyage a \u00e9t\u00e9 une exp\u00e9rience magnifique.<\/p>\n\n\n\n<h3 class=\"wp-block-heading\">As-tu des probl\u00e8mes de peau ou en as-tu d\u00e9j\u00e0 rencontr\u00e9s ? Comment y as-tu rem\u00e9di\u00e9 ?&nbsp;<\/h3>\n\n\n\n<p>J'ai la chance d'avoir une peau qui ne m'a jamais pos\u00e9 de probl\u00e8mes, et donc j'essaie d\u2019en prendre soin aussi bien que possible.<\/p>\n\n\n\n<h3 class=\"wp-block-heading\">Flashback sur ta co-cr\u00e9ation avec Mati\u00e8re Brute Lab, pourquoi ?&nbsp;<\/h3>\n\n\n\n<p>Ma co-cr\u00e9ation avec Mati\u00e8re Brute Lab \u00e9tait une \u00e9vidence. J'ai eu la joie de rencontrer Annabelle dans une de mes premi\u00e8res sessions d'enseignement professionnel du yoga du visage et sa vision de la Beaut\u00e9 et de la cosm\u00e9tique \u00e9tait compl\u00e8tement align\u00e9e avec celle que je souhaitais v\u00e9hiculer avec le yoga du visage. Nous sommes devenues amies et j'\u00e9tais tr\u00e8s honor\u00e9e de pouvoir co-cr\u00e9er avec elle <a href=\"https:\/\/www.matierebrutelab.com\/fr\/drainer-et-tonifier\/382-douceur-automnale.html\">Douceur Automnale<\/a>.<\/p>\n\n\n<div class=\"wp-block-image\">\n<figure class=\"aligncenter size-full\"><a href=\"https:\/\/www.matierebrutelab.com\/fr\/drainer-et-tonifier\/382-douceur-automnale.html\"><img loading=\"lazy\" decoding=\"async\" width=\"792\" height=\"492\" src=\"https:\/\/www.matierebrutelab.com\/blog\/wp-content\/uploads\/2024\/05\/diptyque_douceur_automnale_avis.jpg\" alt=\"\" class=\"wp-image-3215\" srcset=\"https:\/\/www.matierebrutelab.com\/blog\/wp-content\/uploads\/2024\/05\/diptyque_douceur_automnale_avis.jpg 792w, https:\/\/www.matierebrutelab.com\/blog\/wp-content\/uploads\/2024\/05\/diptyque_douceur_automnale_avis-300x186.jpg 300w, https:\/\/www.matierebrutelab.com\/blog\/wp-content\/uploads\/2024\/05\/diptyque_douceur_automnale_avis-768x477.jpg 768w\" sizes=\"auto, (max-width: 792px) 100vw, 792px\" \/><\/a><\/figure>\n<\/div>\n\n\n<h3 class=\"wp-block-heading\">Quelle est ta saison pr\u00e9f\u00e9r\u00e9e ?&nbsp;<\/h3>\n\n\n\n<p>L'automne.<\/p>\n\n\n\n<h3 class=\"wp-block-heading\">Ta couleur ?<\/h3>\n\n\n\n<p>Le blanc cr\u00e8me.<\/p>\n\n\n\n<h3 class=\"wp-block-heading\">Ta senteur ?&nbsp;<\/h3>\n\n\n\n<p>Celle du jasmin.<\/p>\n\n\n\n<h3 class=\"wp-block-heading\">Ta fleur ?&nbsp;<\/h3>\n\n\n\n<p>Le cam\u00e9lia blanc.<\/p>\n\n\n\n<h3 class=\"wp-block-heading\">Ton heure de la journ\u00e9e (ou de la nuit) ?&nbsp;<\/h3>\n\n\n\n<p>&nbsp;Le matin vers 07h<\/p>\n\n\n\n<h3 class=\"wp-block-heading\">Ton assiette ?&nbsp;<\/h3>\n\n\n\n<p>Une assiette color\u00e9e avec des l\u00e9gumes racines ou des courges dont j'adore la saveur douce (potimarrons, carottes, patates douces), des herbes aromatiques fra\u00eeches et un morceau de poisson, le tout arros\u00e9 d'un m\u00e9lange d'huile d'olive et de tamari.<\/p>\n\n\n\n<h3 class=\"wp-block-heading\">Ta gestuelle de yoga ?&nbsp;<\/h3>\n\n\n\n<p>Un grand \u00e9tirement et un grand b\u00e2illement.<\/p>\n\n\n\n<h3 class=\"wp-block-heading\">Comment adaptes-tu ton style de vie \u00e0 chaque saison ?&nbsp;<\/h3>\n\n\n\n<p>Par rapport \u00e0 la saison, j'essaie de ne manger que des fruits et l\u00e9gumes de saison, je me repose davantage en hiver, et je garde autant que possible un contact intime avec la nature tout au long de l'ann\u00e9e pour \u00eatre bien consciente de chacune des saisons.<\/p>\n\n\n\n<h3 class=\"wp-block-heading\">Quelle est ta routine beaut\u00e9 ?&nbsp;<\/h3>\n\n\n\n<p>Ma routine Beaut\u00e9 varie beaucoup ; j'aime changer r\u00e9guli\u00e8rement, mais elle comporte toujours une huile de massage du visage douce, saine et efficace : la base d'une pratique r\u00e9ussie de yoga du visage.<\/p>\n\n\n<div class=\"wp-block-image\">\n<figure class=\"aligncenter size-full\"><a href=\"https:\/\/www.matierebrutelab.com\/fr\/drainer-et-tonifier\/382-douceur-automnale.html\"><img loading=\"lazy\" decoding=\"async\" width=\"792\" height=\"492\" src=\"https:\/\/www.matierebrutelab.com\/blog\/wp-content\/uploads\/2024\/05\/diptyque_douceur_automnale_texture_ingredient.jpg\" alt=\"\" class=\"wp-image-3217\" srcset=\"https:\/\/www.matierebrutelab.com\/blog\/wp-content\/uploads\/2024\/05\/diptyque_douceur_automnale_texture_ingredient.jpg 792w, https:\/\/www.matierebrutelab.com\/blog\/wp-content\/uploads\/2024\/05\/diptyque_douceur_automnale_texture_ingredient-300x186.jpg 300w, https:\/\/www.matierebrutelab.com\/blog\/wp-content\/uploads\/2024\/05\/diptyque_douceur_automnale_texture_ingredient-768x477.jpg 768w\" sizes=\"auto, (max-width: 792px) 100vw, 792px\" \/><\/a><\/figure>\n<\/div>\n\n\n<h3 class=\"wp-block-heading\">Ma gestuelle de yoga : Quels sont tes soins MB pr\u00e9f\u00e9r\u00e9s ?\"<\/h3>\n\n\n\n<p>L'<a href=\"https:\/\/www.matierebrutelab.com\/fr\/drainer-et-tonifier\/382-douceur-automnale.html\">huile Douceur Automnale<\/a> que nous avons co-cr\u00e9\u00e9e, c'est une merveille de douceur pour la peau et une gourmandise absolue pour l'ensemble des sens.<\/p>\n\n\n\n<p>J'adore \u00e9galement le <a href=\"https:\/\/www.matierebrutelab.com\/fr\/soins-levres\/102-baume-a-levres-nourrissant.html\">Baume \u00e0 l\u00e8vres<\/a> nourrissant et protecteur.<\/p>\n\n\n\n<p>Et enfin, la <a href=\"https:\/\/www.matierebrutelab.com\/fr\/brumes-visage\/77-brume-equilibrante.html\">Brume \u00c9quilibrante<\/a>, extr\u00eamement revitalisante et qui sent tellement bon !<\/p>\n\n\n\n<h2 class=\"wp-block-heading\"><strong>D\u00e9couvrez les indispensables de Sylvie Lefranc \u00e0 lire absolument<\/strong><\/h2>\n\n\n\n<h3 class=\"wp-block-heading\">Je d\u00e9bute le yoga du visage<\/h3>\n\n\n<div class=\"wp-block-image\">\n<figure class=\"aligncenter size-full\"><a href=\"https:\/\/www.matierebrutelab.com\/fr\/drainer-et-tonifier\/417-je-debute-le-yoga-du-visage-sylvie-lefranc.html\"><img loading=\"lazy\" decoding=\"async\" width=\"792\" height=\"492\" src=\"https:\/\/www.matierebrutelab.com\/blog\/wp-content\/uploads\/2024\/05\/diptyque_debute_yoga_visage_lifestyle.jpg\" alt=\"\" class=\"wp-image-3221\" srcset=\"https:\/\/www.matierebrutelab.com\/blog\/wp-content\/uploads\/2024\/05\/diptyque_debute_yoga_visage_lifestyle.jpg 792w, https:\/\/www.matierebrutelab.com\/blog\/wp-content\/uploads\/2024\/05\/diptyque_debute_yoga_visage_lifestyle-300x186.jpg 300w, https:\/\/www.matierebrutelab.com\/blog\/wp-content\/uploads\/2024\/05\/diptyque_debute_yoga_visage_lifestyle-768x477.jpg 768w\" sizes=\"auto, (max-width: 792px) 100vw, 792px\" \/><\/a><\/figure>\n<\/div>\n\n\n<p>Le guide de poche <strong>sp\u00e9cial d\u00e9butants<\/strong> pour s\u2019initier au yoga du visage, \u00e9crit par Sylvie Lefranc, la <strong>sp\u00e9cialiste <\/strong>fran\u00e7aise par excellence de cette pratique.<\/p>\n\n\n\n<p>Retrouvez les <strong>34 pratiques<\/strong> essentielles pour un visage lisse, tonifi\u00e9 et \u00e9clatant de jeunesse en seulement <strong>5 minutes par jour<\/strong>. Dans cet ouvrage, d\u00e9couvrez les <strong>bases <\/strong>de cette pratique remarquablement <strong>efficace <\/strong>et <strong>respectueuse <\/strong>de votre peau, quel que soit votre \u00e2ge !<\/p>\n\n\n\n<p>\u2022 Les bases du yoga du visage et tous ses bienfaits : <strong>structures <\/strong>de la peau et du visage, <strong>conseils <\/strong>pour d\u00e9buter, <strong>instruments <\/strong>utiles\u2026<br>\u2022 Les techniques essentielles pour lisser vos imperfections : <strong>ride <\/strong>du lion, <strong>plis <\/strong>d\u2019amertume, <strong>affaissement <\/strong>de l\u2019ovale, <strong>double menton<\/strong>\u2026<br>\u2022 Des rituels en 5 minutes par jour pour une peau <strong>resplendissante <\/strong>au quotidien !<br>\u2022 34 pratiques <strong>illustr\u00e9es <\/strong>\u00e0 exp\u00e9rimenter chez soi : automassage avec les mains ou des instruments de beaut\u00e9 adapt\u00e9s, points <strong>d\u2019acupression <\/strong>et exercices de yoga facial.<\/p>\n\n\n\n<div class=\"wp-block-buttons is-content-justification-center is-layout-flex wp-container-core-buttons-is-layout-16018d1d wp-block-buttons-is-layout-flex\">\n<div class=\"wp-block-button\"><a class=\"wp-block-button__link wp-element-button\" href=\"https:\/\/www.matierebrutelab.com\/fr\/drainer-et-tonifier\/417-je-debute-le-yoga-du-visage-sylvie-lefranc.html\">JE D\u00c9COUVRE LE YOGA DU VISAGE<\/a><\/div>\n<\/div>\n\n\n\n<h3 class=\"wp-block-heading\">Mes cartes yoga du visage<\/h3>\n\n\n<div class=\"wp-block-image\">\n<figure class=\"aligncenter size-full\"><a href=\"https:\/\/www.matierebrutelab.com\/fr\/drainer-et-tonifier\/418-mes-cartes-yoga-du-visage-sylvie-lefranc.html\"><img loading=\"lazy\" decoding=\"async\" width=\"792\" height=\"492\" src=\"https:\/\/www.matierebrutelab.com\/blog\/wp-content\/uploads\/2024\/05\/diptyque_carte_yoga_visage_avis.jpg\" alt=\"\" class=\"wp-image-3218\" srcset=\"https:\/\/www.matierebrutelab.com\/blog\/wp-content\/uploads\/2024\/05\/diptyque_carte_yoga_visage_avis.jpg 792w, https:\/\/www.matierebrutelab.com\/blog\/wp-content\/uploads\/2024\/05\/diptyque_carte_yoga_visage_avis-300x186.jpg 300w, https:\/\/www.matierebrutelab.com\/blog\/wp-content\/uploads\/2024\/05\/diptyque_carte_yoga_visage_avis-768x477.jpg 768w\" sizes=\"auto, (max-width: 792px) 100vw, 792px\" \/><\/a><\/figure>\n<\/div>\n\n\n<p><strong>60 cartes pour cr\u00e9er votre propre rituel et tonifier votre visage et sublimer votre peau en seulement 5 minutes par jour&nbsp;<\/strong><\/p>\n\n\n\n<p>R\u00e9sultat : Un visage lisse, tonifi\u00e9 et \u00e9clatant de jeunesse en seulement 5 minutes par jour.<\/p>\n\n\n\n<ul class=\"wp-block-list\">\n<li>60 cartes 100% visuelles<\/li>\n\n\n\n<li>16 cartes d'automassage<\/li>\n\n\n\n<li>35 cartes de yoga facial<\/li>\n\n\n\n<li>7 cartes d'acupression<\/li>\n\n\n\n<li>2 cartes de routine beaut\u00e9<\/li>\n<\/ul>\n\n\n\n<div class=\"wp-block-buttons is-content-justification-center is-layout-flex wp-container-core-buttons-is-layout-16018d1d wp-block-buttons-is-layout-flex\">\n<div class=\"wp-block-button\"><a class=\"wp-block-button__link wp-element-button\" href=\"https:\/\/www.matierebrutelab.com\/fr\/drainer-et-tonifier\/418-mes-cartes-yoga-du-visage-sylvie-lefranc.html\">J'EXPLORE LES CARTES DU YOGA DU VISAGE<\/a><\/div>\n<\/div>\n\n\n\n<h3 class=\"wp-block-heading\">Mes secrets de beaut\u00e9<\/h3>\n\n\n<div class=\"wp-block-image\">\n<figure class=\"aligncenter size-full\"><a href=\"https:\/\/www.matierebrutelab.com\/fr\/accessoires-zero-dechet\/504-mes-secrets-de-beaute-sylvie-lefranc.html\"><img loading=\"lazy\" decoding=\"async\" width=\"792\" height=\"492\" src=\"https:\/\/www.matierebrutelab.com\/blog\/wp-content\/uploads\/2024\/05\/diptyque_secrets_beaute_avis.jpg\" alt=\"\" class=\"wp-image-3222\" srcset=\"https:\/\/www.matierebrutelab.com\/blog\/wp-content\/uploads\/2024\/05\/diptyque_secrets_beaute_avis.jpg 792w, https:\/\/www.matierebrutelab.com\/blog\/wp-content\/uploads\/2024\/05\/diptyque_secrets_beaute_avis-300x186.jpg 300w, https:\/\/www.matierebrutelab.com\/blog\/wp-content\/uploads\/2024\/05\/diptyque_secrets_beaute_avis-768x477.jpg 768w\" sizes=\"auto, (max-width: 792px) 100vw, 792px\" \/><\/a><\/figure>\n<\/div>\n\n\n<p>Avez-vous d\u00e9j\u00e0 remarqu\u00e9 des signes de <strong>fatigue <\/strong>sur votre visage, comme des <a href=\"https:\/\/www.matierebrutelab.com\/blog\/ride-du-lion\/\"><strong>rides<\/strong><\/a><strong> <\/strong>ou un <strong>teint terne<\/strong>\u202f? Ces manifestations ne sont pas in\u00e9vitables. En r\u00e9alit\u00e9, il est possible de traiter naturellement ces probl\u00e8mes qui alt\u00e8rent votre beaut\u00e9. Selon la m\u00e9decine \u00e9nerg\u00e9tique chinoise, notre visage refl\u00e8te l'\u00e9quilibre ou le d\u00e9s\u00e9quilibre de cinq \u00e9l\u00e9ments essentiels\u202f: le bois, le m\u00e9tal, le feu, la terre et l'eau, pr\u00e9sents en chacun de nous.<\/p>\n\n\n\n<p>Puisant dans la richesse des savoirs professionnels, Sylvie Lefranc nous propose des protocoles pour chacune de ces probl\u00e9matiques&nbsp;:<\/p>\n\n\n\n<ul class=\"wp-block-list\">\n<li>Le point sur les \u00e9quilibres du corps et le r\u00f4le des \u00e9l\u00e9ments de l\u2019\u00e9nerg\u00e9tique chinoise sur notre visage&nbsp;<\/li>\n\n\n\n<li>Tout ce qu\u2019il faut savoir pour reconnaitre les manifestations d\u2019un d\u00e9s\u00e9quilibre&nbsp;<\/li>\n<\/ul>\n\n\n\n<p>Le mode d\u2019emploi pour une application ultra-pratique avec des <strong>protocoles d\u2019acupression<\/strong>, exercices de <strong>yoga du visage<\/strong> et applications de <strong>face taping<\/strong><\/p>\n\n\n\n<p>S'inspirant de cette <strong>sagesse <\/strong>mill\u00e9naire, Sylvie Lefranc nous propose des <strong>solutions pratiques<\/strong> pour r\u00e9tablir <strong>l'harmonie <\/strong>de notre visage. Son livre aborde les principes <strong>fondamentaux <\/strong>de l'\u00e9nerg\u00e9tique chinoise appliqu\u00e9s \u00e0 la beaut\u00e9, nous aidant \u00e0 identifier les <strong>signes <\/strong>de <strong>d\u00e9s\u00e9quilibre<\/strong>.\u00a0<\/p>\n\n\n\n<p>Alors, pr\u00eates\u202f?<\/p>\n\n\n\n<div class=\"wp-block-buttons is-content-justification-center is-layout-flex wp-container-core-buttons-is-layout-16018d1d wp-block-buttons-is-layout-flex\">\n<div class=\"wp-block-button\"><a class=\"wp-block-button__link wp-element-button\" href=\"https:\/\/www.sylvielefranc.fr\/yoga-du-visage\">JE D\u00c9COUVRE CE QUE SYLVIE LEFRANC FAIT<\/a><\/div>\n<\/div>\n\n\n\n<h3 class=\"wp-block-heading\">\u00c0 lire aussi sur notre blog<\/h3>\n\n\n\n<p><\/p>\n\n\n\n<ul class=\"wp-block-list\">\n<li><a href=\"https:\/\/www.matierebrutelab.com\/blog\/ride-du-lion\/\">Comprendre et att\u00e9nuer les rides du lion : approche scientifique et exercices pratiques<\/a><\/li>\n\n\n\n<li><a href=\"https:\/\/www.matierebrutelab.com\/blog\/peau-sensible-soins-naturels\/\">Peaux sensibles : comprendre, apaiser et r\u00e9\u00e9quilibrer<\/a><\/li>\n\n\n\n<li><a href=\"https:\/\/www.matierebrutelab.com\/blog\/le-yoga-et-les-saisons\/\">Le yoga et les saisons<\/a><\/li>\n<\/ul>\n\n\n\n<p class=\"has-text-align-center\">Une communaut\u00e9 qui adore Mati\u00e8re Brute :<\/p>\n\n\n<div class=\"wp-block-image\">\n<figure class=\"aligncenter size-large is-resized\"><a href=\"https:\/\/fr.trustpilot.com\/review\/matierebrutelab.com?utm_campaign=free&amp;utm_medium=trustbox&amp;utm_source=TrustBoxBasic\"><img loading=\"lazy\" decoding=\"async\" width=\"1024\" height=\"160\" src=\"https:\/\/www.matierebrutelab.com\/blog\/wp-content\/uploads\/2024\/02\/Capture-decran-2024-02-06-a-12.01.55-1024x160.png\" alt=\"\" class=\"wp-image-1691\" style=\"width:333px;height:auto\" srcset=\"https:\/\/www.matierebrutelab.com\/blog\/wp-content\/uploads\/2024\/02\/Capture-decran-2024-02-06-a-12.01.55-1024x160.png 1024w, https:\/\/www.matierebrutelab.com\/blog\/wp-content\/uploads\/2024\/02\/Capture-decran-2024-02-06-a-12.01.55-300x47.png 300w, https:\/\/www.matierebrutelab.com\/blog\/wp-content\/uploads\/2024\/02\/Capture-decran-2024-02-06-a-12.01.55-768x120.png 768w, https:\/\/www.matierebrutelab.com\/blog\/wp-content\/uploads\/2024\/02\/Capture-decran-2024-02-06-a-12.01.55-1536x239.png 1536w, https:\/\/www.matierebrutelab.com\/blog\/wp-content\/uploads\/2024\/02\/Capture-decran-2024-02-06-a-12.01.55.png 1656w\" sizes=\"auto, (max-width: 1024px) 100vw, 1024px\" \/><\/a><\/figure>\n<\/div>\n\n\n<div class=\"wp-block-columns is-layout-flex wp-container-core-columns-is-layout-9d6595d7 wp-block-columns-is-layout-flex\">\n<div class=\"wp-block-column is-layout-flow wp-block-column-is-layout-flow\"><div class=\"wp-block-image\">\n<figure class=\"aligncenter size-full\"><a href=\"https:\/\/www.matierebrutelab.com\/fr\/soins-levres\/102-baume-a-levres-nourrissant.html\"><img loading=\"lazy\" decoding=\"async\" width=\"800\" height=\"800\" src=\"https:\/\/www.matierebrutelab.com\/blog\/wp-content\/uploads\/2025\/04\/baume_levres.jpg\" alt=\"Photo du baume \u00e0 l\u00e8vres nourrissant\" class=\"wp-image-2598\" srcset=\"https:\/\/www.matierebrutelab.com\/blog\/wp-content\/uploads\/2025\/04\/baume_levres.jpg 800w, https:\/\/www.matierebrutelab.com\/blog\/wp-content\/uploads\/2025\/04\/baume_levres-300x300.jpg 300w, https:\/\/www.matierebrutelab.com\/blog\/wp-content\/uploads\/2025\/04\/baume_levres-150x150.jpg 150w, https:\/\/www.matierebrutelab.com\/blog\/wp-content\/uploads\/2025\/04\/baume_levres-768x768.jpg 768w\" sizes=\"auto, (max-width: 800px) 100vw, 800px\" \/><\/a><figcaption class=\"wp-element-caption\"><a href=\"https:\/\/www.matierebrutelab.com\/fr\/soins-levres\/102-baume-a-levres-nourrissant.html\">Baume \u00e0 L\u00e8vres Nourrissant<\/a><\/figcaption><\/figure>\n<\/div><\/div>\n\n\n\n<div class=\"wp-block-column is-layout-flow wp-block-column-is-layout-flow\"><div class=\"wp-block-image\">\n<figure class=\"aligncenter size-large\"><a href=\"https:\/\/www.matierebrutelab.com\/fr\/drainer-et-tonifier\/523-essentiels-yoga-visage.html\"><img decoding=\"async\" src=\"https:\/\/www.matierebrutelab.com\/2519-large_default\/essentiels-yoga-visage.webp\" alt=\"\"\/><\/a><figcaption class=\"wp-element-caption\"><a href=\"https:\/\/www.matierebrutelab.com\/fr\/drainer-et-tonifier\/523-essentiels-yoga-visage.html\">Essentiels Yoga Visage<\/a><\/figcaption><\/figure>\n<\/div><\/div>\n\n\n\n<div class=\"wp-block-column is-layout-flow wp-block-column-is-layout-flow\"><div class=\"wp-block-image\">\n<figure class=\"aligncenter size-large\"><a href=\"https:\/\/www.matierebrutelab.com\/fr\/brumes-visage\/77-brume-equilibrante.html\"><img decoding=\"async\" src=\"https:\/\/www.matierebrutelab.com\/2353-large_default\/brume-equilibrante.webp\" alt=\"\"\/><\/a><figcaption class=\"wp-element-caption\"><a href=\"https:\/\/www.matierebrutelab.com\/fr\/brumes-visage\/77-brume-equilibrante.html\">Brume \u00c9quilibrante<\/a><\/figcaption><\/figure>\n<\/div><\/div>\n<\/div>\n","protected":false},"excerpt":{"rendered":"<p>Interview de Sylvie Lefranc, la papesse du yoga du Visage \u201cUne femme belle et rayonnante est fondamentalement une femme qui s\u2019aime. Et pour pouvoir s\u2019aimer, une femme doit apprendre \u00e0 se conna\u00eetre, \u00e0 prendre soin de son visage et de son corps, \u00e0 honorer et \u00e0 \u00e9couter ses \u00e9motions et \u00e0 \u00eatre en harmonie\u201d. &#8211; Sylvie Lefranc Professeure de hatha yoga passionn\u00e9e par la beaut\u00e9, Sylvie Lefranc&nbsp;s\u2019est form\u00e9e il y a dix ans aux massages ayurv\u00e9diques du visage et \u00e0 la cosm\u00e9tique, pour proposer une approche unifi\u00e9e de ces deux disciplines, le yoga du visage. C\u2019est avec passion qu\u2019elle nous enseigne des techniques douces et conscientes afin de permettre aux femmes de garder ou de retrouver une peau rayonnante et [&#8230;]<\/p>\n","protected":false},"author":7,"featured_media":1906,"comment_status":"closed","ping_status":"closed","sticky":false,"template":"","format":"standard","meta":{"_acf_changed":false,"footnotes":""},"categories":[26],"tags":[],"test":[],"class_list":["post-1904","post","type-post","status-publish","format-standard","has-post-thumbnail","hentry","category-lifestyle"],"acf":[],"yoast_head":"<!-- This site is optimized with the Yoast SEO plugin v27.4 - https:\/\/yoast.com\/product\/yoast-seo-wordpress\/ -->\n<title>Les indispensables de Sylvie Lefranc - Mati\u00e8re Brute Lab<\/title>\n<meta name=\"description\" content=\"Mati\u00e8re Brute Lab a collabor\u00e9 avec des personnalit\u00e9s inspirantes, adeptes d&#039;une approche holistique du bien-\u00eatre, pour cr\u00e9er des soins uniques.\" \/>\n<meta name=\"robots\" content=\"index, follow, max-snippet:-1, max-image-preview:large, max-video-preview:-1\" \/>\n<link rel=\"canonical\" href=\"https:\/\/www.matierebrutelab.com\/blog\/une-femme-belle-et-rayonnante-est-fondamentalement-une-femme-qui-saime\/\" \/>\n<meta property=\"og:locale\" content=\"fr_FR\" \/>\n<meta property=\"og:type\" content=\"article\" \/>\n<meta property=\"og:title\" content=\"Les indispensables de Sylvie Lefranc - Mati\u00e8re Brute Lab\" \/>\n<meta property=\"og:description\" content=\"Mati\u00e8re Brute Lab a collabor\u00e9 avec des personnalit\u00e9s inspirantes, adeptes d&#039;une approche holistique du bien-\u00eatre, pour cr\u00e9er des soins uniques.\" \/>\n<meta property=\"og:url\" content=\"https:\/\/www.matierebrutelab.com\/blog\/une-femme-belle-et-rayonnante-est-fondamentalement-une-femme-qui-saime\/\" \/>\n<meta property=\"og:site_name\" content=\"Mati\u00e8re Brute Lab\" \/>\n<meta property=\"article:publisher\" content=\"https:\/\/www.facebook.com\/matierebrutelab\/\" \/>\n<meta property=\"article:published_time\" content=\"2025-06-18T13:08:58+00:00\" \/>\n<meta property=\"article:modified_time\" content=\"2025-11-10T11:55:50+00:00\" \/>\n<meta property=\"og:image\" content=\"https:\/\/www.matierebrutelab.com\/blog\/wp-content\/uploads\/2024\/05\/blog.png\" \/>\n\t<meta property=\"og:image:width\" content=\"792\" \/>\n\t<meta property=\"og:image:height\" content=\"492\" \/>\n\t<meta property=\"og:image:type\" content=\"image\/png\" \/>\n<meta name=\"author\" content=\"alecoute\" \/>\n<meta name=\"twitter:card\" content=\"summary_large_image\" \/>\n<meta name=\"twitter:creator\" content=\"@matierebrutelab\" \/>\n<meta name=\"twitter:site\" content=\"@matierebrutelab\" \/>\n<meta name=\"twitter:label1\" content=\"\u00c9crit par\" \/>\n\t<meta name=\"twitter:data1\" content=\"alecoute\" \/>\n\t<meta name=\"twitter:label2\" content=\"Dur\u00e9e de lecture estim\u00e9e\" \/>\n\t<meta name=\"twitter:data2\" content=\"10 minutes\" \/>\n<script type=\"application\/ld+json\" class=\"yoast-schema-graph\">{\"@context\":\"https:\\\/\\\/schema.org\",\"@graph\":[{\"@type\":\"Article\",\"@id\":\"https:\\\/\\\/www.matierebrutelab.com\\\/blog\\\/une-femme-belle-et-rayonnante-est-fondamentalement-une-femme-qui-saime\\\/#article\",\"isPartOf\":{\"@id\":\"https:\\\/\\\/www.matierebrutelab.com\\\/blog\\\/une-femme-belle-et-rayonnante-est-fondamentalement-une-femme-qui-saime\\\/\"},\"author\":{\"name\":\"alecoute\",\"@id\":\"https:\\\/\\\/www.matierebrutelab.com\\\/blog\\\/#\\\/schema\\\/person\\\/1b4ce5d3839cd8114e4517c34abc6431\"},\"headline\":\"Les indispensables de Sylvie Lefranc, la papesse du yoga\",\"datePublished\":\"2025-06-18T13:08:58+00:00\",\"dateModified\":\"2025-11-10T11:55:50+00:00\",\"mainEntityOfPage\":{\"@id\":\"https:\\\/\\\/www.matierebrutelab.com\\\/blog\\\/une-femme-belle-et-rayonnante-est-fondamentalement-une-femme-qui-saime\\\/\"},\"wordCount\":1598,\"publisher\":{\"@id\":\"https:\\\/\\\/www.matierebrutelab.com\\\/blog\\\/#organization\"},\"image\":{\"@id\":\"https:\\\/\\\/www.matierebrutelab.com\\\/blog\\\/une-femme-belle-et-rayonnante-est-fondamentalement-une-femme-qui-saime\\\/#primaryimage\"},\"thumbnailUrl\":\"https:\\\/\\\/www.matierebrutelab.com\\\/blog\\\/wp-content\\\/uploads\\\/2024\\\/05\\\/blog.png\",\"articleSection\":[\"Lifestyle de saison\"],\"inLanguage\":\"fr-FR\"},{\"@type\":\"WebPage\",\"@id\":\"https:\\\/\\\/www.matierebrutelab.com\\\/blog\\\/une-femme-belle-et-rayonnante-est-fondamentalement-une-femme-qui-saime\\\/\",\"url\":\"https:\\\/\\\/www.matierebrutelab.com\\\/blog\\\/une-femme-belle-et-rayonnante-est-fondamentalement-une-femme-qui-saime\\\/\",\"name\":\"Les indispensables de Sylvie Lefranc - Mati\u00e8re Brute Lab\",\"isPartOf\":{\"@id\":\"https:\\\/\\\/www.matierebrutelab.com\\\/blog\\\/#website\"},\"primaryImageOfPage\":{\"@id\":\"https:\\\/\\\/www.matierebrutelab.com\\\/blog\\\/une-femme-belle-et-rayonnante-est-fondamentalement-une-femme-qui-saime\\\/#primaryimage\"},\"image\":{\"@id\":\"https:\\\/\\\/www.matierebrutelab.com\\\/blog\\\/une-femme-belle-et-rayonnante-est-fondamentalement-une-femme-qui-saime\\\/#primaryimage\"},\"thumbnailUrl\":\"https:\\\/\\\/www.matierebrutelab.com\\\/blog\\\/wp-content\\\/uploads\\\/2024\\\/05\\\/blog.png\",\"datePublished\":\"2025-06-18T13:08:58+00:00\",\"dateModified\":\"2025-11-10T11:55:50+00:00\",\"description\":\"Mati\u00e8re Brute Lab a collabor\u00e9 avec des personnalit\u00e9s inspirantes, adeptes d'une approche holistique du bien-\u00eatre, pour cr\u00e9er des soins uniques.\",\"breadcrumb\":{\"@id\":\"https:\\\/\\\/www.matierebrutelab.com\\\/blog\\\/une-femme-belle-et-rayonnante-est-fondamentalement-une-femme-qui-saime\\\/#breadcrumb\"},\"inLanguage\":\"fr-FR\",\"potentialAction\":[{\"@type\":\"ReadAction\",\"target\":[\"https:\\\/\\\/www.matierebrutelab.com\\\/blog\\\/une-femme-belle-et-rayonnante-est-fondamentalement-une-femme-qui-saime\\\/\"]}]},{\"@type\":\"ImageObject\",\"inLanguage\":\"fr-FR\",\"@id\":\"https:\\\/\\\/www.matierebrutelab.com\\\/blog\\\/une-femme-belle-et-rayonnante-est-fondamentalement-une-femme-qui-saime\\\/#primaryimage\",\"url\":\"https:\\\/\\\/www.matierebrutelab.com\\\/blog\\\/wp-content\\\/uploads\\\/2024\\\/05\\\/blog.png\",\"contentUrl\":\"https:\\\/\\\/www.matierebrutelab.com\\\/blog\\\/wp-content\\\/uploads\\\/2024\\\/05\\\/blog.png\",\"width\":792,\"height\":492},{\"@type\":\"BreadcrumbList\",\"@id\":\"https:\\\/\\\/www.matierebrutelab.com\\\/blog\\\/une-femme-belle-et-rayonnante-est-fondamentalement-une-femme-qui-saime\\\/#breadcrumb\",\"itemListElement\":[{\"@type\":\"ListItem\",\"position\":1,\"name\":\"Accueil\",\"item\":\"https:\\\/\\\/www.matierebrutelab.com\\\/blog\\\/\"},{\"@type\":\"ListItem\",\"position\":2,\"name\":\"Les indispensables de Sylvie Lefranc, la papesse du yoga\"}]},{\"@type\":\"WebSite\",\"@id\":\"https:\\\/\\\/www.matierebrutelab.com\\\/blog\\\/#website\",\"url\":\"https:\\\/\\\/www.matierebrutelab.com\\\/blog\\\/\",\"name\":\"Mati\u00e8re Brute Lab\",\"description\":\"\",\"publisher\":{\"@id\":\"https:\\\/\\\/www.matierebrutelab.com\\\/blog\\\/#organization\"},\"potentialAction\":[{\"@type\":\"SearchAction\",\"target\":{\"@type\":\"EntryPoint\",\"urlTemplate\":\"https:\\\/\\\/www.matierebrutelab.com\\\/blog\\\/?s={search_term_string}\"},\"query-input\":{\"@type\":\"PropertyValueSpecification\",\"valueRequired\":true,\"valueName\":\"search_term_string\"}}],\"inLanguage\":\"fr-FR\"},{\"@type\":\"Organization\",\"@id\":\"https:\\\/\\\/www.matierebrutelab.com\\\/blog\\\/#organization\",\"name\":\"Mati\u00e8re Brute Lab\",\"url\":\"https:\\\/\\\/www.matierebrutelab.com\\\/blog\\\/\",\"logo\":{\"@type\":\"ImageObject\",\"inLanguage\":\"fr-FR\",\"@id\":\"https:\\\/\\\/www.matierebrutelab.com\\\/blog\\\/#\\\/schema\\\/logo\\\/image\\\/\",\"url\":\"https:\\\/\\\/www.matierebrutelab.com\\\/blog\\\/wp-content\\\/uploads\\\/2022\\\/08\\\/matiere-brut-lab-logo-1622535226.png\",\"contentUrl\":\"https:\\\/\\\/www.matierebrutelab.com\\\/blog\\\/wp-content\\\/uploads\\\/2022\\\/08\\\/matiere-brut-lab-logo-1622535226.png\",\"width\":500,\"height\":260,\"caption\":\"Mati\u00e8re Brute Lab\"},\"image\":{\"@id\":\"https:\\\/\\\/www.matierebrutelab.com\\\/blog\\\/#\\\/schema\\\/logo\\\/image\\\/\"},\"sameAs\":[\"https:\\\/\\\/www.facebook.com\\\/matierebrutelab\\\/\",\"https:\\\/\\\/x.com\\\/matierebrutelab\",\"https:\\\/\\\/www.instagram.com\\\/matiere_brute_lab\\\/\"]},{\"@type\":\"Person\",\"@id\":\"https:\\\/\\\/www.matierebrutelab.com\\\/blog\\\/#\\\/schema\\\/person\\\/1b4ce5d3839cd8114e4517c34abc6431\",\"name\":\"alecoute\",\"image\":{\"@type\":\"ImageObject\",\"inLanguage\":\"fr-FR\",\"@id\":\"https:\\\/\\\/secure.gravatar.com\\\/avatar\\\/2a84e6f847e59e8825b99078df4a8708d0fa8731cadcdb2fd5197c09165280dc?s=96&d=mm&r=g\",\"url\":\"https:\\\/\\\/secure.gravatar.com\\\/avatar\\\/2a84e6f847e59e8825b99078df4a8708d0fa8731cadcdb2fd5197c09165280dc?s=96&d=mm&r=g\",\"contentUrl\":\"https:\\\/\\\/secure.gravatar.com\\\/avatar\\\/2a84e6f847e59e8825b99078df4a8708d0fa8731cadcdb2fd5197c09165280dc?s=96&d=mm&r=g\",\"caption\":\"alecoute\"}}]}<\/script>\n<!-- \/ Yoast SEO plugin. -->","yoast_head_json":{"title":"Les indispensables de Sylvie Lefranc - Mati\u00e8re Brute Lab","description":"Mati\u00e8re Brute Lab a collabor\u00e9 avec des personnalit\u00e9s inspirantes, adeptes d'une approche holistique du bien-\u00eatre, pour cr\u00e9er des soins uniques.","robots":{"index":"index","follow":"follow","max-snippet":"max-snippet:-1","max-image-preview":"max-image-preview:large","max-video-preview":"max-video-preview:-1"},"canonical":"https:\/\/www.matierebrutelab.com\/blog\/une-femme-belle-et-rayonnante-est-fondamentalement-une-femme-qui-saime\/","og_locale":"fr_FR","og_type":"article","og_title":"Les indispensables de Sylvie Lefranc - Mati\u00e8re Brute Lab","og_description":"Mati\u00e8re Brute Lab a collabor\u00e9 avec des personnalit\u00e9s inspirantes, adeptes d'une approche holistique du bien-\u00eatre, pour cr\u00e9er des soins uniques.","og_url":"https:\/\/www.matierebrutelab.com\/blog\/une-femme-belle-et-rayonnante-est-fondamentalement-une-femme-qui-saime\/","og_site_name":"Mati\u00e8re Brute Lab","article_publisher":"https:\/\/www.facebook.com\/matierebrutelab\/","article_published_time":"2025-06-18T13:08:58+00:00","article_modified_time":"2025-11-10T11:55:50+00:00","og_image":[{"width":792,"height":492,"url":"https:\/\/www.matierebrutelab.com\/blog\/wp-content\/uploads\/2024\/05\/blog.png","type":"image\/png"}],"author":"alecoute","twitter_card":"summary_large_image","twitter_creator":"@matierebrutelab","twitter_site":"@matierebrutelab","twitter_misc":{"\u00c9crit par":"alecoute","Dur\u00e9e de lecture estim\u00e9e":"10 minutes"},"schema":{"@context":"https:\/\/schema.org","@graph":[{"@type":"Article","@id":"https:\/\/www.matierebrutelab.com\/blog\/une-femme-belle-et-rayonnante-est-fondamentalement-une-femme-qui-saime\/#article","isPartOf":{"@id":"https:\/\/www.matierebrutelab.com\/blog\/une-femme-belle-et-rayonnante-est-fondamentalement-une-femme-qui-saime\/"},"author":{"name":"alecoute","@id":"https:\/\/www.matierebrutelab.com\/blog\/#\/schema\/person\/1b4ce5d3839cd8114e4517c34abc6431"},"headline":"Les indispensables de Sylvie Lefranc, la papesse du yoga","datePublished":"2025-06-18T13:08:58+00:00","dateModified":"2025-11-10T11:55:50+00:00","mainEntityOfPage":{"@id":"https:\/\/www.matierebrutelab.com\/blog\/une-femme-belle-et-rayonnante-est-fondamentalement-une-femme-qui-saime\/"},"wordCount":1598,"publisher":{"@id":"https:\/\/www.matierebrutelab.com\/blog\/#organization"},"image":{"@id":"https:\/\/www.matierebrutelab.com\/blog\/une-femme-belle-et-rayonnante-est-fondamentalement-une-femme-qui-saime\/#primaryimage"},"thumbnailUrl":"https:\/\/www.matierebrutelab.com\/blog\/wp-content\/uploads\/2024\/05\/blog.png","articleSection":["Lifestyle de saison"],"inLanguage":"fr-FR"},{"@type":"WebPage","@id":"https:\/\/www.matierebrutelab.com\/blog\/une-femme-belle-et-rayonnante-est-fondamentalement-une-femme-qui-saime\/","url":"https:\/\/www.matierebrutelab.com\/blog\/une-femme-belle-et-rayonnante-est-fondamentalement-une-femme-qui-saime\/","name":"Les indispensables de Sylvie Lefranc - Mati\u00e8re Brute Lab","isPartOf":{"@id":"https:\/\/www.matierebrutelab.com\/blog\/#website"},"primaryImageOfPage":{"@id":"https:\/\/www.matierebrutelab.com\/blog\/une-femme-belle-et-rayonnante-est-fondamentalement-une-femme-qui-saime\/#primaryimage"},"image":{"@id":"https:\/\/www.matierebrutelab.com\/blog\/une-femme-belle-et-rayonnante-est-fondamentalement-une-femme-qui-saime\/#primaryimage"},"thumbnailUrl":"https:\/\/www.matierebrutelab.com\/blog\/wp-content\/uploads\/2024\/05\/blog.png","datePublished":"2025-06-18T13:08:58+00:00","dateModified":"2025-11-10T11:55:50+00:00","description":"Mati\u00e8re Brute Lab a collabor\u00e9 avec des personnalit\u00e9s inspirantes, adeptes d'une approche holistique du bien-\u00eatre, pour cr\u00e9er des soins uniques.","breadcrumb":{"@id":"https:\/\/www.matierebrutelab.com\/blog\/une-femme-belle-et-rayonnante-est-fondamentalement-une-femme-qui-saime\/#breadcrumb"},"inLanguage":"fr-FR","potentialAction":[{"@type":"ReadAction","target":["https:\/\/www.matierebrutelab.com\/blog\/une-femme-belle-et-rayonnante-est-fondamentalement-une-femme-qui-saime\/"]}]},{"@type":"ImageObject","inLanguage":"fr-FR","@id":"https:\/\/www.matierebrutelab.com\/blog\/une-femme-belle-et-rayonnante-est-fondamentalement-une-femme-qui-saime\/#primaryimage","url":"https:\/\/www.matierebrutelab.com\/blog\/wp-content\/uploads\/2024\/05\/blog.png","contentUrl":"https:\/\/www.matierebrutelab.com\/blog\/wp-content\/uploads\/2024\/05\/blog.png","width":792,"height":492},{"@type":"BreadcrumbList","@id":"https:\/\/www.matierebrutelab.com\/blog\/une-femme-belle-et-rayonnante-est-fondamentalement-une-femme-qui-saime\/#breadcrumb","itemListElement":[{"@type":"ListItem","position":1,"name":"Accueil","item":"https:\/\/www.matierebrutelab.com\/blog\/"},{"@type":"ListItem","position":2,"name":"Les indispensables de Sylvie Lefranc, la papesse du yoga"}]},{"@type":"WebSite","@id":"https:\/\/www.matierebrutelab.com\/blog\/#website","url":"https:\/\/www.matierebrutelab.com\/blog\/","name":"Mati\u00e8re Brute Lab","description":"","publisher":{"@id":"https:\/\/www.matierebrutelab.com\/blog\/#organization"},"potentialAction":[{"@type":"SearchAction","target":{"@type":"EntryPoint","urlTemplate":"https:\/\/www.matierebrutelab.com\/blog\/?s={search_term_string}"},"query-input":{"@type":"PropertyValueSpecification","valueRequired":true,"valueName":"search_term_string"}}],"inLanguage":"fr-FR"},{"@type":"Organization","@id":"https:\/\/www.matierebrutelab.com\/blog\/#organization","name":"Mati\u00e8re Brute Lab","url":"https:\/\/www.matierebrutelab.com\/blog\/","logo":{"@type":"ImageObject","inLanguage":"fr-FR","@id":"https:\/\/www.matierebrutelab.com\/blog\/#\/schema\/logo\/image\/","url":"https:\/\/www.matierebrutelab.com\/blog\/wp-content\/uploads\/2022\/08\/matiere-brut-lab-logo-1622535226.png","contentUrl":"https:\/\/www.matierebrutelab.com\/blog\/wp-content\/uploads\/2022\/08\/matiere-brut-lab-logo-1622535226.png","width":500,"height":260,"caption":"Mati\u00e8re Brute Lab"},"image":{"@id":"https:\/\/www.matierebrutelab.com\/blog\/#\/schema\/logo\/image\/"},"sameAs":["https:\/\/www.facebook.com\/matierebrutelab\/","https:\/\/x.com\/matierebrutelab","https:\/\/www.instagram.com\/matiere_brute_lab\/"]},{"@type":"Person","@id":"https:\/\/www.matierebrutelab.com\/blog\/#\/schema\/person\/1b4ce5d3839cd8114e4517c34abc6431","name":"alecoute","image":{"@type":"ImageObject","inLanguage":"fr-FR","@id":"https:\/\/secure.gravatar.com\/avatar\/2a84e6f847e59e8825b99078df4a8708d0fa8731cadcdb2fd5197c09165280dc?s=96&d=mm&r=g","url":"https:\/\/secure.gravatar.com\/avatar\/2a84e6f847e59e8825b99078df4a8708d0fa8731cadcdb2fd5197c09165280dc?s=96&d=mm&r=g","contentUrl":"https:\/\/secure.gravatar.com\/avatar\/2a84e6f847e59e8825b99078df4a8708d0fa8731cadcdb2fd5197c09165280dc?s=96&d=mm&r=g","caption":"alecoute"}}]}},"_links":{"self":[{"href":"https:\/\/www.matierebrutelab.com\/blog\/wp-json\/wp\/v2\/posts\/1904","targetHints":{"allow":["GET"]}}],"collection":[{"href":"https:\/\/www.matierebrutelab.com\/blog\/wp-json\/wp\/v2\/posts"}],"about":[{"href":"https:\/\/www.matierebrutelab.com\/blog\/wp-json\/wp\/v2\/types\/post"}],"author":[{"embeddable":true,"href":"https:\/\/www.matierebrutelab.com\/blog\/wp-json\/wp\/v2\/users\/7"}],"replies":[{"embeddable":true,"href":"https:\/\/www.matierebrutelab.com\/blog\/wp-json\/wp\/v2\/comments?post=1904"}],"version-history":[{"count":12,"href":"https:\/\/www.matierebrutelab.com\/blog\/wp-json\/wp\/v2\/posts\/1904\/revisions"}],"predecessor-version":[{"id":3954,"href":"https:\/\/www.matierebrutelab.com\/blog\/wp-json\/wp\/v2\/posts\/1904\/revisions\/3954"}],"wp:featuredmedia":[{"embeddable":true,"href":"https:\/\/www.matierebrutelab.com\/blog\/wp-json\/wp\/v2\/media\/1906"}],"wp:attachment":[{"href":"https:\/\/www.matierebrutelab.com\/blog\/wp-json\/wp\/v2\/media?parent=1904"}],"wp:term":[{"taxonomy":"category","embeddable":true,"href":"https:\/\/www.matierebrutelab.com\/blog\/wp-json\/wp\/v2\/categories?post=1904"},{"taxonomy":"post_tag","embeddable":true,"href":"https:\/\/www.matierebrutelab.com\/blog\/wp-json\/wp\/v2\/tags?post=1904"},{"taxonomy":"test","embeddable":true,"href":"https:\/\/www.matierebrutelab.com\/blog\/wp-json\/wp\/v2\/test?post=1904"}],"curies":[{"name":"wp","href":"https:\/\/api.w.org\/{rel}","templated":true}]}}