{"id":1888,"date":"2024-05-07T15:44:08","date_gmt":"2024-05-07T13:44:08","guid":{"rendered":"https:\/\/www.matierebrutelab.com\/blog\/?p=1888"},"modified":"2025-09-15T12:46:24","modified_gmt":"2025-09-15T10:46:24","slug":"les-mecanismes-physiologiques-de-la-peau-seche","status":"publish","type":"post","link":"https:\/\/www.matierebrutelab.com\/blog\/les-mecanismes-physiologiques-de-la-peau-seche\/","title":{"rendered":"Les m\u00e9canismes physiologiques de la peau s\u00e8che"},"content":{"rendered":"\n<p><a href=\"https:\/\/www.matierebrutelab.com\/fr\/44-peaux-seches-deshydratees\">La peau s\u00e8che<\/a>, \u00e9galement nomm\u00e9e x\u00e9rose cutan\u00e9e, est un ph\u00e9nom\u00e8ne complexe r\u00e9sultant de divers m\u00e9canismes physiologiques. Le plus souvent caract\u00e9ris\u00e9e par l\u2019apparition de rougeurs, tiraillements, desquamation, rugosit\u00e9, et perte d\u2019\u00e9clat, la x\u00e9rose cutan\u00e9e est aujourd\u2019hui un sujet central dans la compr\u00e9hension de <a href=\"https:\/\/www.matierebrutelab.com\/fr\/58-soins-par-preoccupation\">son type de peau<\/a>.<br>Comprendre ces m\u00e9canismes est essentiel pour \u00e9laborer des strat\u00e9gies adaptatives et de pr\u00e9vention efficaces contre ces inconforts.<\/p>\n\n\n<div class=\"wp-block-image\">\n<figure class=\"aligncenter size-large\"><a href=\"https:\/\/www.matierebrutelab.com\/fr\/58-soins-par-preoccupation\"><img loading=\"lazy\" decoding=\"async\" width=\"1024\" height=\"476\" src=\"https:\/\/www.matierebrutelab.com\/blog\/wp-content\/uploads\/2024\/05\/vieillissement-cutanee-1024x476.webp\" alt=\"\" class=\"wp-image-1890\" srcset=\"https:\/\/www.matierebrutelab.com\/blog\/wp-content\/uploads\/2024\/05\/vieillissement-cutanee-1024x476.webp 1024w, https:\/\/www.matierebrutelab.com\/blog\/wp-content\/uploads\/2024\/05\/vieillissement-cutanee-300x139.webp 300w, https:\/\/www.matierebrutelab.com\/blog\/wp-content\/uploads\/2024\/05\/vieillissement-cutanee-768x357.webp 768w, https:\/\/www.matierebrutelab.com\/blog\/wp-content\/uploads\/2024\/05\/vieillissement-cutanee-1536x714.webp 1536w, https:\/\/www.matierebrutelab.com\/blog\/wp-content\/uploads\/2024\/05\/vieillissement-cutanee.webp 1700w\" sizes=\"auto, (max-width: 1024px) 100vw, 1024px\" \/><\/a><\/figure>\n<\/div>\n\n\n<h2 class=\"wp-block-heading\">Peau s\u00e8che et barri\u00e8re \u00e9pidermique.<\/h2>\n\n\n\n<ol class=\"wp-block-list\">\n<li><\/li>\n<\/ol>\n\n\n\n<p class=\"has-text-align-left\">L\u2019\u00e9piderme, la couche la plus superficielle de notre peau, est un \u00e9pith\u00e9lium de rev\u00eatement jouant un r\u00f4le de barri\u00e8re de protection contre les stimuli environnementaux.<br>Pr\u00e9venant en particulier la d\u00e9shydratation, cette barri\u00e8re n\u2019est toutefois pas absolue.<br>En effet, des alt\u00e9rations dans la composition lipidique de la barri\u00e8re \u00e9pidermique peuvent conduire \u00e0 sa perm\u00e9abilit\u00e9 accrue, favorisant ainsi la perte d'eau trans\u00e9pidermique et les sensations de <strong>tiraillement <\/strong>qui l\u2019accompagnent.<br>Les lipides tels que les c\u00e9ramides, les acides gras et le cholest\u00e9rol sont des facteurs essentiels dans la formation de cette barri\u00e8re. La perturbation de leur production cutan\u00e9e ou leur composition peuvent conduire \u00e0 l\u2019apparition ou l\u2019aggravation du ph\u00e9nom\u00e8ne de <a href=\"https:\/\/www.matierebrutelab.com\/fr\/44-peaux-seches-deshydratees\">peau s\u00e8che<\/a>.<br>Il est donc essentiel de prodiguer une nutrition quotidienne par application d\u2019<a href=\"https:\/\/www.matierebrutelab.com\/fr\/72-huiles-visage\">une Huile de soin enrichie <\/a>\u00a0ou d\u2019une <a href=\"https:\/\/www.matierebrutelab.com\/fr\/71-cremes-visage\">Cr\u00e8me de soin Visage adapt\u00e9e<\/a> .<br><br><br><img loading=\"lazy\" decoding=\"async\" width=\"487\" height=\"243\" src=\"https:\/\/lh7-us.googleusercontent.com\/vCWYZXJfzNRTWHy9aoILzT65VSzMNysR1kcow_0YrUrgbOTori1QjQCarzkNMiJNVchCX4_zkQecSyXwLb5EUL1xHZt0mpvvEW2Ma_2SaQ6Or5O7I_8RRxCM0z9-cJpXf6H5uGMQ_Ai6c38K3syzYkg\"><\/p>\n\n\n\n<p>Figure N\u00b01 : Barri\u00e8re \u00e9pidermique et peaux s\u00e8ches.<br><a href=\"https:\/\/www.pierrefabreeczemafoundation.org\/comprendre\/types-eczema\/eczema-atopique\">Source Figure N\u00b01<\/a><br><\/p>\n\n\n\n<h2 class=\"wp-block-heading\">Les facteurs naturels d'hydratation<\/h2>\n\n\n\n<ol start=\"2\" class=\"wp-block-list\">\n<li><\/li>\n<\/ol>\n\n\n\n<p>Les facteurs naturels d\u2019hydratation, \u00e9galement nomm\u00e9s NMF, sont des mol\u00e9cules li\u00e9es \u00e0 l\u2019eau&nbsp; qui jouent un r\u00f4le crucial dans le maintien de l'hydratation cutan\u00e9e. Compos\u00e9es d\u2019acides amin\u00e9s, des sucres, d\u2019acide hyaluronique ou encore des c\u00e9ramides, les facteurs naturels d\u2019hydratation sont issus des s\u00e9cr\u00e9tions s\u00e9borrh\u00e9iques par les glandes s\u00e9bac\u00e9es.<br>Un d\u00e9s\u00e9quilibre dans la production ou la d\u00e9gradation de ces composants peut donc entra\u00eener un dysfonctionnement de la capacit\u00e9 de la peau \u00e0 retenir l'eau, \u00e9v\u00e9nement contribuant \u00e0 l\u2019apparition de la s\u00e9cheresse cutan\u00e9e.<\/p>\n\n\n\n<h2 class=\"wp-block-heading\">Dysfonction des Glandes S\u00e9bac\u00e9es.<\/h2>\n\n\n\n<ol start=\"3\" class=\"wp-block-list\">\n<li><\/li>\n<\/ol>\n\n\n\n<p>Les glandes s\u00e9bac\u00e9es (glandes annexes de l\u2019\u00e9piderme), sont pr\u00e9sentes sur toute la surface de la peau et produisent le <a href=\"https:\/\/www.matierebrutelab.com\/blog\/guide-sebum\/\">S\u00e9bum<\/a>. Ce m\u00e9lange complexe de lipides, synth\u00e9tis\u00e9 par stimulation hormonale, forme un film protecteur \u00e0 la surface de la peau et permet sa nutrition. Lui conf\u00e9rant une certaine imperm\u00e9abilit\u00e9, le s\u00e9bum permet \u00e9galement de maintenir sa souplesse et son \u00e9lasticit\u00e9.<br>Les d\u00e9s\u00e9quilibres hormonaux ainsi que les facteurs g\u00e9n\u00e9tiques individuels\u00a0 sont susceptibles d'\u00eatre \u00e0 l\u2019origine d\u2019une production insuffisante de s\u00e9bum. Ce manque est une des causes av\u00e9r\u00e9es de l'alt\u00e9ration de la fonction barri\u00e8re qui conduit g\u00e9n\u00e9ralement \u00e0 l\u2019apparition de la x\u00e9rose cutan\u00e9e et ses cons\u00e9quences.<\/p>\n\n\n\n<h2 class=\"wp-block-heading\">Inflammation &amp; probl\u00e9matiques de peaux<\/h2>\n\n\n\n<ol start=\"4\" class=\"wp-block-list\">\n<li><\/li>\n<\/ol>\n\n\n\n<p>Bien que ne touchant qu\u2019une minorit\u00e9 de personnes, des \u00e9tudes ont d\u00e9montr\u00e9 qu\u2019une inflammation cutan\u00e9e persistante peut participer \u00e0 l\u2019alt\u00e9ration de la fonction barri\u00e8re de la peau. L\u2019ecz\u00e9ma et le psoriasis, deux maladies cutan\u00e9es inflammatoires, sont donc des facteurs d\u2019apparition ou d\u2019aggravation de la peau s\u00e8che.<\/p>\n\n\n\n<figure class=\"wp-block-image\"><img decoding=\"async\" src=\"https:\/\/lh7-us.googleusercontent.com\/VK5aJ-Zd7h8BW8TTAlSvpycOR-UYzzr3_ghdb2SAZk4BhhGw2cq9rHnYApAhoYb2j0VecJ9uo1kovKjw2GPBVQbrQazkNuWVEl8bKUJLr9THZcDwb1WokKHap_mfDEpvrhYI34wOgC34hE0PXM6DlXM\" alt=\"\"\/><\/figure>\n\n\n\n<p>Figure N\u00b02 : Sch\u00e9ma du processus physiologique de la x\u00e9rose dermique.<br><a href=\"https:\/\/www.terre-eternelle.com\/le-froid-est-la-comment-proteger-la-peau-de-mon-enfant\/\">Source Figure N\u00b02<\/a><br><\/p>\n\n\n\n<h2 class=\"wp-block-heading\">Facteurs environnementaux et \u00e9pig\u00e9n\u00e9tiques.<\/h2>\n\n\n\n<ol start=\"5\" class=\"wp-block-list\">\n<li><\/li>\n<\/ol>\n\n\n\n<p>Nous ne les pr\u00e9sentons plus, les conditions climatiques extr\u00eames, telles que le froid sec et le vent, ainsi que l'exposition aux rayons UV, sont des facteurs \u00e9pig\u00e9n\u00e9tiques qui peuvent aggraver la s\u00e9cheresse de la peau. Induisant une d\u00e9shydratation accrue et une forte r\u00e9activit\u00e9, ces facteurs sont \u00e9galement \u00e0 l\u2019origine de micro-dommages au niveau cellulaire responsables d\u2019un vieillissement dit acc\u00e9l\u00e9r\u00e9.<br>Pour pallier ces impacts, <a href=\"https:\/\/www.matierebrutelab.com\/fr\/\">Mati\u00e8re Brute Lab<\/a> recommande depuis plusieurs ann\u00e9es l\u2019adaptation de <a href=\"https:\/\/www.matierebrutelab.com\/fr\/abonnements\/407-routine-complete.html\">sa routine bien-\u00eatre aux soins saisonniers<\/a> afin de r\u00e9pondre au mieux aux besoins de notre peau en fonction des milieux auxquels elle est expos\u00e9e.<\/p>\n\n\n\n<h3 class=\"wp-block-heading\">Conclusion<\/h3>\n\n\n\n<p>En conclusion, la peau s\u00e8che est une typologie complexe influenc\u00e9e par des m\u00e9canismes physiologiques multiples et parfois cumulatifs. Elle n\u00e9cessite une attention particuli\u00e8re et des soins adapt\u00e9s* pour restaurer son \u00e9quilibre naturel d'hydratation. La desquamation, la rugosit\u00e9 et la sensibilit\u00e9 accrue peuvent \u00eatre att\u00e9nu\u00e9es gr\u00e2ce \u00e0 une <a href=\"https:\/\/www.matierebrutelab.com\/fr\/peaux-sensibles\/529-rituel-douceur.html\">Routine de soins apaisante pour peaux s\u00e8ches<\/a>.<\/p>\n\n\n\n<p><br>De plus, opter pour des produits cosm\u00e9tiques biologiques <a href=\"https:\/\/www.matierebrutelab.com\/blog\/pourquoi-arreter-la-consommation-de-conservateurs-controverses-et-autres-substances-toxiques\/#:~:text=Parmi%20les%20pires%20ennemis%20du,bonnes%22%20ou%20%22mauvaises%22.\">sans conservateur<\/a>\u00a0 offre une alternative responsable, \u00e9vitant l'utilisation d'ingr\u00e9dients potentiellement irritants et privil\u00e9giant des composants naturels riches en bienfaits. Parce que lorsque notre peau est bien soign\u00e9e, elle n'est pas la cible de s\u00e9cheresse.<br><\/p>\n\n\n\n<p>Gr\u00e2ce \u00e0 ses ingr\u00e9dients tous issus de l\u2019agriculture biologique tels que le <a href=\"https:\/\/www.matierebrutelab.com\/fr\/boosters\/319-booster-apaisant.html\">Booster Apaisant<\/a>, l\u2019huile de Cerise ou l\u2019huile d\u2019Onagre, et formul\u00e9s sans conservateur ni additif, Mati\u00e8re Brute offre une approche holistique pour nourrir et <a href=\"https:\/\/www.matierebrutelab.com\/fr\/91-brumes-visage\">hydrater la peau<\/a> naturellement et durablement.\u00a0<\/p>\n\n\n\n<p>En adoptant une approche consciencieuse et en privil\u00e9giant des solutions naturelles, nous pouvons apporter \u00e0 notre peau l'attention qu'elle m\u00e9rite, favorisant ainsi une peau en bonne sant\u00e9, douce et \u00e9clatante de vitalit\u00e9. N\u2019attendez plus pour nourrir votre peau et la r\u00e9\u00e9quilibrer sainement avec nos routines de soin telles que le <a href=\"https:\/\/www.matierebrutelab.com\/fr\/baumes-corps\/384-baume-corps-nourrissant.html\">Baume de soin<\/a>, <a href=\"https:\/\/www.matierebrutelab.com\/fr\/71-cremes-visage\">la Cr\u00e8me de soin<\/a> ou le <a href=\"https:\/\/www.matierebrutelab.com\/fr\/73-demaquillants-nettoyants\">D\u00e9maquillant et Nettoyant.<\/a><\/p>\n\n\n\n<p><em>*Il est important de noter que chaque peau est unique, et les besoins peuvent varier d'une personne \u00e0 une autre. Une consultation avec un professionnel de la peau peut fournir des conseils personnalis\u00e9s pour cr\u00e9er une routine de soins adapt\u00e9e aux besoins sp\u00e9cifiques de la peau s\u00e8che.<\/em><\/p>\n\n\n\n<p><strong>Articles connexes<\/strong><\/p>\n\n\n\n<p><a href=\"https:\/\/www.matierebrutelab.com\/blog\/guide-sebum\/\">LE S\u00c9BUM CUTAN\u00c9 ET LE SECRET D\u2019UNE PEAU \u00c9QUILIBR\u00c9E<\/a><\/p>\n\n\n\n<p><a href=\"https:\/\/www.matierebrutelab.com\/blog\/routine-peau-mixte\/\">QUELLE ROUTINE ADOPTER LORSQUE L\u2019ON A LA PEAU MIXTE\u2009?<\/a><\/p>\n\n\n\n<p><a href=\"https:\/\/www.matierebrutelab.com\/blog\/decouvrez-la-cosmetique-bio-naturelle-et-de-saison-n61\/\">LA COSM\u00c9TIQUE SAISONNI\u00c8RE : DES INGR\u00c9DIENTS FRAIS POUR R\u00c9PONDRE AUX BESOINS DE VOTRE PEAU AU FIL DES SAISONS<br><\/a><\/p>\n\n\n<div class=\"wp-block-image\">\n<figure class=\"aligncenter size-large is-resized\"><a href=\"https:\/\/fr.trustpilot.com\/review\/matierebrutelab.com?utm_campaign=free&amp;utm_medium=trustbox&amp;utm_source=TrustBoxBasic\"><img loading=\"lazy\" decoding=\"async\" width=\"1024\" height=\"160\" src=\"https:\/\/www.matierebrutelab.com\/blog\/wp-content\/uploads\/2024\/02\/Capture-decran-2024-02-06-a-12.01.55-1024x160.png\" alt=\"\" class=\"wp-image-1691\" style=\"width:333px;height:auto\" srcset=\"https:\/\/www.matierebrutelab.com\/blog\/wp-content\/uploads\/2024\/02\/Capture-decran-2024-02-06-a-12.01.55-1024x160.png 1024w, https:\/\/www.matierebrutelab.com\/blog\/wp-content\/uploads\/2024\/02\/Capture-decran-2024-02-06-a-12.01.55-300x47.png 300w, https:\/\/www.matierebrutelab.com\/blog\/wp-content\/uploads\/2024\/02\/Capture-decran-2024-02-06-a-12.01.55-768x120.png 768w, https:\/\/www.matierebrutelab.com\/blog\/wp-content\/uploads\/2024\/02\/Capture-decran-2024-02-06-a-12.01.55-1536x239.png 1536w, https:\/\/www.matierebrutelab.com\/blog\/wp-content\/uploads\/2024\/02\/Capture-decran-2024-02-06-a-12.01.55.png 1656w\" sizes=\"auto, (max-width: 1024px) 100vw, 1024px\" \/><\/a><\/figure>\n<\/div>\n\n\n<div class=\"wp-block-columns is-layout-flex wp-container-core-columns-is-layout-9d6595d7 wp-block-columns-is-layout-flex\">\n<div class=\"wp-block-column is-layout-flow wp-block-column-is-layout-flow\"><div class=\"wp-block-image\">\n<figure class=\"aligncenter size-large\"><a href=\"https:\/\/www.matierebrutelab.com\/fr\/peaux-sensibles\/529-rituel-douceur.html\"><img decoding=\"async\" src=\"https:\/\/www.matierebrutelab.com\/2541-large_default\/rituel-douceur.webp\" alt=\"\"\/><\/a><figcaption class=\"wp-element-caption\"><a href=\"https:\/\/www.matierebrutelab.com\/fr\/peaux-sensibles\/529-rituel-douceur.html\">RITUEL DOUCEUR<\/a><\/figcaption><\/figure>\n<\/div><\/div>\n\n\n\n<div class=\"wp-block-column is-layout-flow wp-block-column-is-layout-flow\"><div class=\"wp-block-image\">\n<figure class=\"aligncenter size-large\"><a href=\"https:\/\/www.matierebrutelab.com\/fr\/soins-levres\/102-baume-a-levres-nourrissant.html\"><img decoding=\"async\" src=\"https:\/\/www.matierebrutelab.com\/2399-large_default\/baume-a-levres-nourrissant.webp\" alt=\"\"\/><\/a><figcaption class=\"wp-element-caption\"><a href=\"https:\/\/www.matierebrutelab.com\/fr\/soins-levres\/102-baume-a-levres-nourrissant.html\">BAUME \u00c0 L\u00c8VRES NOURRISSANT<br><\/a><\/figcaption><\/figure>\n<\/div><\/div>\n\n\n\n<div class=\"wp-block-column is-layout-flow wp-block-column-is-layout-flow\"><div class=\"wp-block-image\">\n<figure class=\"aligncenter size-large\"><a href=\"https:\/\/www.matierebrutelab.com\/fr\/brumes-visage\/77-brume-equilibrante.html\"><img decoding=\"async\" src=\"https:\/\/www.matierebrutelab.com\/2353-large_default\/brume-equilibrante.webp\" alt=\"\"\/><\/a><figcaption class=\"wp-element-caption\"><a href=\"https:\/\/www.matierebrutelab.com\/fr\/brumes-visage\/77-brume-equilibrante.html\">BRUME \u00c9QUILIBRANTE<\/a><\/figcaption><\/figure>\n<\/div><\/div>\n<\/div>\n\n\n\n<p><\/p>\n","protected":false},"excerpt":{"rendered":"<p>La peau s\u00e8che, \u00e9galement nomm\u00e9e x\u00e9rose cutan\u00e9e, est un ph\u00e9nom\u00e8ne complexe r\u00e9sultant de divers m\u00e9canismes physiologiques. Le plus souvent caract\u00e9ris\u00e9e par l\u2019apparition de rougeurs, tiraillements, desquamation, rugosit\u00e9, et perte d\u2019\u00e9clat, la x\u00e9rose cutan\u00e9e est aujourd\u2019hui un sujet central dans la compr\u00e9hension de son type de peau.Comprendre ces m\u00e9canismes est essentiel pour \u00e9laborer des strat\u00e9gies adaptatives et de pr\u00e9vention efficaces contre ces inconforts. Peau s\u00e8che et barri\u00e8re \u00e9pidermique. L\u2019\u00e9piderme, la couche la plus superficielle de notre peau, est un \u00e9pith\u00e9lium de rev\u00eatement jouant un r\u00f4le de barri\u00e8re de protection contre les stimuli environnementaux.Pr\u00e9venant en particulier la d\u00e9shydratation, cette barri\u00e8re n\u2019est toutefois pas absolue.En effet, des alt\u00e9rations dans la composition lipidique de la barri\u00e8re \u00e9pidermique peuvent conduire \u00e0 sa perm\u00e9abilit\u00e9 accrue, favorisant [&#8230;]<\/p>\n","protected":false},"author":7,"featured_media":1889,"comment_status":"closed","ping_status":"closed","sticky":false,"template":"","format":"standard","meta":{"_acf_changed":false,"footnotes":""},"categories":[27],"tags":[],"test":[],"class_list":["post-1888","post","type-post","status-publish","format-standard","has-post-thumbnail","hentry","category-soins-et-preoccupations"],"acf":[],"yoast_head":"<!-- This site is optimized with the Yoast SEO plugin v27.4 - https:\/\/yoast.com\/product\/yoast-seo-wordpress\/ -->\n<title>Les m\u00e9canismes physiologiques de la peau s\u00e8che - Mati\u00e8re Brute Lab<\/title>\n<meta name=\"description\" content=\"La peau s\u00e8che, \u00e9galement connue sous le nom de x\u00e9rose cutan\u00e9e, est un ph\u00e9nom\u00e8ne complexe r\u00e9sultant de divers m\u00e9canismes physiologiques.\" \/>\n<meta name=\"robots\" content=\"index, follow, max-snippet:-1, max-image-preview:large, max-video-preview:-1\" \/>\n<link rel=\"canonical\" href=\"https:\/\/www.matierebrutelab.com\/blog\/les-mecanismes-physiologiques-de-la-peau-seche\/\" \/>\n<meta property=\"og:locale\" content=\"fr_FR\" \/>\n<meta property=\"og:type\" content=\"article\" \/>\n<meta property=\"og:title\" content=\"Les m\u00e9canismes physiologiques de la peau s\u00e8che - Mati\u00e8re Brute Lab\" \/>\n<meta property=\"og:description\" content=\"La peau s\u00e8che, \u00e9galement connue sous le nom de x\u00e9rose cutan\u00e9e, est un ph\u00e9nom\u00e8ne complexe r\u00e9sultant de divers m\u00e9canismes physiologiques.\" \/>\n<meta property=\"og:url\" content=\"https:\/\/www.matierebrutelab.com\/blog\/les-mecanismes-physiologiques-de-la-peau-seche\/\" \/>\n<meta property=\"og:site_name\" content=\"Mati\u00e8re Brute Lab\" \/>\n<meta property=\"article:publisher\" content=\"https:\/\/www.facebook.com\/matierebrutelab\/\" \/>\n<meta property=\"article:published_time\" content=\"2024-05-07T13:44:08+00:00\" \/>\n<meta property=\"article:modified_time\" content=\"2025-09-15T10:46:24+00:00\" \/>\n<meta property=\"og:image\" content=\"https:\/\/www.matierebrutelab.com\/blog\/wp-content\/uploads\/2024\/05\/peaux-seches-deshydratees.jpg\" \/>\n\t<meta property=\"og:image:width\" content=\"1700\" \/>\n\t<meta property=\"og:image:height\" content=\"790\" \/>\n\t<meta property=\"og:image:type\" content=\"image\/jpeg\" \/>\n<meta name=\"author\" content=\"alecoute\" \/>\n<meta name=\"twitter:card\" content=\"summary_large_image\" \/>\n<meta name=\"twitter:creator\" content=\"@matierebrutelab\" \/>\n<meta name=\"twitter:site\" content=\"@matierebrutelab\" \/>\n<meta name=\"twitter:label1\" content=\"\u00c9crit par\" \/>\n\t<meta name=\"twitter:data1\" content=\"alecoute\" \/>\n\t<meta name=\"twitter:label2\" content=\"Dur\u00e9e de lecture estim\u00e9e\" \/>\n\t<meta name=\"twitter:data2\" content=\"6 minutes\" \/>\n<script type=\"application\/ld+json\" class=\"yoast-schema-graph\">{\"@context\":\"https:\\\/\\\/schema.org\",\"@graph\":[{\"@type\":\"Article\",\"@id\":\"https:\\\/\\\/www.matierebrutelab.com\\\/blog\\\/les-mecanismes-physiologiques-de-la-peau-seche\\\/#article\",\"isPartOf\":{\"@id\":\"https:\\\/\\\/www.matierebrutelab.com\\\/blog\\\/les-mecanismes-physiologiques-de-la-peau-seche\\\/\"},\"author\":{\"name\":\"alecoute\",\"@id\":\"https:\\\/\\\/www.matierebrutelab.com\\\/blog\\\/#\\\/schema\\\/person\\\/1b4ce5d3839cd8114e4517c34abc6431\"},\"headline\":\"Les m\u00e9canismes physiologiques de la peau s\u00e8che\",\"datePublished\":\"2024-05-07T13:44:08+00:00\",\"dateModified\":\"2025-09-15T10:46:24+00:00\",\"mainEntityOfPage\":{\"@id\":\"https:\\\/\\\/www.matierebrutelab.com\\\/blog\\\/les-mecanismes-physiologiques-de-la-peau-seche\\\/\"},\"wordCount\":1051,\"publisher\":{\"@id\":\"https:\\\/\\\/www.matierebrutelab.com\\\/blog\\\/#organization\"},\"image\":{\"@id\":\"https:\\\/\\\/www.matierebrutelab.com\\\/blog\\\/les-mecanismes-physiologiques-de-la-peau-seche\\\/#primaryimage\"},\"thumbnailUrl\":\"https:\\\/\\\/www.matierebrutelab.com\\\/blog\\\/wp-content\\\/uploads\\\/2024\\\/05\\\/peaux-seches-deshydratees.jpg\",\"articleSection\":[\"Soins et pr\u00e9occupations de peau\"],\"inLanguage\":\"fr-FR\"},{\"@type\":\"WebPage\",\"@id\":\"https:\\\/\\\/www.matierebrutelab.com\\\/blog\\\/les-mecanismes-physiologiques-de-la-peau-seche\\\/\",\"url\":\"https:\\\/\\\/www.matierebrutelab.com\\\/blog\\\/les-mecanismes-physiologiques-de-la-peau-seche\\\/\",\"name\":\"Les m\u00e9canismes physiologiques de la peau s\u00e8che - Mati\u00e8re Brute Lab\",\"isPartOf\":{\"@id\":\"https:\\\/\\\/www.matierebrutelab.com\\\/blog\\\/#website\"},\"primaryImageOfPage\":{\"@id\":\"https:\\\/\\\/www.matierebrutelab.com\\\/blog\\\/les-mecanismes-physiologiques-de-la-peau-seche\\\/#primaryimage\"},\"image\":{\"@id\":\"https:\\\/\\\/www.matierebrutelab.com\\\/blog\\\/les-mecanismes-physiologiques-de-la-peau-seche\\\/#primaryimage\"},\"thumbnailUrl\":\"https:\\\/\\\/www.matierebrutelab.com\\\/blog\\\/wp-content\\\/uploads\\\/2024\\\/05\\\/peaux-seches-deshydratees.jpg\",\"datePublished\":\"2024-05-07T13:44:08+00:00\",\"dateModified\":\"2025-09-15T10:46:24+00:00\",\"description\":\"La peau s\u00e8che, \u00e9galement connue sous le nom de x\u00e9rose cutan\u00e9e, est un ph\u00e9nom\u00e8ne complexe r\u00e9sultant de divers m\u00e9canismes physiologiques.\",\"breadcrumb\":{\"@id\":\"https:\\\/\\\/www.matierebrutelab.com\\\/blog\\\/les-mecanismes-physiologiques-de-la-peau-seche\\\/#breadcrumb\"},\"inLanguage\":\"fr-FR\",\"potentialAction\":[{\"@type\":\"ReadAction\",\"target\":[\"https:\\\/\\\/www.matierebrutelab.com\\\/blog\\\/les-mecanismes-physiologiques-de-la-peau-seche\\\/\"]}]},{\"@type\":\"ImageObject\",\"inLanguage\":\"fr-FR\",\"@id\":\"https:\\\/\\\/www.matierebrutelab.com\\\/blog\\\/les-mecanismes-physiologiques-de-la-peau-seche\\\/#primaryimage\",\"url\":\"https:\\\/\\\/www.matierebrutelab.com\\\/blog\\\/wp-content\\\/uploads\\\/2024\\\/05\\\/peaux-seches-deshydratees.jpg\",\"contentUrl\":\"https:\\\/\\\/www.matierebrutelab.com\\\/blog\\\/wp-content\\\/uploads\\\/2024\\\/05\\\/peaux-seches-deshydratees.jpg\",\"width\":1700,\"height\":790},{\"@type\":\"BreadcrumbList\",\"@id\":\"https:\\\/\\\/www.matierebrutelab.com\\\/blog\\\/les-mecanismes-physiologiques-de-la-peau-seche\\\/#breadcrumb\",\"itemListElement\":[{\"@type\":\"ListItem\",\"position\":1,\"name\":\"Accueil\",\"item\":\"https:\\\/\\\/www.matierebrutelab.com\\\/blog\\\/\"},{\"@type\":\"ListItem\",\"position\":2,\"name\":\"Les m\u00e9canismes physiologiques de la peau s\u00e8che\"}]},{\"@type\":\"WebSite\",\"@id\":\"https:\\\/\\\/www.matierebrutelab.com\\\/blog\\\/#website\",\"url\":\"https:\\\/\\\/www.matierebrutelab.com\\\/blog\\\/\",\"name\":\"Mati\u00e8re Brute Lab\",\"description\":\"\",\"publisher\":{\"@id\":\"https:\\\/\\\/www.matierebrutelab.com\\\/blog\\\/#organization\"},\"potentialAction\":[{\"@type\":\"SearchAction\",\"target\":{\"@type\":\"EntryPoint\",\"urlTemplate\":\"https:\\\/\\\/www.matierebrutelab.com\\\/blog\\\/?s={search_term_string}\"},\"query-input\":{\"@type\":\"PropertyValueSpecification\",\"valueRequired\":true,\"valueName\":\"search_term_string\"}}],\"inLanguage\":\"fr-FR\"},{\"@type\":\"Organization\",\"@id\":\"https:\\\/\\\/www.matierebrutelab.com\\\/blog\\\/#organization\",\"name\":\"Mati\u00e8re Brute Lab\",\"url\":\"https:\\\/\\\/www.matierebrutelab.com\\\/blog\\\/\",\"logo\":{\"@type\":\"ImageObject\",\"inLanguage\":\"fr-FR\",\"@id\":\"https:\\\/\\\/www.matierebrutelab.com\\\/blog\\\/#\\\/schema\\\/logo\\\/image\\\/\",\"url\":\"https:\\\/\\\/www.matierebrutelab.com\\\/blog\\\/wp-content\\\/uploads\\\/2022\\\/08\\\/matiere-brut-lab-logo-1622535226.png\",\"contentUrl\":\"https:\\\/\\\/www.matierebrutelab.com\\\/blog\\\/wp-content\\\/uploads\\\/2022\\\/08\\\/matiere-brut-lab-logo-1622535226.png\",\"width\":500,\"height\":260,\"caption\":\"Mati\u00e8re Brute Lab\"},\"image\":{\"@id\":\"https:\\\/\\\/www.matierebrutelab.com\\\/blog\\\/#\\\/schema\\\/logo\\\/image\\\/\"},\"sameAs\":[\"https:\\\/\\\/www.facebook.com\\\/matierebrutelab\\\/\",\"https:\\\/\\\/x.com\\\/matierebrutelab\",\"https:\\\/\\\/www.instagram.com\\\/matiere_brute_lab\\\/\"]},{\"@type\":\"Person\",\"@id\":\"https:\\\/\\\/www.matierebrutelab.com\\\/blog\\\/#\\\/schema\\\/person\\\/1b4ce5d3839cd8114e4517c34abc6431\",\"name\":\"alecoute\",\"image\":{\"@type\":\"ImageObject\",\"inLanguage\":\"fr-FR\",\"@id\":\"https:\\\/\\\/secure.gravatar.com\\\/avatar\\\/2a84e6f847e59e8825b99078df4a8708d0fa8731cadcdb2fd5197c09165280dc?s=96&d=mm&r=g\",\"url\":\"https:\\\/\\\/secure.gravatar.com\\\/avatar\\\/2a84e6f847e59e8825b99078df4a8708d0fa8731cadcdb2fd5197c09165280dc?s=96&d=mm&r=g\",\"contentUrl\":\"https:\\\/\\\/secure.gravatar.com\\\/avatar\\\/2a84e6f847e59e8825b99078df4a8708d0fa8731cadcdb2fd5197c09165280dc?s=96&d=mm&r=g\",\"caption\":\"alecoute\"}}]}<\/script>\n<!-- \/ Yoast SEO plugin. -->","yoast_head_json":{"title":"Les m\u00e9canismes physiologiques de la peau s\u00e8che - Mati\u00e8re Brute Lab","description":"La peau s\u00e8che, \u00e9galement connue sous le nom de x\u00e9rose cutan\u00e9e, est un ph\u00e9nom\u00e8ne complexe r\u00e9sultant de divers m\u00e9canismes physiologiques.","robots":{"index":"index","follow":"follow","max-snippet":"max-snippet:-1","max-image-preview":"max-image-preview:large","max-video-preview":"max-video-preview:-1"},"canonical":"https:\/\/www.matierebrutelab.com\/blog\/les-mecanismes-physiologiques-de-la-peau-seche\/","og_locale":"fr_FR","og_type":"article","og_title":"Les m\u00e9canismes physiologiques de la peau s\u00e8che - Mati\u00e8re Brute Lab","og_description":"La peau s\u00e8che, \u00e9galement connue sous le nom de x\u00e9rose cutan\u00e9e, est un ph\u00e9nom\u00e8ne complexe r\u00e9sultant de divers m\u00e9canismes physiologiques.","og_url":"https:\/\/www.matierebrutelab.com\/blog\/les-mecanismes-physiologiques-de-la-peau-seche\/","og_site_name":"Mati\u00e8re Brute Lab","article_publisher":"https:\/\/www.facebook.com\/matierebrutelab\/","article_published_time":"2024-05-07T13:44:08+00:00","article_modified_time":"2025-09-15T10:46:24+00:00","og_image":[{"width":1700,"height":790,"url":"https:\/\/www.matierebrutelab.com\/blog\/wp-content\/uploads\/2024\/05\/peaux-seches-deshydratees.jpg","type":"image\/jpeg"}],"author":"alecoute","twitter_card":"summary_large_image","twitter_creator":"@matierebrutelab","twitter_site":"@matierebrutelab","twitter_misc":{"\u00c9crit par":"alecoute","Dur\u00e9e de lecture estim\u00e9e":"6 minutes"},"schema":{"@context":"https:\/\/schema.org","@graph":[{"@type":"Article","@id":"https:\/\/www.matierebrutelab.com\/blog\/les-mecanismes-physiologiques-de-la-peau-seche\/#article","isPartOf":{"@id":"https:\/\/www.matierebrutelab.com\/blog\/les-mecanismes-physiologiques-de-la-peau-seche\/"},"author":{"name":"alecoute","@id":"https:\/\/www.matierebrutelab.com\/blog\/#\/schema\/person\/1b4ce5d3839cd8114e4517c34abc6431"},"headline":"Les m\u00e9canismes physiologiques de la peau s\u00e8che","datePublished":"2024-05-07T13:44:08+00:00","dateModified":"2025-09-15T10:46:24+00:00","mainEntityOfPage":{"@id":"https:\/\/www.matierebrutelab.com\/blog\/les-mecanismes-physiologiques-de-la-peau-seche\/"},"wordCount":1051,"publisher":{"@id":"https:\/\/www.matierebrutelab.com\/blog\/#organization"},"image":{"@id":"https:\/\/www.matierebrutelab.com\/blog\/les-mecanismes-physiologiques-de-la-peau-seche\/#primaryimage"},"thumbnailUrl":"https:\/\/www.matierebrutelab.com\/blog\/wp-content\/uploads\/2024\/05\/peaux-seches-deshydratees.jpg","articleSection":["Soins et pr\u00e9occupations de peau"],"inLanguage":"fr-FR"},{"@type":"WebPage","@id":"https:\/\/www.matierebrutelab.com\/blog\/les-mecanismes-physiologiques-de-la-peau-seche\/","url":"https:\/\/www.matierebrutelab.com\/blog\/les-mecanismes-physiologiques-de-la-peau-seche\/","name":"Les m\u00e9canismes physiologiques de la peau s\u00e8che - Mati\u00e8re Brute Lab","isPartOf":{"@id":"https:\/\/www.matierebrutelab.com\/blog\/#website"},"primaryImageOfPage":{"@id":"https:\/\/www.matierebrutelab.com\/blog\/les-mecanismes-physiologiques-de-la-peau-seche\/#primaryimage"},"image":{"@id":"https:\/\/www.matierebrutelab.com\/blog\/les-mecanismes-physiologiques-de-la-peau-seche\/#primaryimage"},"thumbnailUrl":"https:\/\/www.matierebrutelab.com\/blog\/wp-content\/uploads\/2024\/05\/peaux-seches-deshydratees.jpg","datePublished":"2024-05-07T13:44:08+00:00","dateModified":"2025-09-15T10:46:24+00:00","description":"La peau s\u00e8che, \u00e9galement connue sous le nom de x\u00e9rose cutan\u00e9e, est un ph\u00e9nom\u00e8ne complexe r\u00e9sultant de divers m\u00e9canismes physiologiques.","breadcrumb":{"@id":"https:\/\/www.matierebrutelab.com\/blog\/les-mecanismes-physiologiques-de-la-peau-seche\/#breadcrumb"},"inLanguage":"fr-FR","potentialAction":[{"@type":"ReadAction","target":["https:\/\/www.matierebrutelab.com\/blog\/les-mecanismes-physiologiques-de-la-peau-seche\/"]}]},{"@type":"ImageObject","inLanguage":"fr-FR","@id":"https:\/\/www.matierebrutelab.com\/blog\/les-mecanismes-physiologiques-de-la-peau-seche\/#primaryimage","url":"https:\/\/www.matierebrutelab.com\/blog\/wp-content\/uploads\/2024\/05\/peaux-seches-deshydratees.jpg","contentUrl":"https:\/\/www.matierebrutelab.com\/blog\/wp-content\/uploads\/2024\/05\/peaux-seches-deshydratees.jpg","width":1700,"height":790},{"@type":"BreadcrumbList","@id":"https:\/\/www.matierebrutelab.com\/blog\/les-mecanismes-physiologiques-de-la-peau-seche\/#breadcrumb","itemListElement":[{"@type":"ListItem","position":1,"name":"Accueil","item":"https:\/\/www.matierebrutelab.com\/blog\/"},{"@type":"ListItem","position":2,"name":"Les m\u00e9canismes physiologiques de la peau s\u00e8che"}]},{"@type":"WebSite","@id":"https:\/\/www.matierebrutelab.com\/blog\/#website","url":"https:\/\/www.matierebrutelab.com\/blog\/","name":"Mati\u00e8re Brute Lab","description":"","publisher":{"@id":"https:\/\/www.matierebrutelab.com\/blog\/#organization"},"potentialAction":[{"@type":"SearchAction","target":{"@type":"EntryPoint","urlTemplate":"https:\/\/www.matierebrutelab.com\/blog\/?s={search_term_string}"},"query-input":{"@type":"PropertyValueSpecification","valueRequired":true,"valueName":"search_term_string"}}],"inLanguage":"fr-FR"},{"@type":"Organization","@id":"https:\/\/www.matierebrutelab.com\/blog\/#organization","name":"Mati\u00e8re Brute Lab","url":"https:\/\/www.matierebrutelab.com\/blog\/","logo":{"@type":"ImageObject","inLanguage":"fr-FR","@id":"https:\/\/www.matierebrutelab.com\/blog\/#\/schema\/logo\/image\/","url":"https:\/\/www.matierebrutelab.com\/blog\/wp-content\/uploads\/2022\/08\/matiere-brut-lab-logo-1622535226.png","contentUrl":"https:\/\/www.matierebrutelab.com\/blog\/wp-content\/uploads\/2022\/08\/matiere-brut-lab-logo-1622535226.png","width":500,"height":260,"caption":"Mati\u00e8re Brute Lab"},"image":{"@id":"https:\/\/www.matierebrutelab.com\/blog\/#\/schema\/logo\/image\/"},"sameAs":["https:\/\/www.facebook.com\/matierebrutelab\/","https:\/\/x.com\/matierebrutelab","https:\/\/www.instagram.com\/matiere_brute_lab\/"]},{"@type":"Person","@id":"https:\/\/www.matierebrutelab.com\/blog\/#\/schema\/person\/1b4ce5d3839cd8114e4517c34abc6431","name":"alecoute","image":{"@type":"ImageObject","inLanguage":"fr-FR","@id":"https:\/\/secure.gravatar.com\/avatar\/2a84e6f847e59e8825b99078df4a8708d0fa8731cadcdb2fd5197c09165280dc?s=96&d=mm&r=g","url":"https:\/\/secure.gravatar.com\/avatar\/2a84e6f847e59e8825b99078df4a8708d0fa8731cadcdb2fd5197c09165280dc?s=96&d=mm&r=g","contentUrl":"https:\/\/secure.gravatar.com\/avatar\/2a84e6f847e59e8825b99078df4a8708d0fa8731cadcdb2fd5197c09165280dc?s=96&d=mm&r=g","caption":"alecoute"}}]}},"_links":{"self":[{"href":"https:\/\/www.matierebrutelab.com\/blog\/wp-json\/wp\/v2\/posts\/1888","targetHints":{"allow":["GET"]}}],"collection":[{"href":"https:\/\/www.matierebrutelab.com\/blog\/wp-json\/wp\/v2\/posts"}],"about":[{"href":"https:\/\/www.matierebrutelab.com\/blog\/wp-json\/wp\/v2\/types\/post"}],"author":[{"embeddable":true,"href":"https:\/\/www.matierebrutelab.com\/blog\/wp-json\/wp\/v2\/users\/7"}],"replies":[{"embeddable":true,"href":"https:\/\/www.matierebrutelab.com\/blog\/wp-json\/wp\/v2\/comments?post=1888"}],"version-history":[{"count":5,"href":"https:\/\/www.matierebrutelab.com\/blog\/wp-json\/wp\/v2\/posts\/1888\/revisions"}],"predecessor-version":[{"id":3747,"href":"https:\/\/www.matierebrutelab.com\/blog\/wp-json\/wp\/v2\/posts\/1888\/revisions\/3747"}],"wp:featuredmedia":[{"embeddable":true,"href":"https:\/\/www.matierebrutelab.com\/blog\/wp-json\/wp\/v2\/media\/1889"}],"wp:attachment":[{"href":"https:\/\/www.matierebrutelab.com\/blog\/wp-json\/wp\/v2\/media?parent=1888"}],"wp:term":[{"taxonomy":"category","embeddable":true,"href":"https:\/\/www.matierebrutelab.com\/blog\/wp-json\/wp\/v2\/categories?post=1888"},{"taxonomy":"post_tag","embeddable":true,"href":"https:\/\/www.matierebrutelab.com\/blog\/wp-json\/wp\/v2\/tags?post=1888"},{"taxonomy":"test","embeddable":true,"href":"https:\/\/www.matierebrutelab.com\/blog\/wp-json\/wp\/v2\/test?post=1888"}],"curies":[{"name":"wp","href":"https:\/\/api.w.org\/{rel}","templated":true}]}}