{"id":1562,"date":"2025-07-07T11:13:58","date_gmt":"2025-07-07T09:13:58","guid":{"rendered":"https:\/\/www.matierebrutelab.com\/blog\/?p=1562"},"modified":"2025-10-25T12:33:23","modified_gmt":"2025-10-25T10:33:23","slug":"interview-de-guillaume-cizeron","status":"publish","type":"post","link":"https:\/\/www.matierebrutelab.com\/blog\/interview-de-guillaume-cizeron\/","title":{"rendered":"Guillaume Cizeron x Mati\u00e8re Brute Lab \u2014 Quand le soin devient un art du mouvement"},"content":{"rendered":"\n<p>Champion du monde, champion olympique, danseur de glace hors norme\u2026 Guillaume Cizeron incarne l\u2019<strong>excellence<\/strong>, la <strong>gr\u00e2ce <\/strong>et la <strong>rigueur<\/strong>. Mais au-del\u00e0 de ses titres, c\u2019est sa vision du <strong>corps<\/strong>, du <strong>soin <\/strong>et de l\u2019<strong>\u00e9quilibre int\u00e9rieur <\/strong>qui nous a touch\u00e9s.<\/p>\n\n\n\n<p>Chez Mati\u00e8re Brute Lab, nous avons \u00e0 c\u0153ur de cr\u00e9er des soins essentiels, bruts et efficaces, pens\u00e9s pour accompagner les rythmes du corps et de la vie. Guillaume, de par l\u2019exigence de son sport et son approche holistique du bien-\u00eatre, partage cette m\u00eame qu\u00eate d\u2019harmonie : celle qui unit <strong>mouvement<\/strong>, <strong>discipline<\/strong>, <strong>\u00e9coute de soi<\/strong>\u2026 et <strong>rituels <\/strong>sensoriels.<\/p>\n\n\n\n<p>Dans cette interview, Guillaume nous livre ses <strong>inspirations<\/strong>, ses <strong>habitudes <\/strong>et sa <strong>philosophie <\/strong>du soin comme rituel de pr\u00e9sence \u00e0 soi.<\/p>\n\n\n<div class=\"wp-block-image\">\n<figure class=\"aligncenter size-full\"><a href=\"https:\/\/www.matierebrutelab.com\/fr\/accessoires-zero-dechet\/257-boulado-corps.html\"><img loading=\"lazy\" decoding=\"async\" width=\"792\" height=\"492\" src=\"https:\/\/www.matierebrutelab.com\/blog\/wp-content\/uploads\/2023\/11\/lifestyle_cizeron_boulado_corps.jpg\" alt=\"Photo de Guillaume Cizeron utilisant le boulado corps\" class=\"wp-image-3343\" srcset=\"https:\/\/www.matierebrutelab.com\/blog\/wp-content\/uploads\/2023\/11\/lifestyle_cizeron_boulado_corps.jpg 792w, https:\/\/www.matierebrutelab.com\/blog\/wp-content\/uploads\/2023\/11\/lifestyle_cizeron_boulado_corps-300x186.jpg 300w, https:\/\/www.matierebrutelab.com\/blog\/wp-content\/uploads\/2023\/11\/lifestyle_cizeron_boulado_corps-768x477.jpg 768w\" sizes=\"auto, (max-width: 792px) 100vw, 792px\" \/><\/a><\/figure>\n<\/div>\n\n\n<h2 class=\"wp-block-heading\">Peux-tu te pr\u00e9senter en quelques mots ?<\/h2>\n\n\n\n<p>Moi, c\u2019est Guillaume Cizeron, j\u2019ai commenc\u00e9 le patinage artistique \u00e0 l\u2019\u00e2ge de 6 ans en Auvergne, avec ma partenaire Gabriella Papadakis. J\u2019ai d\u00e9m\u00e9nag\u00e9 \u00e0 Montr\u00e9al au Canada en 2014 pour poursuivre ma carri\u00e8re de patineur. Nous avons remport\u00e9 une m\u00e9daille d\u2019or Olympique en 2022 \u00e0 P\u00e9kin. Je me consacre depuis aux <strong>spectacles<\/strong>, \u00e0 la <strong>chor\u00e9graphie <\/strong>et au <strong>coaching<\/strong>.&nbsp;<\/p>\n\n\n\n<h2 class=\"wp-block-heading\">Peux-tu nous citer 3 passions qui te repr\u00e9sentent ?<\/h2>\n\n\n\n<p>J\u2019ai toujours \u00e9t\u00e9 passionn\u00e9 de danse, d\u2019art et de sport. J\u2019adore aller voir des <strong>spectacles<\/strong>, des <strong>expos<\/strong>, <strong>dessiner <\/strong>et <strong>peindre <\/strong>!<\/p>\n\n\n\n<h2 class=\"wp-block-heading\">Comment as-tu d\u00e9couvert ta passion pour le patinage artistique ?<\/h2>\n\n\n\n<p>Ma grande s\u0153ur Blandine faisait du patinage lorsque nous \u00e9tions jeunes. C\u2019est mon p\u00e8re qui m\u2019a emmen\u00e9 \u00e0 la patinoire pour la premi\u00e8re fois. J\u2019ai tout de suite accroch\u00e9, la <strong>danse <\/strong>et la <strong>glisse <\/strong>\u00e7a m\u2019a tout de suite plu !<\/p>\n\n\n\n<h2 class=\"wp-block-heading\">Quels sont les aspects de la danse sur glace que tu aimes le plus ?<\/h2>\n\n\n\n<p>J\u2019aime l\u2019aspect <strong>comp\u00e9titif <\/strong>du sport alli\u00e9 \u00e0 la magie du patinage. C\u2019est un des rares sports qui peut aussi exister \u00e0 part enti\u00e8re en tant que spectacle. La danse, le pas de deux, les possibilit\u00e9s que la vitesse nous offre, c\u2019est infini !<\/p>\n\n\n\n<h2 class=\"wp-block-heading\">Quelle est ta vision du bien-bouger ?<\/h2>\n\n\n\n<p>Bouger, c\u2019est essentiel pour moi, je viens d\u2019une famille de sportifs. Mais je crois que le sport, \u201cbien bouger\u201d, c'est avant tout une question de <strong>plaisir<\/strong>. Il faut trouver ce qui nous fait du <strong>bien<\/strong>. Bouger un peu, c\u2019est mieux que de ne pas bouger du tout !<\/p>\n\n\n<div class=\"wp-block-image\">\n<figure class=\"aligncenter size-full\"><a href=\"https:\/\/www.matierebrutelab.com\/fr\/72-huiles-visage\"><img loading=\"lazy\" decoding=\"async\" width=\"792\" height=\"492\" src=\"https:\/\/www.matierebrutelab.com\/blog\/wp-content\/uploads\/2023\/11\/diptyque_lifestyle_cizeron_texture_huile.jpg\" alt=\"Diptyque de Guillaume Cizeron et une texture d'huile\" class=\"wp-image-3344\" srcset=\"https:\/\/www.matierebrutelab.com\/blog\/wp-content\/uploads\/2023\/11\/diptyque_lifestyle_cizeron_texture_huile.jpg 792w, https:\/\/www.matierebrutelab.com\/blog\/wp-content\/uploads\/2023\/11\/diptyque_lifestyle_cizeron_texture_huile-300x186.jpg 300w, https:\/\/www.matierebrutelab.com\/blog\/wp-content\/uploads\/2023\/11\/diptyque_lifestyle_cizeron_texture_huile-768x477.jpg 768w\" sizes=\"auto, (max-width: 792px) 100vw, 792px\" \/><\/a><\/figure>\n<\/div>\n\n\n<h2 class=\"wp-block-heading\">As-tu des probl\u00e8mes de peau ou en as-tu d\u00e9j\u00e0 rencontr\u00e9 ?<\/h2>\n\n\n\n<p>J\u2019avais pas mal d\u2019<strong>acn\u00e9 <\/strong>lorsque j\u2019\u00e9tais adolescent, <a href=\"https:\/\/www.matierebrutelab.com\/fr\/45-peaux-sensibles\">peau sensible<\/a> et <a href=\"https:\/\/www.matierebrutelab.com\/fr\/48-peaux-grasses-et-a-imperfections\">grasse<\/a>. J\u2019ai d\u00fb commencer \u00e0 prendre soin de ma peau assez jeune. Par n\u00e9cessit\u00e9, mais aussi par plaisir !<\/p>\n\n\n\n<div class=\"wp-block-buttons is-content-justification-center is-layout-flex wp-container-core-buttons-is-layout-16018d1d wp-block-buttons-is-layout-flex\">\n<div class=\"wp-block-button\"><a class=\"wp-block-button__link wp-element-button\" href=\"https:\/\/www.matierebrutelab.com\/fr\/45-peaux-sensibles\">EXPLOREZ TOUTE NOTRE GAMME POUR LES PEAUX SENSIBLES<\/a><\/div>\n<\/div>\n\n\n\n<h2 class=\"wp-block-heading\">Comment y rem\u00e9dier ?<\/h2>\n\n\n\n<p>L\u00e0 encore, je crois qu\u2019il n\u2019y a pas de formule miracle, c\u2019est avant tout une question de <strong>constance<\/strong>. Bien <strong>nettoyer<\/strong>, utiliser des produits <strong>hydratants <\/strong>qui ne vont pas boucher les pores.<\/p>\n\n\n\n<h2 class=\"wp-block-heading\">Comment as-tu connu Mati\u00e8re Brute Lab ?<\/h2>\n\n\n\n<p>J\u2019ai connu Annabelle, la fondatrice de <a href=\"https:\/\/www.matierebrutelab.com\/fr\/\">Mati\u00e8re Brute Lab<\/a> via un ami en commun. Il m\u2019avait vant\u00e9 les m\u00e9rites de ses produits que j\u2019ai instantan\u00e9ment voulu tester !<\/p>\n\n\n<div class=\"wp-block-image\">\n<figure class=\"aligncenter size-full\"><a href=\"https:\/\/www.matierebrutelab.com\/fr\/exfoliants-corps\/79-exfoliant-corps-nourrissant.html\"><img loading=\"lazy\" decoding=\"async\" width=\"792\" height=\"492\" src=\"https:\/\/www.matierebrutelab.com\/blog\/wp-content\/uploads\/2023\/11\/diptyque_exfoliant_corps_avis.jpg\" alt=\"Diptyque de l'exfoliant corps nourrissant et un avis\" class=\"wp-image-3345\" srcset=\"https:\/\/www.matierebrutelab.com\/blog\/wp-content\/uploads\/2023\/11\/diptyque_exfoliant_corps_avis.jpg 792w, https:\/\/www.matierebrutelab.com\/blog\/wp-content\/uploads\/2023\/11\/diptyque_exfoliant_corps_avis-300x186.jpg 300w, https:\/\/www.matierebrutelab.com\/blog\/wp-content\/uploads\/2023\/11\/diptyque_exfoliant_corps_avis-768x477.jpg 768w\" sizes=\"auto, (max-width: 792px) 100vw, 792px\" \/><\/a><\/figure>\n<\/div>\n\n\n<h2 class=\"wp-block-heading\">Quels sont tes soins MBLAB pr\u00e9f\u00e9r\u00e9s ?<\/h2>\n\n\n\n<p>J\u2019adore<a href=\"https:\/\/www.matierebrutelab.com\/fr\/exfoliants-corps\/79-exfoliant-corps-nourrissant.html\"> l\u2019exfoliant pour le corps,<\/a> il est incroyable et laisse vraiment la peau lisse et bien nourrie. Sinon j\u2019adore<a href=\"https:\/\/www.matierebrutelab.com\/fr\/soins-levres\/102-baume-a-levres-nourrissant.html\"> le baume \u00e0 l\u00e8vres<\/a> et<a href=\"https:\/\/www.matierebrutelab.com\/fr\/77-savons-bio\"> les savons<\/a> avec leur<a href=\"https:\/\/www.matierebrutelab.com\/fr\/accessoires-zero-dechet\/236-porte-savon-aimante.html\"> porte-savon aimant\u00e9 !<\/a><\/p>\n\n\n<div class=\"wp-block-image\">\n<figure class=\"aligncenter size-full\"><a href=\"https:\/\/www.matierebrutelab.com\/fr\/soins-levres\/102-baume-a-levres-nourrissant.html\"><img loading=\"lazy\" decoding=\"async\" width=\"792\" height=\"492\" src=\"https:\/\/www.matierebrutelab.com\/blog\/wp-content\/uploads\/2023\/11\/diptyque_baume_levres_avis.jpg\" alt=\"Diptyque du baume \u00e0 l\u00e8vres et un avis\" class=\"wp-image-3346\" srcset=\"https:\/\/www.matierebrutelab.com\/blog\/wp-content\/uploads\/2023\/11\/diptyque_baume_levres_avis.jpg 792w, https:\/\/www.matierebrutelab.com\/blog\/wp-content\/uploads\/2023\/11\/diptyque_baume_levres_avis-300x186.jpg 300w, https:\/\/www.matierebrutelab.com\/blog\/wp-content\/uploads\/2023\/11\/diptyque_baume_levres_avis-768x477.jpg 768w\" sizes=\"auto, (max-width: 792px) 100vw, 792px\" \/><\/a><\/figure>\n<\/div>\n\n\n<h2 class=\"wp-block-heading\">En tant qu'athl\u00e8te et champion olympique, quelle est ta routine en hiver pour te sentir bien dans ton corps ?<\/h2>\n\n\n\n<p>L\u2019hiver avec le froid, les voyages, les spectacles, \u00e7a peut \u00eatre quelquefois difficile de me sentir bien dans mon corps. Pour moi, le secret, c\u2019est vraiment de prendre <strong>20 \u00e0 30 minutes par jour <\/strong>pour prendre soin de mon corps. J\u2019allume une bougie et je m'\u00e9tire surtout. J\u2019essaye de faire des abdos r\u00e9guli\u00e8rement pour \u00e9viter les maux de dos. Mieux vaut un <strong>petit peu chaque jour <\/strong>plut\u00f4t qu\u2019une grosse s\u00e9ance de sport par semaine. C\u2019est vraiment une sorte d\u2019<strong>hygi\u00e8ne corporelle <\/strong>pour moi, et \u00e7a me fait du bien au moral aussi. Je me sens directement plus <strong>apais\u00e9<\/strong>.<\/p>\n\n\n<div class=\"wp-block-image\">\n<figure class=\"aligncenter size-full\"><a href=\"https:\/\/www.matierebrutelab.com\/fr\/savons-bio\/215-savon-doux.html\"><img loading=\"lazy\" decoding=\"async\" width=\"792\" height=\"492\" src=\"https:\/\/www.matierebrutelab.com\/blog\/wp-content\/uploads\/2023\/11\/diptyque_savon_doux_avis.jpg\" alt=\"\" class=\"wp-image-3347\" srcset=\"https:\/\/www.matierebrutelab.com\/blog\/wp-content\/uploads\/2023\/11\/diptyque_savon_doux_avis.jpg 792w, https:\/\/www.matierebrutelab.com\/blog\/wp-content\/uploads\/2023\/11\/diptyque_savon_doux_avis-300x186.jpg 300w, https:\/\/www.matierebrutelab.com\/blog\/wp-content\/uploads\/2023\/11\/diptyque_savon_doux_avis-768x477.jpg 768w\" sizes=\"auto, (max-width: 792px) 100vw, 792px\" \/><\/a><\/figure>\n<\/div>\n\n\n<h2 class=\"wp-block-heading\">Comment adaptes-tu ton style de vie en hiver ?<\/h2>\n\n\n\n<p>Pas vraiment, d'o\u00f9 la difficult\u00e9 de rester en bonne sant\u00e9. J\u2019ai l\u2019impression que tout le monde ralentit en hiver, mais pour nous ce n\u2019est pas le cas, la <strong>saison comp\u00e9titive <\/strong>commence en octobre et finit en mars !<\/p>\n\n\n\n<h2 class=\"wp-block-heading\">Quelle est ta routine beaut\u00e9 en hiver ?<\/h2>\n\n\n\n<p><\/p>\n\n\n<div class=\"wp-block-image\">\n<figure class=\"aligncenter size-full\"><a href=\"https:\/\/www.matierebrutelab.com\/fr\/brumes-visage\/75-brume-defatigante.html\"><img loading=\"lazy\" decoding=\"async\" width=\"792\" height=\"492\" src=\"https:\/\/www.matierebrutelab.com\/blog\/wp-content\/uploads\/2023\/11\/diptyque_brume_defatigante_avis.jpg\" alt=\"Diptyque de la brume d\u00e9fatigante et un avis\" class=\"wp-image-3348\" srcset=\"https:\/\/www.matierebrutelab.com\/blog\/wp-content\/uploads\/2023\/11\/diptyque_brume_defatigante_avis.jpg 792w, https:\/\/www.matierebrutelab.com\/blog\/wp-content\/uploads\/2023\/11\/diptyque_brume_defatigante_avis-300x186.jpg 300w, https:\/\/www.matierebrutelab.com\/blog\/wp-content\/uploads\/2023\/11\/diptyque_brume_defatigante_avis-768x477.jpg 768w\" sizes=\"auto, (max-width: 792px) 100vw, 792px\" \/><\/a><\/figure>\n<\/div>\n\n\n<p>En hiver, le challenge, c\u2019est de garder ma peau <strong>hydrat\u00e9e <\/strong>et <strong>prot\u00e9g\u00e9e<\/strong>. Je prends soin de<a href=\"https:\/\/www.matierebrutelab.com\/blog\/huile-olive-visage\/\"> laver mon visage<\/a> deux fois par jour, puis j\u2019applique ma <a href=\"https:\/\/www.matierebrutelab.com\/fr\/71-cremes-visage\">cr\u00e8me<\/a> de jour avec quelques gouttes d\u2019<a href=\"https:\/\/www.matierebrutelab.com\/fr\/72-huiles-visage\">huile<\/a> sur les endroits plus d\u00e9licats (pour moi les joues et les l\u00e8vres). J\u2019aime bien utiliser<a href=\"https:\/\/www.matierebrutelab.com\/fr\/brumes-visage\/75-brume-defatigante.html\"> la Brume D\u00e9fatigante<\/a> pendant la journ\u00e9e pour me <strong>rafra\u00eechir<\/strong>, surtout si je me suis entra\u00een\u00e9. Les soirs de spectacle, je me d\u00e9maquille avec<a href=\"https:\/\/www.matierebrutelab.com\/fr\/demaquillants-nettoyants\/78-demaquillant-nettoyant-doux.html\"> le soin nettoyant d\u00e9maquillant,<\/a> c\u2019est ultra-doux et efficace.<\/p>\n\n\n<div class=\"wp-block-image\">\n<figure class=\"aligncenter size-full\"><a href=\"https:\/\/www.matierebrutelab.com\/fr\/demaquillants-nettoyants\/78-demaquillant-nettoyant-doux.html\"><img loading=\"lazy\" decoding=\"async\" width=\"792\" height=\"492\" src=\"https:\/\/www.matierebrutelab.com\/blog\/wp-content\/uploads\/2023\/11\/diptyque_demaquillant_avis.jpg\" alt=\"Diptyque du nettoyant d\u00e9maquillant doux et un avis\" class=\"wp-image-3349\" srcset=\"https:\/\/www.matierebrutelab.com\/blog\/wp-content\/uploads\/2023\/11\/diptyque_demaquillant_avis.jpg 792w, https:\/\/www.matierebrutelab.com\/blog\/wp-content\/uploads\/2023\/11\/diptyque_demaquillant_avis-300x186.jpg 300w, https:\/\/www.matierebrutelab.com\/blog\/wp-content\/uploads\/2023\/11\/diptyque_demaquillant_avis-768x477.jpg 768w\" sizes=\"auto, (max-width: 792px) 100vw, 792px\" \/><\/a><\/figure>\n<\/div>\n\n\n<div class=\"wp-block-buttons is-content-justification-center is-layout-flex wp-container-core-buttons-is-layout-16018d1d wp-block-buttons-is-layout-flex\">\n<div class=\"wp-block-button\"><a class=\"wp-block-button__link wp-element-button\" href=\"https:\/\/www.matierebrutelab.com\/fr\/\">D\u00c9COUVREZ TOUS NOS SOINS BRUTS<\/a><\/div>\n<\/div>\n\n\n\n<h3 class=\"wp-block-heading\">Articles connexes<\/h3>\n\n\n\n<p><\/p>\n\n\n\n<ul class=\"wp-block-list\">\n<li><a href=\"https:\/\/www.matierebrutelab.com\/blog\/pourquoi-vos-levres-meritent-un-soin-100-bio-et-ultra-nourrissant\/\">Pourquoi vos l\u00e8vres m\u00e9ritent un soin 100 % bio et ultra-nourrissant ?<\/a><\/li>\n\n\n\n<li><a href=\"https:\/\/www.matierebrutelab.com\/blog\/creme-visage-naturelle-type-peau\/\">Quelle cr\u00e8me visage naturelle choisir selon son type de peau ?<\/a><\/li>\n\n\n\n<li><a href=\"https:\/\/www.matierebrutelab.com\/blog\/une-femme-belle-et-rayonnante-est-fondamentalement-une-femme-qui-saime\/\">Les indispensables de Sylvie Lefranc, la papesse du yoga<\/a><\/li>\n<\/ul>\n\n\n\n<div class=\"wp-block-group\"><div class=\"wp-block-group__inner-container is-layout-constrained wp-block-group-is-layout-constrained\">\n<p class=\"has-text-align-center\">Une communaut\u00e9 qui adore Mati\u00e8re Brute :<\/p>\n\n\n<div class=\"wp-block-image\">\n<figure class=\"aligncenter size-large is-resized\"><a href=\"https:\/\/fr.trustpilot.com\/review\/matierebrutelab.com?utm_campaign=free&amp;utm_medium=trustbox&amp;utm_source=TrustBoxBasic\"><img loading=\"lazy\" decoding=\"async\" width=\"1024\" height=\"160\" src=\"https:\/\/www.matierebrutelab.com\/blog\/wp-content\/uploads\/2024\/02\/Capture-decran-2024-02-06-a-12.01.55-1024x160.png\" alt=\"\" class=\"wp-image-1691\" style=\"width:333px;height:auto\" srcset=\"https:\/\/www.matierebrutelab.com\/blog\/wp-content\/uploads\/2024\/02\/Capture-decran-2024-02-06-a-12.01.55-1024x160.png 1024w, https:\/\/www.matierebrutelab.com\/blog\/wp-content\/uploads\/2024\/02\/Capture-decran-2024-02-06-a-12.01.55-300x47.png 300w, https:\/\/www.matierebrutelab.com\/blog\/wp-content\/uploads\/2024\/02\/Capture-decran-2024-02-06-a-12.01.55-768x120.png 768w, https:\/\/www.matierebrutelab.com\/blog\/wp-content\/uploads\/2024\/02\/Capture-decran-2024-02-06-a-12.01.55-1536x239.png 1536w, https:\/\/www.matierebrutelab.com\/blog\/wp-content\/uploads\/2024\/02\/Capture-decran-2024-02-06-a-12.01.55.png 1656w\" sizes=\"auto, (max-width: 1024px) 100vw, 1024px\" \/><\/a><\/figure>\n<\/div><\/div><\/div>\n\n\n\n<div class=\"wp-block-columns is-layout-flex wp-container-core-columns-is-layout-9d6595d7 wp-block-columns-is-layout-flex\">\n<div class=\"wp-block-column is-layout-flow wp-block-column-is-layout-flow\"><div class=\"wp-block-image\">\n<figure class=\"aligncenter size-full\"><a href=\"https:\/\/www.matierebrutelab.com\/fr\/soins-levres\/102-baume-a-levres-nourrissant.html\"><img loading=\"lazy\" decoding=\"async\" width=\"800\" height=\"800\" src=\"https:\/\/www.matierebrutelab.com\/blog\/wp-content\/uploads\/2025\/04\/baume_levres.jpg\" alt=\"Photo du baume \u00e0 l\u00e8vres nourrissant\" class=\"wp-image-2598\" srcset=\"https:\/\/www.matierebrutelab.com\/blog\/wp-content\/uploads\/2025\/04\/baume_levres.jpg 800w, https:\/\/www.matierebrutelab.com\/blog\/wp-content\/uploads\/2025\/04\/baume_levres-300x300.jpg 300w, https:\/\/www.matierebrutelab.com\/blog\/wp-content\/uploads\/2025\/04\/baume_levres-150x150.jpg 150w, https:\/\/www.matierebrutelab.com\/blog\/wp-content\/uploads\/2025\/04\/baume_levres-768x768.jpg 768w\" sizes=\"auto, (max-width: 800px) 100vw, 800px\" \/><\/a><figcaption class=\"wp-element-caption\"><a href=\"https:\/\/www.matierebrutelab.com\/fr\/soins-levres\/102-baume-a-levres-nourrissant.html\">Baume \u00e0 L\u00e8vres Nourrissant<\/a><\/figcaption><\/figure>\n<\/div><\/div>\n\n\n\n<div class=\"wp-block-column is-layout-flow wp-block-column-is-layout-flow\"><div class=\"wp-block-image\">\n<figure class=\"aligncenter size-full\"><a href=\"https:\/\/www.matierebrutelab.com\/fr\/exfoliants-corps\/79-exfoliant-corps-nourrissant.html\"><img loading=\"lazy\" decoding=\"async\" width=\"800\" height=\"800\" src=\"https:\/\/www.matierebrutelab.com\/blog\/wp-content\/uploads\/2024\/11\/exfoliant_corps.jpg\" alt=\"Photo de l'exfoliant corps nourrissant\" class=\"wp-image-2661\" srcset=\"https:\/\/www.matierebrutelab.com\/blog\/wp-content\/uploads\/2024\/11\/exfoliant_corps.jpg 800w, https:\/\/www.matierebrutelab.com\/blog\/wp-content\/uploads\/2024\/11\/exfoliant_corps-300x300.jpg 300w, https:\/\/www.matierebrutelab.com\/blog\/wp-content\/uploads\/2024\/11\/exfoliant_corps-150x150.jpg 150w, https:\/\/www.matierebrutelab.com\/blog\/wp-content\/uploads\/2024\/11\/exfoliant_corps-768x768.jpg 768w\" sizes=\"auto, (max-width: 800px) 100vw, 800px\" \/><\/a><figcaption class=\"wp-element-caption\"><a href=\"https:\/\/www.matierebrutelab.com\/fr\/exfoliants-corps\/79-exfoliant-corps-nourrissant.html\">Exfoliant Corps Nourrissant<\/a><\/figcaption><\/figure>\n<\/div><\/div>\n\n\n\n<div class=\"wp-block-column is-layout-flow wp-block-column-is-layout-flow\"><div class=\"wp-block-image\">\n<figure class=\"aligncenter size-full\"><a href=\"https:\/\/www.matierebrutelab.com\/fr\/brumes-visage\/75-brume-defatigante.html\"><img loading=\"lazy\" decoding=\"async\" width=\"800\" height=\"800\" src=\"https:\/\/www.matierebrutelab.com\/blog\/wp-content\/uploads\/2020\/01\/brume_glow.jpg\" alt=\"Photo de la brume d\u00e9fatigante\" class=\"wp-image-3271\" srcset=\"https:\/\/www.matierebrutelab.com\/blog\/wp-content\/uploads\/2020\/01\/brume_glow.jpg 800w, https:\/\/www.matierebrutelab.com\/blog\/wp-content\/uploads\/2020\/01\/brume_glow-300x300.jpg 300w, https:\/\/www.matierebrutelab.com\/blog\/wp-content\/uploads\/2020\/01\/brume_glow-150x150.jpg 150w, https:\/\/www.matierebrutelab.com\/blog\/wp-content\/uploads\/2020\/01\/brume_glow-768x768.jpg 768w\" sizes=\"auto, (max-width: 800px) 100vw, 800px\" \/><\/a><figcaption class=\"wp-element-caption\"><a href=\"https:\/\/www.matierebrutelab.com\/fr\/brumes-visage\/75-brume-defatigante.html\">Brume D\u00e9fatigante<\/a><\/figcaption><\/figure>\n<\/div><\/div>\n<\/div>\n\n\n\n<p><\/p>\n","protected":false},"excerpt":{"rendered":"<p>Champion du monde, champion olympique, danseur de glace hors norme\u2026 Guillaume Cizeron incarne l\u2019excellence, la gr\u00e2ce et la rigueur. Mais au-del\u00e0 de ses titres, c\u2019est sa vision du corps, du soin et de l\u2019\u00e9quilibre int\u00e9rieur qui nous a touch\u00e9s. Chez Mati\u00e8re Brute Lab, nous avons \u00e0 c\u0153ur de cr\u00e9er des soins essentiels, bruts et efficaces, pens\u00e9s pour accompagner les rythmes du corps et de la vie. Guillaume, de par l\u2019exigence de son sport et son approche holistique du bien-\u00eatre, partage cette m\u00eame qu\u00eate d\u2019harmonie : celle qui unit mouvement, discipline, \u00e9coute de soi\u2026 et rituels sensoriels. Dans cette interview, Guillaume nous livre ses inspirations, ses habitudes et sa philosophie du soin comme rituel de pr\u00e9sence \u00e0 soi. Peux-tu te pr\u00e9senter [&#8230;]<\/p>\n","protected":false},"author":7,"featured_media":1564,"comment_status":"closed","ping_status":"closed","sticky":false,"template":"","format":"standard","meta":{"_acf_changed":false,"footnotes":""},"categories":[26],"tags":[],"test":[],"class_list":["post-1562","post","type-post","status-publish","format-standard","has-post-thumbnail","hentry","category-lifestyle"],"acf":[],"yoast_head":"<!-- This site is optimized with the Yoast SEO plugin v27.4 - https:\/\/yoast.com\/product\/yoast-seo-wordpress\/ -->\n<title>Guillaume Cizeron : interview bien-\u00eatre et routine hiver<\/title>\n<meta name=\"description\" content=\"Guillaume Cizeron livre sa routine bien-\u00eatre hiver. Dans cette interview exclusive, il partage ses rituels de soin et sa vision du mouvement.\" \/>\n<meta name=\"robots\" content=\"index, follow, max-snippet:-1, max-image-preview:large, max-video-preview:-1\" \/>\n<link rel=\"canonical\" href=\"https:\/\/www.matierebrutelab.com\/blog\/interview-de-guillaume-cizeron\/\" \/>\n<meta property=\"og:locale\" content=\"fr_FR\" \/>\n<meta property=\"og:type\" content=\"article\" \/>\n<meta property=\"og:title\" content=\"Guillaume Cizeron : interview bien-\u00eatre et routine hiver\" \/>\n<meta property=\"og:description\" content=\"Guillaume Cizeron livre sa routine bien-\u00eatre hiver. Dans cette interview exclusive, il partage ses rituels de soin et sa vision du mouvement.\" \/>\n<meta property=\"og:url\" content=\"https:\/\/www.matierebrutelab.com\/blog\/interview-de-guillaume-cizeron\/\" \/>\n<meta property=\"og:site_name\" content=\"Mati\u00e8re Brute Lab\" \/>\n<meta property=\"article:publisher\" content=\"https:\/\/www.facebook.com\/matierebrutelab\/\" \/>\n<meta property=\"article:published_time\" content=\"2025-07-07T09:13:58+00:00\" \/>\n<meta property=\"article:modified_time\" content=\"2025-10-25T10:33:23+00:00\" \/>\n<meta property=\"og:image\" content=\"https:\/\/www.matierebrutelab.com\/blog\/wp-content\/uploads\/2023\/11\/IMG_1574-scaled.jpg\" \/>\n\t<meta property=\"og:image:width\" content=\"2560\" \/>\n\t<meta property=\"og:image:height\" content=\"1920\" \/>\n\t<meta property=\"og:image:type\" content=\"image\/jpeg\" \/>\n<meta name=\"author\" content=\"alecoute\" \/>\n<meta name=\"twitter:card\" content=\"summary_large_image\" \/>\n<meta name=\"twitter:creator\" content=\"@matierebrutelab\" \/>\n<meta name=\"twitter:site\" content=\"@matierebrutelab\" \/>\n<meta name=\"twitter:label1\" content=\"\u00c9crit par\" \/>\n\t<meta name=\"twitter:data1\" content=\"alecoute\" \/>\n\t<meta name=\"twitter:label2\" content=\"Dur\u00e9e de lecture estim\u00e9e\" \/>\n\t<meta name=\"twitter:data2\" content=\"7 minutes\" \/>\n<script type=\"application\/ld+json\" class=\"yoast-schema-graph\">{\"@context\":\"https:\\\/\\\/schema.org\",\"@graph\":[{\"@type\":\"Article\",\"@id\":\"https:\\\/\\\/www.matierebrutelab.com\\\/blog\\\/interview-de-guillaume-cizeron\\\/#article\",\"isPartOf\":{\"@id\":\"https:\\\/\\\/www.matierebrutelab.com\\\/blog\\\/interview-de-guillaume-cizeron\\\/\"},\"author\":{\"name\":\"alecoute\",\"@id\":\"https:\\\/\\\/www.matierebrutelab.com\\\/blog\\\/#\\\/schema\\\/person\\\/1b4ce5d3839cd8114e4517c34abc6431\"},\"headline\":\"Guillaume Cizeron x Mati\u00e8re Brute Lab \u2014 Quand le soin devient un art du mouvement\",\"datePublished\":\"2025-07-07T09:13:58+00:00\",\"dateModified\":\"2025-10-25T10:33:23+00:00\",\"mainEntityOfPage\":{\"@id\":\"https:\\\/\\\/www.matierebrutelab.com\\\/blog\\\/interview-de-guillaume-cizeron\\\/\"},\"wordCount\":930,\"publisher\":{\"@id\":\"https:\\\/\\\/www.matierebrutelab.com\\\/blog\\\/#organization\"},\"image\":{\"@id\":\"https:\\\/\\\/www.matierebrutelab.com\\\/blog\\\/interview-de-guillaume-cizeron\\\/#primaryimage\"},\"thumbnailUrl\":\"https:\\\/\\\/www.matierebrutelab.com\\\/blog\\\/wp-content\\\/uploads\\\/2023\\\/11\\\/IMG_1574-scaled.jpg\",\"articleSection\":[\"Lifestyle de saison\"],\"inLanguage\":\"fr-FR\"},{\"@type\":\"WebPage\",\"@id\":\"https:\\\/\\\/www.matierebrutelab.com\\\/blog\\\/interview-de-guillaume-cizeron\\\/\",\"url\":\"https:\\\/\\\/www.matierebrutelab.com\\\/blog\\\/interview-de-guillaume-cizeron\\\/\",\"name\":\"Guillaume Cizeron : interview bien-\u00eatre et routine hiver\",\"isPartOf\":{\"@id\":\"https:\\\/\\\/www.matierebrutelab.com\\\/blog\\\/#website\"},\"primaryImageOfPage\":{\"@id\":\"https:\\\/\\\/www.matierebrutelab.com\\\/blog\\\/interview-de-guillaume-cizeron\\\/#primaryimage\"},\"image\":{\"@id\":\"https:\\\/\\\/www.matierebrutelab.com\\\/blog\\\/interview-de-guillaume-cizeron\\\/#primaryimage\"},\"thumbnailUrl\":\"https:\\\/\\\/www.matierebrutelab.com\\\/blog\\\/wp-content\\\/uploads\\\/2023\\\/11\\\/IMG_1574-scaled.jpg\",\"datePublished\":\"2025-07-07T09:13:58+00:00\",\"dateModified\":\"2025-10-25T10:33:23+00:00\",\"description\":\"Guillaume Cizeron livre sa routine bien-\u00eatre hiver. Dans cette interview exclusive, il partage ses rituels de soin et sa vision du mouvement.\",\"breadcrumb\":{\"@id\":\"https:\\\/\\\/www.matierebrutelab.com\\\/blog\\\/interview-de-guillaume-cizeron\\\/#breadcrumb\"},\"inLanguage\":\"fr-FR\",\"potentialAction\":[{\"@type\":\"ReadAction\",\"target\":[\"https:\\\/\\\/www.matierebrutelab.com\\\/blog\\\/interview-de-guillaume-cizeron\\\/\"]}]},{\"@type\":\"ImageObject\",\"inLanguage\":\"fr-FR\",\"@id\":\"https:\\\/\\\/www.matierebrutelab.com\\\/blog\\\/interview-de-guillaume-cizeron\\\/#primaryimage\",\"url\":\"https:\\\/\\\/www.matierebrutelab.com\\\/blog\\\/wp-content\\\/uploads\\\/2023\\\/11\\\/IMG_1574-scaled.jpg\",\"contentUrl\":\"https:\\\/\\\/www.matierebrutelab.com\\\/blog\\\/wp-content\\\/uploads\\\/2023\\\/11\\\/IMG_1574-scaled.jpg\",\"width\":2560,\"height\":1920,\"caption\":\"Guillaume Cizeron et Annabelle Szwed\"},{\"@type\":\"BreadcrumbList\",\"@id\":\"https:\\\/\\\/www.matierebrutelab.com\\\/blog\\\/interview-de-guillaume-cizeron\\\/#breadcrumb\",\"itemListElement\":[{\"@type\":\"ListItem\",\"position\":1,\"name\":\"Accueil\",\"item\":\"https:\\\/\\\/www.matierebrutelab.com\\\/blog\\\/\"},{\"@type\":\"ListItem\",\"position\":2,\"name\":\"Guillaume Cizeron x Mati\u00e8re Brute Lab \u2014 Quand le soin devient un art du mouvement\"}]},{\"@type\":\"WebSite\",\"@id\":\"https:\\\/\\\/www.matierebrutelab.com\\\/blog\\\/#website\",\"url\":\"https:\\\/\\\/www.matierebrutelab.com\\\/blog\\\/\",\"name\":\"Mati\u00e8re Brute Lab\",\"description\":\"\",\"publisher\":{\"@id\":\"https:\\\/\\\/www.matierebrutelab.com\\\/blog\\\/#organization\"},\"potentialAction\":[{\"@type\":\"SearchAction\",\"target\":{\"@type\":\"EntryPoint\",\"urlTemplate\":\"https:\\\/\\\/www.matierebrutelab.com\\\/blog\\\/?s={search_term_string}\"},\"query-input\":{\"@type\":\"PropertyValueSpecification\",\"valueRequired\":true,\"valueName\":\"search_term_string\"}}],\"inLanguage\":\"fr-FR\"},{\"@type\":\"Organization\",\"@id\":\"https:\\\/\\\/www.matierebrutelab.com\\\/blog\\\/#organization\",\"name\":\"Mati\u00e8re Brute Lab\",\"url\":\"https:\\\/\\\/www.matierebrutelab.com\\\/blog\\\/\",\"logo\":{\"@type\":\"ImageObject\",\"inLanguage\":\"fr-FR\",\"@id\":\"https:\\\/\\\/www.matierebrutelab.com\\\/blog\\\/#\\\/schema\\\/logo\\\/image\\\/\",\"url\":\"https:\\\/\\\/www.matierebrutelab.com\\\/blog\\\/wp-content\\\/uploads\\\/2022\\\/08\\\/matiere-brut-lab-logo-1622535226.png\",\"contentUrl\":\"https:\\\/\\\/www.matierebrutelab.com\\\/blog\\\/wp-content\\\/uploads\\\/2022\\\/08\\\/matiere-brut-lab-logo-1622535226.png\",\"width\":500,\"height\":260,\"caption\":\"Mati\u00e8re Brute Lab\"},\"image\":{\"@id\":\"https:\\\/\\\/www.matierebrutelab.com\\\/blog\\\/#\\\/schema\\\/logo\\\/image\\\/\"},\"sameAs\":[\"https:\\\/\\\/www.facebook.com\\\/matierebrutelab\\\/\",\"https:\\\/\\\/x.com\\\/matierebrutelab\",\"https:\\\/\\\/www.instagram.com\\\/matiere_brute_lab\\\/\"]},{\"@type\":\"Person\",\"@id\":\"https:\\\/\\\/www.matierebrutelab.com\\\/blog\\\/#\\\/schema\\\/person\\\/1b4ce5d3839cd8114e4517c34abc6431\",\"name\":\"alecoute\",\"image\":{\"@type\":\"ImageObject\",\"inLanguage\":\"fr-FR\",\"@id\":\"https:\\\/\\\/secure.gravatar.com\\\/avatar\\\/2a84e6f847e59e8825b99078df4a8708d0fa8731cadcdb2fd5197c09165280dc?s=96&d=mm&r=g\",\"url\":\"https:\\\/\\\/secure.gravatar.com\\\/avatar\\\/2a84e6f847e59e8825b99078df4a8708d0fa8731cadcdb2fd5197c09165280dc?s=96&d=mm&r=g\",\"contentUrl\":\"https:\\\/\\\/secure.gravatar.com\\\/avatar\\\/2a84e6f847e59e8825b99078df4a8708d0fa8731cadcdb2fd5197c09165280dc?s=96&d=mm&r=g\",\"caption\":\"alecoute\"}}]}<\/script>\n<!-- \/ Yoast SEO plugin. -->","yoast_head_json":{"title":"Guillaume Cizeron : interview bien-\u00eatre et routine hiver","description":"Guillaume Cizeron livre sa routine bien-\u00eatre hiver. Dans cette interview exclusive, il partage ses rituels de soin et sa vision du mouvement.","robots":{"index":"index","follow":"follow","max-snippet":"max-snippet:-1","max-image-preview":"max-image-preview:large","max-video-preview":"max-video-preview:-1"},"canonical":"https:\/\/www.matierebrutelab.com\/blog\/interview-de-guillaume-cizeron\/","og_locale":"fr_FR","og_type":"article","og_title":"Guillaume Cizeron : interview bien-\u00eatre et routine hiver","og_description":"Guillaume Cizeron livre sa routine bien-\u00eatre hiver. Dans cette interview exclusive, il partage ses rituels de soin et sa vision du mouvement.","og_url":"https:\/\/www.matierebrutelab.com\/blog\/interview-de-guillaume-cizeron\/","og_site_name":"Mati\u00e8re Brute Lab","article_publisher":"https:\/\/www.facebook.com\/matierebrutelab\/","article_published_time":"2025-07-07T09:13:58+00:00","article_modified_time":"2025-10-25T10:33:23+00:00","og_image":[{"width":2560,"height":1920,"url":"https:\/\/www.matierebrutelab.com\/blog\/wp-content\/uploads\/2023\/11\/IMG_1574-scaled.jpg","type":"image\/jpeg"}],"author":"alecoute","twitter_card":"summary_large_image","twitter_creator":"@matierebrutelab","twitter_site":"@matierebrutelab","twitter_misc":{"\u00c9crit par":"alecoute","Dur\u00e9e de lecture estim\u00e9e":"7 minutes"},"schema":{"@context":"https:\/\/schema.org","@graph":[{"@type":"Article","@id":"https:\/\/www.matierebrutelab.com\/blog\/interview-de-guillaume-cizeron\/#article","isPartOf":{"@id":"https:\/\/www.matierebrutelab.com\/blog\/interview-de-guillaume-cizeron\/"},"author":{"name":"alecoute","@id":"https:\/\/www.matierebrutelab.com\/blog\/#\/schema\/person\/1b4ce5d3839cd8114e4517c34abc6431"},"headline":"Guillaume Cizeron x Mati\u00e8re Brute Lab \u2014 Quand le soin devient un art du mouvement","datePublished":"2025-07-07T09:13:58+00:00","dateModified":"2025-10-25T10:33:23+00:00","mainEntityOfPage":{"@id":"https:\/\/www.matierebrutelab.com\/blog\/interview-de-guillaume-cizeron\/"},"wordCount":930,"publisher":{"@id":"https:\/\/www.matierebrutelab.com\/blog\/#organization"},"image":{"@id":"https:\/\/www.matierebrutelab.com\/blog\/interview-de-guillaume-cizeron\/#primaryimage"},"thumbnailUrl":"https:\/\/www.matierebrutelab.com\/blog\/wp-content\/uploads\/2023\/11\/IMG_1574-scaled.jpg","articleSection":["Lifestyle de saison"],"inLanguage":"fr-FR"},{"@type":"WebPage","@id":"https:\/\/www.matierebrutelab.com\/blog\/interview-de-guillaume-cizeron\/","url":"https:\/\/www.matierebrutelab.com\/blog\/interview-de-guillaume-cizeron\/","name":"Guillaume Cizeron : interview bien-\u00eatre et routine hiver","isPartOf":{"@id":"https:\/\/www.matierebrutelab.com\/blog\/#website"},"primaryImageOfPage":{"@id":"https:\/\/www.matierebrutelab.com\/blog\/interview-de-guillaume-cizeron\/#primaryimage"},"image":{"@id":"https:\/\/www.matierebrutelab.com\/blog\/interview-de-guillaume-cizeron\/#primaryimage"},"thumbnailUrl":"https:\/\/www.matierebrutelab.com\/blog\/wp-content\/uploads\/2023\/11\/IMG_1574-scaled.jpg","datePublished":"2025-07-07T09:13:58+00:00","dateModified":"2025-10-25T10:33:23+00:00","description":"Guillaume Cizeron livre sa routine bien-\u00eatre hiver. Dans cette interview exclusive, il partage ses rituels de soin et sa vision du mouvement.","breadcrumb":{"@id":"https:\/\/www.matierebrutelab.com\/blog\/interview-de-guillaume-cizeron\/#breadcrumb"},"inLanguage":"fr-FR","potentialAction":[{"@type":"ReadAction","target":["https:\/\/www.matierebrutelab.com\/blog\/interview-de-guillaume-cizeron\/"]}]},{"@type":"ImageObject","inLanguage":"fr-FR","@id":"https:\/\/www.matierebrutelab.com\/blog\/interview-de-guillaume-cizeron\/#primaryimage","url":"https:\/\/www.matierebrutelab.com\/blog\/wp-content\/uploads\/2023\/11\/IMG_1574-scaled.jpg","contentUrl":"https:\/\/www.matierebrutelab.com\/blog\/wp-content\/uploads\/2023\/11\/IMG_1574-scaled.jpg","width":2560,"height":1920,"caption":"Guillaume Cizeron et Annabelle Szwed"},{"@type":"BreadcrumbList","@id":"https:\/\/www.matierebrutelab.com\/blog\/interview-de-guillaume-cizeron\/#breadcrumb","itemListElement":[{"@type":"ListItem","position":1,"name":"Accueil","item":"https:\/\/www.matierebrutelab.com\/blog\/"},{"@type":"ListItem","position":2,"name":"Guillaume Cizeron x Mati\u00e8re Brute Lab \u2014 Quand le soin devient un art du mouvement"}]},{"@type":"WebSite","@id":"https:\/\/www.matierebrutelab.com\/blog\/#website","url":"https:\/\/www.matierebrutelab.com\/blog\/","name":"Mati\u00e8re Brute Lab","description":"","publisher":{"@id":"https:\/\/www.matierebrutelab.com\/blog\/#organization"},"potentialAction":[{"@type":"SearchAction","target":{"@type":"EntryPoint","urlTemplate":"https:\/\/www.matierebrutelab.com\/blog\/?s={search_term_string}"},"query-input":{"@type":"PropertyValueSpecification","valueRequired":true,"valueName":"search_term_string"}}],"inLanguage":"fr-FR"},{"@type":"Organization","@id":"https:\/\/www.matierebrutelab.com\/blog\/#organization","name":"Mati\u00e8re Brute Lab","url":"https:\/\/www.matierebrutelab.com\/blog\/","logo":{"@type":"ImageObject","inLanguage":"fr-FR","@id":"https:\/\/www.matierebrutelab.com\/blog\/#\/schema\/logo\/image\/","url":"https:\/\/www.matierebrutelab.com\/blog\/wp-content\/uploads\/2022\/08\/matiere-brut-lab-logo-1622535226.png","contentUrl":"https:\/\/www.matierebrutelab.com\/blog\/wp-content\/uploads\/2022\/08\/matiere-brut-lab-logo-1622535226.png","width":500,"height":260,"caption":"Mati\u00e8re Brute Lab"},"image":{"@id":"https:\/\/www.matierebrutelab.com\/blog\/#\/schema\/logo\/image\/"},"sameAs":["https:\/\/www.facebook.com\/matierebrutelab\/","https:\/\/x.com\/matierebrutelab","https:\/\/www.instagram.com\/matiere_brute_lab\/"]},{"@type":"Person","@id":"https:\/\/www.matierebrutelab.com\/blog\/#\/schema\/person\/1b4ce5d3839cd8114e4517c34abc6431","name":"alecoute","image":{"@type":"ImageObject","inLanguage":"fr-FR","@id":"https:\/\/secure.gravatar.com\/avatar\/2a84e6f847e59e8825b99078df4a8708d0fa8731cadcdb2fd5197c09165280dc?s=96&d=mm&r=g","url":"https:\/\/secure.gravatar.com\/avatar\/2a84e6f847e59e8825b99078df4a8708d0fa8731cadcdb2fd5197c09165280dc?s=96&d=mm&r=g","contentUrl":"https:\/\/secure.gravatar.com\/avatar\/2a84e6f847e59e8825b99078df4a8708d0fa8731cadcdb2fd5197c09165280dc?s=96&d=mm&r=g","caption":"alecoute"}}]}},"_links":{"self":[{"href":"https:\/\/www.matierebrutelab.com\/blog\/wp-json\/wp\/v2\/posts\/1562","targetHints":{"allow":["GET"]}}],"collection":[{"href":"https:\/\/www.matierebrutelab.com\/blog\/wp-json\/wp\/v2\/posts"}],"about":[{"href":"https:\/\/www.matierebrutelab.com\/blog\/wp-json\/wp\/v2\/types\/post"}],"author":[{"embeddable":true,"href":"https:\/\/www.matierebrutelab.com\/blog\/wp-json\/wp\/v2\/users\/7"}],"replies":[{"embeddable":true,"href":"https:\/\/www.matierebrutelab.com\/blog\/wp-json\/wp\/v2\/comments?post=1562"}],"version-history":[{"count":6,"href":"https:\/\/www.matierebrutelab.com\/blog\/wp-json\/wp\/v2\/posts\/1562\/revisions"}],"predecessor-version":[{"id":3878,"href":"https:\/\/www.matierebrutelab.com\/blog\/wp-json\/wp\/v2\/posts\/1562\/revisions\/3878"}],"wp:featuredmedia":[{"embeddable":true,"href":"https:\/\/www.matierebrutelab.com\/blog\/wp-json\/wp\/v2\/media\/1564"}],"wp:attachment":[{"href":"https:\/\/www.matierebrutelab.com\/blog\/wp-json\/wp\/v2\/media?parent=1562"}],"wp:term":[{"taxonomy":"category","embeddable":true,"href":"https:\/\/www.matierebrutelab.com\/blog\/wp-json\/wp\/v2\/categories?post=1562"},{"taxonomy":"post_tag","embeddable":true,"href":"https:\/\/www.matierebrutelab.com\/blog\/wp-json\/wp\/v2\/tags?post=1562"},{"taxonomy":"test","embeddable":true,"href":"https:\/\/www.matierebrutelab.com\/blog\/wp-json\/wp\/v2\/test?post=1562"}],"curies":[{"name":"wp","href":"https:\/\/api.w.org\/{rel}","templated":true}]}}