{"id":1034,"date":"2025-09-08T13:08:30","date_gmt":"2025-09-08T11:08:30","guid":{"rendered":"https:\/\/www.matierebrutelab.com\/blog\/?p=1034"},"modified":"2025-11-10T10:32:14","modified_gmt":"2025-11-10T09:32:14","slug":"pores-dilates","status":"publish","type":"post","link":"https:\/\/www.matierebrutelab.com\/blog\/pores-dilates\/","title":{"rendered":"Pores dilat\u00e9s\u00a0: comment en prendre soin naturellement\u2009?"},"content":{"rendered":"\n<h2 class=\"wp-block-heading\">Pores dilat\u00e9s : d\u00e9finition<\/h2>\n\n\n\n<p>Les pores sont des orifices qui recouvrent la surface de l\u2019\u00e9piderme. Ils permettent \u00e0 la sueur d\u2019\u00eatre \u00e9vacu\u00e9e, mais aussi au <a href=\"https:\/\/www.matierebrutelab.com\/blog\/guide-sebum\/\"><strong>s\u00e9bum<\/strong><\/a> de faire son travail. Un pore dilat\u00e9, c\u2019est un pore qui s\u2019agrandit et devient visible, cela signifie qu\u2019il est ouvert.<\/p>\n\n\n\n<p>Les pores dilat\u00e9s induisent souvent que la peau devient grasse plus rapidement. Ils ont aussi tendance \u00e0 s\u2019<strong>encombrer <\/strong>et \u00e0 s\u2019<strong>obstruer <\/strong>plus facilement, ce qui conduit \u00e0 l\u2019apparition d'<strong>imperfections<\/strong>, comme de l'acn\u00e9 ou encore des points noirs.<\/p>\n\n\n\n<p>Cela peut \u00eatre n\u2019importe o\u00f9 sur le visage, mais souvent les pores dilat\u00e9s sont localis\u00e9s sur ce qu\u2019on appelle la \u201czone T\u201d, qui comprend le front, le nez et le menton. Plus rarement, mais tout de m\u00eame, on peut parfois en retrouver dans le creux des joues.<\/p>\n\n\n\n<h2 class=\"wp-block-heading\">Pourquoi les pores de la peau se dilatent-ils\u2009?<\/h2>\n\n\n\n<p>Diff\u00e9rentes causes conduisent \u00e0 la dilatation des pores de la peau de notre visage :<\/p>\n\n\n\n<ul class=\"wp-block-list\">\n<li>Avec l\u2019<strong>\u00e2ge <\/strong>: Le rel\u00e2chement cutan\u00e9 caus\u00e9 par une baisse de la production de collag\u00e8ne est une cause de la dilatation des pores. Les pores s\u2019\u00e9largissent \u00e0 cause de la perte d\u2019\u00e9lasticit\u00e9.<\/li>\n\n\n\n<li>Un <strong>mauvais nettoyage <\/strong>de la peau : pour pr\u00e9server l\u2019\u00e9quilibre cutan\u00e9, il est essentiel de proc\u00e9der \u00e0 un nettoyage complet de la peau, que l\u2019on se soit maquill\u00e9 ou non au cours de la journ\u00e9e. Privil\u00e9giez le nettoyage le soir pour \u00e9liminer toutes les impuret\u00e9s de l\u2019ext\u00e9rieur.<\/li>\n\n\n\n<li>La <strong>pollution <\/strong>: Un air pollu\u00e9 ou une pluie charg\u00e9e de mol\u00e9cules pollu\u00e9e peut aussi obstruer les pores de la peau.&nbsp;<\/li>\n\n\n\n<li>Les fortes <strong>chaleurs <\/strong>: une transpiration excessive d\u00e9s\u00e9quilibre le pH ainsi que la r\u00e9gulation du s\u00e9bum de l\u2019\u00e9piderme. Cela entra\u00eene un \u00e9largissement des pores.<\/li>\n\n\n\n<li>Les expositions r\u00e9p\u00e9t\u00e9es et excessives au <strong>soleil <\/strong>: la peau a toujours du mal \u00e0 se prot\u00e9ger du soleil et \u00e0 se d\u00e9fendre en parall\u00e8le. Les pores s\u2019\u00e9largissent alors pour permettre au s\u00e9bum de faire son travail de protection.<\/li>\n\n\n\n<li>Les <strong>d\u00e9s\u00e9quilibres hormonaux <\/strong>(pubert\u00e9, grossesse, m\u00e9nopause) : ces phases d\u2019instabilit\u00e9 hormonale peuvent aussi d\u00e9s\u00e9quilibrer la m\u00e9canique naturelle de protection de la peau. Elle est plus vuln\u00e9rable et peut s\u2019obstruer plus facilement.&nbsp;<\/li>\n\n\n\n<li>L\u2019<strong>alimentation <\/strong>ou l\u2019exc\u00e8s d\u2019<strong>alcool<\/strong>, de <strong>tabac <\/strong>: les exc\u00e8s sont assez mal v\u00e9cus par l\u2019organisme et notamment par la peau du visage, qui r\u00e9agit g\u00e9n\u00e9ralement par l\u2019apparition d\u2019imperfections, des pores dilat\u00e9s, etc.&nbsp;<\/li>\n\n\n\n<li>La <strong>d\u00e9shydratation <\/strong>: Lorsque la peau est d\u00e9shydrat\u00e9e, elle compense le manque d\u2019eau par une surproduction de s\u00e9bum. Cela lui permet de se prot\u00e9ger contre les agressions ext\u00e9rieures.<\/li>\n<\/ul>\n\n\n\n<p><a href=\"https:\/\/www.matierebrutelab.com\/blog\/routine-belle-peau\/\">Une routine non adapt\u00e9e \u00e0 votre type de peau<\/a> : Lorsque l\u2019on cherche \u00e0 traiter des probl\u00e8mes sp\u00e9cifiques sur notre peau, il est imp\u00e9ratif de choisir avec pr\u00e9caution les soins qu\u2019on utilise. Pour les pores dilat\u00e9s, il faut absolument <strong>\u00e9viter <\/strong>les produits contenant des <strong>ingr\u00e9dients com\u00e9dog\u00e8nes<\/strong>, qui vont avoir tendance \u00e0 <strong>obstruer <\/strong>les pores dilat\u00e9s.<\/p>\n\n\n\n<figure class=\"wp-block-image size-large\"><img loading=\"lazy\" decoding=\"async\" width=\"1024\" height=\"597\" src=\"https:\/\/www.matierebrutelab.com\/blog\/wp-content\/uploads\/2023\/11\/pores-dilates-1024x597.jpg\" alt=\"\" class=\"wp-image-1533\" srcset=\"https:\/\/www.matierebrutelab.com\/blog\/wp-content\/uploads\/2023\/11\/pores-dilates-1024x597.jpg 1024w, https:\/\/www.matierebrutelab.com\/blog\/wp-content\/uploads\/2023\/11\/pores-dilates-300x175.jpg 300w, https:\/\/www.matierebrutelab.com\/blog\/wp-content\/uploads\/2023\/11\/pores-dilates-768x448.jpg 768w, https:\/\/www.matierebrutelab.com\/blog\/wp-content\/uploads\/2023\/11\/pores-dilates.jpg 1200w\" sizes=\"auto, (max-width: 1024px) 100vw, 1024px\" \/><\/figure>\n\n\n\n<p><\/p>\n\n\n\n<h2 class=\"wp-block-heading\">Comment resserrer ses pores dilat\u00e9s naturellement\u2009?<\/h2>\n\n\n\n<h3 class=\"wp-block-heading\">Nettoyer sa peau en profondeur, mais en douceur !<\/h3>\n\n\n\n<p>Un bain de vapeur peut \u00eatre envisag\u00e9 avant le nettoyage afin de pr\u00e9parer la peau et d\u2019ouvrir les pores du visage pour \u00e9vacuer plus facilement les impuret\u00e9s.<\/p>\n\n\n\n<p>Commencez le nettoyage du visage avec le <a href=\"https:\/\/www.matierebrutelab.com\/fr\/demaquillants-nettoyants\/78-demaquillant-nettoyant-doux.html\">D\u00e9maquillant et Nettoyant Doux<\/a> propos\u00e9 par Mati\u00e8re Brute Lab et fabriqu\u00e9 en France. Nous vous proposons un soin aux huiles v\u00e9g\u00e9tales 100 % naturelles, formul\u00e9 <strong>sans conservateurs<\/strong>, <strong>sans agents irritants<\/strong>, <strong>allergisants <\/strong>ou <strong>d\u00e9tergents <\/strong>! Tous les soins sont produits fra\u00eechement et avec uniquement des ingr\u00e9dients issus de l\u2019agriculture biologique pour plus d\u2019efficacit\u00e9.\u00a0<\/p>\n\n\n\n<p>Vous retrouverez dans notre D\u00e9maquillant et Nettoyant Doux :&nbsp;<\/p>\n\n\n\n<ul class=\"wp-block-list\">\n<li>de l\u2019eau de chaux \u00e9mulsionn\u00e9e pour ses <strong>propri\u00e9t\u00e9s nettoyantes<\/strong><\/li>\n\n\n\n<li>de la cire d\u2019abeille pour ses propri\u00e9t\u00e9s <strong>filmog\u00e8nes<\/strong><\/li>\n\n\n\n<li>un cocktail vitamin\u00e9 de plusieurs huiles v\u00e9g\u00e9tales et naturelles aux nombreuses vertus<\/li>\n<\/ul>\n\n\n<div class=\"wp-block-image\">\n<figure class=\"aligncenter size-full\"><a href=\"https:\/\/www.matierebrutelab.com\/fr\/demaquillants-nettoyants\/78-demaquillant-nettoyant-doux.html\"><img loading=\"lazy\" decoding=\"async\" width=\"792\" height=\"492\" src=\"https:\/\/www.matierebrutelab.com\/blog\/wp-content\/uploads\/2022\/12\/diptyque_demaquillant_avis.jpg\" alt=\"Diptyque du d\u00e9maquillant et un avis\" class=\"wp-image-3672\" srcset=\"https:\/\/www.matierebrutelab.com\/blog\/wp-content\/uploads\/2022\/12\/diptyque_demaquillant_avis.jpg 792w, https:\/\/www.matierebrutelab.com\/blog\/wp-content\/uploads\/2022\/12\/diptyque_demaquillant_avis-300x186.jpg 300w, https:\/\/www.matierebrutelab.com\/blog\/wp-content\/uploads\/2022\/12\/diptyque_demaquillant_avis-768x477.jpg 768w\" sizes=\"auto, (max-width: 792px) 100vw, 792px\" \/><\/a><\/figure>\n<\/div>\n\n\n<div class=\"wp-block-buttons is-content-justification-center is-layout-flex wp-container-core-buttons-is-layout-16018d1d wp-block-buttons-is-layout-flex\">\n<div class=\"wp-block-button\"><a class=\"wp-block-button__link wp-element-button\" href=\"https:\/\/www.matierebrutelab.com\/fr\/73-demaquillants-nettoyants\">D\u00c9COUVREZ TOUS NOS PRODUITS D\u00c9MAQUILLANTS !<\/a><\/div>\n<\/div>\n\n\n\n<p>Pour poursuivre le nettoyage, nous vous invitons \u00e0 utiliser un <a href=\"https:\/\/www.matierebrutelab.com\/fr\/savons-bio\/215-savon-doux.html\">Savon Doux<\/a> \u00e9labor\u00e9 par notre laboratoire. Nous avons imagin\u00e9 des recettes de savon contenant des huiles v\u00e9g\u00e9tales ou des mac\u00e9r\u00e2ts ainsi que des hydrolats qui varient en fonction des saisons. Enrichis en cire d\u2019abeille, nos savons vous garantissent un <strong>nettoyage <\/strong>tout en <strong>douceur<\/strong>, <strong>sans agressivit\u00e9<\/strong>.&nbsp;<\/p>\n\n\n<div class=\"wp-block-image\">\n<figure class=\"aligncenter size-full\"><a href=\"https:\/\/www.matierebrutelab.com\/fr\/savons-bio\/215-savon-doux.html\"><img loading=\"lazy\" decoding=\"async\" width=\"792\" height=\"492\" src=\"https:\/\/www.matierebrutelab.com\/blog\/wp-content\/uploads\/2022\/12\/diptyque_savon_doux_avis.jpg\" alt=\"Diptyque du savon doux et un avis\" class=\"wp-image-3673\" srcset=\"https:\/\/www.matierebrutelab.com\/blog\/wp-content\/uploads\/2022\/12\/diptyque_savon_doux_avis.jpg 792w, https:\/\/www.matierebrutelab.com\/blog\/wp-content\/uploads\/2022\/12\/diptyque_savon_doux_avis-300x186.jpg 300w, https:\/\/www.matierebrutelab.com\/blog\/wp-content\/uploads\/2022\/12\/diptyque_savon_doux_avis-768x477.jpg 768w\" sizes=\"auto, (max-width: 792px) 100vw, 792px\" \/><\/a><\/figure>\n<\/div>\n\n\n<div class=\"wp-block-buttons is-content-justification-center is-layout-flex wp-container-core-buttons-is-layout-16018d1d wp-block-buttons-is-layout-flex\">\n<div class=\"wp-block-button\"><a class=\"wp-block-button__link wp-element-button\" href=\"https:\/\/www.matierebrutelab.com\/fr\/77-savons-bio\">D\u00c9COUVREZ TOUS NOS PRODUITS SAVONS !<\/a><\/div>\n<\/div>\n\n\n\n<p>En finition, nous vous conseillons de vaporiser une de nos Brumes pour \u00e9liminer le calcaire de l\u2019eau du robinet. En plus de cela, votre peau sera rafra\u00eechie et r\u00e9veill\u00e9e et les pores seront resserr\u00e9s.<\/p>\n\n\n<div class=\"wp-block-image\">\n<figure class=\"aligncenter size-full\"><a href=\"https:\/\/www.matierebrutelab.com\/fr\/brumes-visage\/77-brume-equilibrante.html\"><img loading=\"lazy\" decoding=\"async\" width=\"792\" height=\"492\" src=\"https:\/\/www.matierebrutelab.com\/blog\/wp-content\/uploads\/2022\/12\/diptyque_brume_equilibrante_avis.jpg\" alt=\"Diptyque de la brume \u00e9quilibrante et un avis\" class=\"wp-image-3674\" srcset=\"https:\/\/www.matierebrutelab.com\/blog\/wp-content\/uploads\/2022\/12\/diptyque_brume_equilibrante_avis.jpg 792w, https:\/\/www.matierebrutelab.com\/blog\/wp-content\/uploads\/2022\/12\/diptyque_brume_equilibrante_avis-300x186.jpg 300w, https:\/\/www.matierebrutelab.com\/blog\/wp-content\/uploads\/2022\/12\/diptyque_brume_equilibrante_avis-768x477.jpg 768w\" sizes=\"auto, (max-width: 792px) 100vw, 792px\" \/><\/a><\/figure>\n<\/div>\n\n\n<div class=\"wp-block-buttons is-content-justification-center is-layout-flex wp-container-core-buttons-is-layout-16018d1d wp-block-buttons-is-layout-flex\">\n<div class=\"wp-block-button\"><a class=\"wp-block-button__link wp-element-button\" href=\"https:\/\/www.matierebrutelab.com\/fr\/91-brumes-visage\">D\u00c9COUVREZ TOUTES NOS BRUMES !<\/a><\/div>\n<\/div>\n\n\n\n<h3 class=\"wp-block-heading\">Exfolier sa peau pour \u00e9liminer les impuret\u00e9s<\/h3>\n\n\n\n<p>Pour \u00e9viter une accumulation d\u2019impuret\u00e9s obstruant les pores, Mati\u00e8re Brute Lab vous recommande une exfoliation douce \u00e0 ajouter \u00e0 votre routine de soins, id\u00e9alement deux fois par semaine (seulement une fois pour les peaux sensibles).<\/p>\n\n\n\n<p>Choisissez l\u2019exfoliant que vous pr\u00e9f\u00e9rez !<\/p>\n\n\n\n<figure class=\"wp-block-image size-large\"><a href=\"https:\/\/www.matierebrutelab.com\/fr\/masques-et-soins-exfoliants\/266-savon-gommant-visage.html\"><img loading=\"lazy\" decoding=\"async\" width=\"1024\" height=\"732\" src=\"https:\/\/www.matierebrutelab.com\/blog\/wp-content\/uploads\/2023\/04\/savon-soin-exfoliant-visage-eau-1024x732.jpg\" alt=\"\" class=\"wp-image-1183\" srcset=\"https:\/\/www.matierebrutelab.com\/blog\/wp-content\/uploads\/2023\/04\/savon-soin-exfoliant-visage-eau-1024x732.jpg 1024w, https:\/\/www.matierebrutelab.com\/blog\/wp-content\/uploads\/2023\/04\/savon-soin-exfoliant-visage-eau-300x215.jpg 300w, https:\/\/www.matierebrutelab.com\/blog\/wp-content\/uploads\/2023\/04\/savon-soin-exfoliant-visage-eau-768x549.jpg 768w, https:\/\/www.matierebrutelab.com\/blog\/wp-content\/uploads\/2023\/04\/savon-soin-exfoliant-visage-eau-1536x1098.jpg 1536w, https:\/\/www.matierebrutelab.com\/blog\/wp-content\/uploads\/2023\/04\/savon-soin-exfoliant-visage-eau.jpg 1600w\" sizes=\"auto, (max-width: 1024px) 100vw, 1024px\" \/><\/a><\/figure>\n\n\n\n<div class=\"wp-block-buttons is-content-justification-center is-layout-flex wp-container-core-buttons-is-layout-16018d1d wp-block-buttons-is-layout-flex\">\n<div class=\"wp-block-button\"><a class=\"wp-block-button__link wp-element-button\" href=\"https:\/\/www.matierebrutelab.com\/fr\/masques-et-soins-exfoliants\/266-savon-gommant-visage.html\">NOTRE SAVON GOMMANT VISAGE<\/a><\/div>\n<\/div>\n\n\n\n<p>Gr\u00e2ce \u00e0 une saponification \u00e0 froid, notre savon doux et surgras vous garantit une <strong>exfoliation en douceur <\/strong>du visage.<\/p>\n\n\n\n<p>Nous formulons ce type d\u2019exfoliant avec de la poudre de p\u00e9pins de raisin, une poudre qui laisse la peau douce tout en apportant des nutriments int\u00e9ressants pour le visage. Elle permet d\u2019\u00e9liminer les impuret\u00e9s et de r\u00e9duire l\u2019exc\u00e8s de s\u00e9bum afin de limiter la dilatation des pores du visage.<\/p>\n\n\n<div class=\"wp-block-image\">\n<figure class=\"aligncenter size-full\"><a href=\"https:\/\/www.matierebrutelab.com\/fr\/masques-et-soins-exfoliants\/518-masque-exfoliant-poudre-doux-et-purifiant.html\"><img loading=\"lazy\" decoding=\"async\" width=\"792\" height=\"492\" src=\"https:\/\/www.matierebrutelab.com\/blog\/wp-content\/uploads\/2022\/12\/diptyque_masque_exfoliant_benefices.jpg\" alt=\"Diptyque du masque exfoliant et certains de ses b\u00e9n\u00e9fices\" class=\"wp-image-3675\" srcset=\"https:\/\/www.matierebrutelab.com\/blog\/wp-content\/uploads\/2022\/12\/diptyque_masque_exfoliant_benefices.jpg 792w, https:\/\/www.matierebrutelab.com\/blog\/wp-content\/uploads\/2022\/12\/diptyque_masque_exfoliant_benefices-300x186.jpg 300w, https:\/\/www.matierebrutelab.com\/blog\/wp-content\/uploads\/2022\/12\/diptyque_masque_exfoliant_benefices-768x477.jpg 768w\" sizes=\"auto, (max-width: 792px) 100vw, 792px\" \/><\/a><\/figure>\n<\/div>\n\n\n<div class=\"wp-block-buttons is-content-justification-center is-layout-flex wp-container-core-buttons-is-layout-16018d1d wp-block-buttons-is-layout-flex\">\n<div class=\"wp-block-button\"><a class=\"wp-block-button__link wp-element-button\" href=\"https:\/\/www.matierebrutelab.com\/fr\/masques-et-soins-exfoliants\/518-masque-exfoliant-poudre-doux-et-purifiant.html\">NOTRE MASQUE EXFOLIANT POUDRE DOUX ET PURIFIANT<\/a><\/div>\n<\/div>\n\n\n\n<p>&nbsp;Ce masque, enrichi \u00e0 la spiruline, sera votre alli\u00e9 pour combattre les pores dilat\u00e9s. Gr\u00e2ce \u00e0 sa teneur en <strong>chlorophylle<\/strong>, il sera parfait pour <strong>\u00e9liminer les toxines <\/strong>et <strong>purifier votre peau<\/strong>.<\/p>\n\n\n\n<h3 class=\"wp-block-heading\">Bien hydrater et nourrir sa peau avec un soin adapt\u00e9<\/h3>\n\n\n\n<p>Peu importe votre type de peau, il est tr\u00e8s important de <strong>bien hydrater et nourrir son visage <\/strong>avec des produits cosm\u00e9tiques <strong>adapt\u00e9s <\/strong>et de <strong>bonnes qualit\u00e9s<\/strong>.<\/p>\n\n\n\n<p>En effet, lorsque l\u2019on a la peau grasse ou mixte, on peut avoir tendance \u00e0 penser que cela n\u2019est pas n\u00e9cessaire d\u2019appliquer une cr\u00e8me quotidiennement. Cependant, il est tr\u00e8s important de le faire, car par manque d\u2019hydratation et\/ou de nutrition, la peau se d\u00e9fend et se prot\u00e8ge, et c\u2019est \u00e0 ce moment-l\u00e0 que les pores se dilatent pour laisser le s\u00e9bum faire son travail.<\/p>\n\n\n\n<p>De l\u2019autre c\u00f4t\u00e9, les peaux s\u00e8ches peuvent aussi \u00eatre sujettes aux pores dilat\u00e9s. En effet, les peaux s\u00e8ches perdent de leur \u00e9lasticit\u00e9 ce qui augmente l'apparence des pores. Le renouvellement cellulaire est aussi plus lent, ce qui entra\u00eene une accumulation d\u2019impuret\u00e9s dans les pores, et donc un \u00e9largissement de ces derniers.<\/p>\n\n\n\n<p>Au final, peu importe son type de peau, il est <strong>imp\u00e9ratif <\/strong>de lui apporter de l\u2019<strong>hydratation <\/strong>et de la <strong>nutrition tous les jours<\/strong>, gr\u00e2ce \u00e0 une cr\u00e8me adapt\u00e9e avec des ingr\u00e9dients choisis minutieusement.<\/p>\n\n\n\n<p>Chez Mati\u00e8re Brute Lab, nous vous proposons diff\u00e9rentes <strong><a href=\"https:\/\/www.matierebrutelab.com\/fr\/71-cremes-visage\">cr\u00e8mes minimalistes<\/a><\/strong> pour que vous puissiez choisir celle qui vous convient le mieux, mais toutes sont compos\u00e9es d\u2019ingr\u00e9dients naturels issus de l\u2019agriculture biologique et extra-frais. Elles sont parfaitement <strong>adapt\u00e9es <\/strong>aux besoins de la peau tout au long de l\u2019ann\u00e9e.<\/p>\n\n\n<div class=\"wp-block-image\">\n<figure class=\"aligncenter size-full\"><a href=\"https:\/\/www.matierebrutelab.com\/fr\/71-cremes-visage\"><img loading=\"lazy\" decoding=\"async\" width=\"792\" height=\"492\" src=\"https:\/\/www.matierebrutelab.com\/blog\/wp-content\/uploads\/2022\/12\/cremes_4_saisons.jpg\" alt=\"Les 4 cr\u00e8mes visage\" class=\"wp-image-3676\" srcset=\"https:\/\/www.matierebrutelab.com\/blog\/wp-content\/uploads\/2022\/12\/cremes_4_saisons.jpg 792w, https:\/\/www.matierebrutelab.com\/blog\/wp-content\/uploads\/2022\/12\/cremes_4_saisons-300x186.jpg 300w, https:\/\/www.matierebrutelab.com\/blog\/wp-content\/uploads\/2022\/12\/cremes_4_saisons-768x477.jpg 768w\" sizes=\"auto, (max-width: 792px) 100vw, 792px\" \/><\/a><\/figure>\n<\/div>\n\n\n<div class=\"wp-block-buttons is-content-justification-center is-layout-flex wp-container-core-buttons-is-layout-16018d1d wp-block-buttons-is-layout-flex\">\n<div class=\"wp-block-button\"><a class=\"wp-block-button__link has-medium-font-size has-custom-font-size wp-element-button\" href=\"https:\/\/www.matierebrutelab.com\/fr\/71-cremes-visage\" style=\"border-radius:0px\">D\u00c9COUVREZ TOUTES NOS CR\u00c8MES !<\/a><\/div>\n<\/div>\n\n\n\n<p>Pour maximiser l\u2019apport en hydratation et nutrition de votre peau, vous pouvez aussi s\u00e9lectionner une de nos <a href=\"https:\/\/www.matierebrutelab.com\/fr\/72-huiles-visage\">Huiles visages<\/a> ou l\u2019une de nos <a href=\"https:\/\/www.matierebrutelab.com\/fr\/91-brumes-visage\">Brumes<\/a>, elles aussi compos\u00e9es d\u2019ingr\u00e9dients naturels issus de l\u2019agriculture biologique et gorg\u00e9s d\u2019<strong>actifs purs<\/strong>. Il y en a pour tous les go\u00fbts, alors n\u2019h\u00e9sitez plus !<\/p>\n\n\n\n<h2 class=\"wp-block-heading\">Conclusion : Les gestes au quotidien pour am\u00e9liorer son grain de peau<\/h2>\n\n\n\n<p>Pour am\u00e9liorer le grain de peau, rien de mieux que d\u2019ancrer des gestes sains quotidiennement pour lui offrir le meilleur terrain possible.<\/p>\n\n\n\n<p>Tout d\u2019abord, une <strong>bonne hygi\u00e8ne de vie <\/strong>pourra permettre aux pores de ne pas se dilater trop vite. On peut commencer par <strong>limiter <\/strong>la consommation de <strong>tabac <\/strong>et d\u2019<strong>alcool<\/strong>.&nbsp;<\/p>\n\n\n\n<p>Pour aller plus loin, l\u2019adoption d\u2019une <strong>alimentation saine et \u00e9quilibr\u00e9e <\/strong>ne peut qu\u2019\u00eatre b\u00e9n\u00e9fique. La nature nous nourrit aussi bien de l\u2019int\u00e9rieur que de l\u2019ext\u00e9rieur\u2009! Vous pouvez composer vos assiettes tout comme les soins Mati\u00e8re Brute Lab, qui sont \u00e9labor\u00e9s \u00e0 partir de produits frais, saisonniers, locaux et bio.<\/p>\n\n\n\n<p><strong>Limitez <\/strong>l\u2019apport de nutriments potentiellement gras qui bouchent les pores : <strong>aliments trop gras<\/strong>, trop <strong>sucr\u00e9s<\/strong>, produits <strong>industriels <\/strong>contenant trop de <strong>graisses<\/strong>, de <strong>gluten <\/strong>ou de produits <strong>laitiers <\/strong>\u00e0 base de lait de vache.<\/p>\n\n\n\n<p>Ne n\u00e9gligez pas votre <a href=\"https:\/\/www.matierebrutelab.com\/blog\/wp-admin\/post.php?post=1243&amp;action=edit\">routine de soin quotidienne<\/a> ! Une peau <strong>bien nettoy\u00e9e <\/strong>suivie de l\u2019application de <strong>soins adapt\u00e9s <\/strong>\u00e0 vos probl\u00e9matiques de peaux ne pourra qu\u2019aider \u00e0 \u00e9viter que les pores se dilatent et s\u2019obstruent. On \u00e9vite \u00e0 tout prix les ingr\u00e9dients com\u00e9dog\u00e8nes !<\/p>\n\n\n\n<p>Si vous vous maquillez, il faut bien se d\u00e9maquiller tous les soirs et nettoyer ses pinceaux apr\u00e8s chaque utilisation ! Ces petits instruments peuvent vite devenir des nids \u00e0 bact\u00e9rie.<\/p>\n\n\n\n<p><em>Bonus : Il est aussi pr\u00e9f\u00e9rable de ne pas se s\u00e9cher le visage avec la m\u00eame serviette que pour le corps, et d\u2019en changer tous les jours. Pareil pour les taies d'oreiller !<\/em><\/p>\n\n\n\n<h3 class=\"wp-block-heading\">Articles connexes<\/h3>\n\n\n\n<p><\/p>\n\n\n\n<ul class=\"wp-block-list\">\n<li><a href=\"https:\/\/www.matierebrutelab.com\/blog\/pourquoi-appliquer-de-lhuile-sur-une-peau-grasse\/\">Pourquoi Appliquer de l\u2019Huile sur une Peau Grasse ?<\/a><\/li>\n\n\n\n<li><a href=\"https:\/\/www.matierebrutelab.com\/blog\/guide-sebum\/\">Tout ce que vous devez savoir sur le s\u00e9bum<\/a><\/li>\n\n\n\n<li><a href=\"https:\/\/www.matierebrutelab.com\/blog\/l-hydrolat-de-lavande-nettoyant-naturel-pour-lutter-contre-les-imperfections-n60\/\">L\u2019hydrolat de Lavande nettoyant naturel pour lutter contre les imperfections !<\/a><\/li>\n<\/ul>\n\n\n\n<div class=\"wp-block-group\"><div class=\"wp-block-group__inner-container is-layout-constrained wp-block-group-is-layout-constrained\">\n<p class=\"has-text-align-center\">Une communaut\u00e9 qui adore Mati\u00e8re Brute :<\/p>\n\n\n<div class=\"wp-block-image\">\n<figure class=\"aligncenter size-large is-resized\"><a href=\"https:\/\/fr.trustpilot.com\/review\/matierebrutelab.com?utm_campaign=free&amp;utm_medium=trustbox&amp;utm_source=TrustBoxBasic\"><img loading=\"lazy\" decoding=\"async\" width=\"1024\" height=\"160\" src=\"https:\/\/www.matierebrutelab.com\/blog\/wp-content\/uploads\/2024\/02\/Capture-decran-2024-02-06-a-12.01.55-1024x160.png\" alt=\"\" class=\"wp-image-1691\" style=\"width:333px;height:auto\" srcset=\"https:\/\/www.matierebrutelab.com\/blog\/wp-content\/uploads\/2024\/02\/Capture-decran-2024-02-06-a-12.01.55-1024x160.png 1024w, https:\/\/www.matierebrutelab.com\/blog\/wp-content\/uploads\/2024\/02\/Capture-decran-2024-02-06-a-12.01.55-300x47.png 300w, https:\/\/www.matierebrutelab.com\/blog\/wp-content\/uploads\/2024\/02\/Capture-decran-2024-02-06-a-12.01.55-768x120.png 768w, https:\/\/www.matierebrutelab.com\/blog\/wp-content\/uploads\/2024\/02\/Capture-decran-2024-02-06-a-12.01.55-1536x239.png 1536w, https:\/\/www.matierebrutelab.com\/blog\/wp-content\/uploads\/2024\/02\/Capture-decran-2024-02-06-a-12.01.55.png 1656w\" sizes=\"auto, (max-width: 1024px) 100vw, 1024px\" \/><\/a><\/figure>\n<\/div><\/div><\/div>\n\n\n\n<div class=\"wp-block-columns is-layout-flex wp-container-core-columns-is-layout-9d6595d7 wp-block-columns-is-layout-flex\">\n<div class=\"wp-block-column is-layout-flow wp-block-column-is-layout-flow\"><div class=\"wp-block-image\">\n<figure class=\"aligncenter size-large\"><a href=\"https:\/\/www.matierebrutelab.com\/fr\/masques-et-soins-exfoliants\/266-savon-gommant-visage.html\"><img decoding=\"async\" src=\"https:\/\/www.matierebrutelab.com\/1259-large_default\/savon-de-soin-gommant-visage-bio.jpg\" alt=\"\"\/><\/a><figcaption class=\"wp-element-caption\"><a href=\"https:\/\/www.matierebrutelab.com\/fr\/masques-et-soins-exfoliants\/266-savon-gommant-visage.html\">Savon Gommant Visage<\/a><\/figcaption><\/figure>\n<\/div><\/div>\n\n\n\n<div class=\"wp-block-column is-layout-flow wp-block-column-is-layout-flow\"><div class=\"wp-block-image\">\n<figure class=\"aligncenter size-large\"><a href=\"https:\/\/www.matierebrutelab.com\/fr\/cremes-visage\/141-creme-detox-.html\"><img decoding=\"async\" src=\"https:\/\/www.matierebrutelab.com\/2333-large_default\/creme-detox-.webp\" alt=\"\"\/><\/a><figcaption class=\"wp-element-caption\"><a href=\"https:\/\/www.matierebrutelab.com\/fr\/cremes-visage\/141-creme-detox-.html\">Cr\u00e8me D\u00e9tox<\/a><\/figcaption><\/figure>\n<\/div><\/div>\n\n\n\n<div class=\"wp-block-column is-layout-flow wp-block-column-is-layout-flow\"><div class=\"wp-block-image\">\n<figure class=\"aligncenter size-large\"><a href=\"https:\/\/www.matierebrutelab.com\/fr\/brumes-visage\/77-brume-equilibrante.html\"><img decoding=\"async\" src=\"https:\/\/www.matierebrutelab.com\/2353-large_default\/brume-equilibrante.webp\" alt=\"\"\/><\/a><figcaption class=\"wp-element-caption\"><a href=\"https:\/\/www.matierebrutelab.com\/fr\/brumes-visage\/77-brume-equilibrante.html\">Brume \u00c9quilibrante<\/a><\/figcaption><\/figure>\n<\/div><\/div>\n<\/div>\n","protected":false},"excerpt":{"rendered":"<p>Pores dilat\u00e9s : d\u00e9finition Les pores sont des orifices qui recouvrent la surface de l\u2019\u00e9piderme. Ils permettent \u00e0 la sueur d\u2019\u00eatre \u00e9vacu\u00e9e, mais aussi au s\u00e9bum de faire son travail. Un pore dilat\u00e9, c\u2019est un pore qui s\u2019agrandit et devient visible, cela signifie qu\u2019il est ouvert. Les pores dilat\u00e9s induisent souvent que la peau devient grasse plus rapidement. Ils ont aussi tendance \u00e0 s\u2019encombrer et \u00e0 s\u2019obstruer plus facilement, ce qui conduit \u00e0 l\u2019apparition d&rsquo;imperfections, comme de l&rsquo;acn\u00e9 ou encore des points noirs. Cela peut \u00eatre n\u2019importe o\u00f9 sur le visage, mais souvent les pores dilat\u00e9s sont localis\u00e9s sur ce qu\u2019on appelle la \u201czone T\u201d, qui comprend le front, le nez et le menton. Plus rarement, mais tout de m\u00eame, [&#8230;]<\/p>\n","protected":false},"author":6,"featured_media":1032,"comment_status":"closed","ping_status":"closed","sticky":false,"template":"","format":"standard","meta":{"_acf_changed":false,"footnotes":""},"categories":[27],"tags":[],"test":[],"class_list":["post-1034","post","type-post","status-publish","format-standard","has-post-thumbnail","hentry","category-soins-et-preoccupations"],"acf":[],"yoast_head":"<!-- This site is optimized with the Yoast SEO plugin v27.4 - https:\/\/yoast.com\/product\/yoast-seo-wordpress\/ -->\n<title>R\u00e9duire les Pores Dilat\u00e9s Naturellement : Conseils et Astuces<\/title>\n<meta name=\"description\" content=\"Pourquoi a-t-on des pores dilat\u00e9s et comment les resserrer ? D\u00e9couvrez nos conseils pour nourrir votre peau\" \/>\n<meta name=\"robots\" content=\"index, follow, max-snippet:-1, max-image-preview:large, max-video-preview:-1\" \/>\n<link rel=\"canonical\" href=\"https:\/\/www.matierebrutelab.com\/blog\/pores-dilates\/\" \/>\n<meta property=\"og:locale\" content=\"fr_FR\" \/>\n<meta property=\"og:type\" content=\"article\" \/>\n<meta property=\"og:title\" content=\"R\u00e9duire les Pores Dilat\u00e9s Naturellement : Conseils et Astuces\" \/>\n<meta property=\"og:description\" content=\"Pourquoi a-t-on des pores dilat\u00e9s et comment les resserrer ? D\u00e9couvrez nos conseils pour nourrir votre peau\" \/>\n<meta property=\"og:url\" content=\"https:\/\/www.matierebrutelab.com\/blog\/pores-dilates\/\" \/>\n<meta property=\"og:site_name\" content=\"Mati\u00e8re Brute Lab\" \/>\n<meta property=\"article:publisher\" content=\"https:\/\/www.facebook.com\/matierebrutelab\/\" \/>\n<meta property=\"article:published_time\" content=\"2025-09-08T11:08:30+00:00\" \/>\n<meta property=\"article:modified_time\" content=\"2025-11-10T09:32:14+00:00\" \/>\n<meta property=\"og:image\" content=\"https:\/\/www.matierebrutelab.com\/blog\/wp-content\/uploads\/2022\/11\/pores-dilate\u0301s.png\" \/>\n\t<meta property=\"og:image:width\" content=\"792\" \/>\n\t<meta property=\"og:image:height\" content=\"492\" \/>\n\t<meta property=\"og:image:type\" content=\"image\/png\" \/>\n<meta name=\"author\" content=\"Yara Drissi\" \/>\n<meta name=\"twitter:card\" content=\"summary_large_image\" \/>\n<meta name=\"twitter:creator\" content=\"@matierebrutelab\" \/>\n<meta name=\"twitter:site\" content=\"@matierebrutelab\" \/>\n<meta name=\"twitter:label1\" content=\"\u00c9crit par\" \/>\n\t<meta name=\"twitter:data1\" content=\"Yara Drissi\" \/>\n\t<meta name=\"twitter:label2\" content=\"Dur\u00e9e de lecture estim\u00e9e\" \/>\n\t<meta name=\"twitter:data2\" content=\"10 minutes\" \/>\n<script type=\"application\/ld+json\" class=\"yoast-schema-graph\">{\"@context\":\"https:\\\/\\\/schema.org\",\"@graph\":[{\"@type\":\"Article\",\"@id\":\"https:\\\/\\\/www.matierebrutelab.com\\\/blog\\\/pores-dilates\\\/#article\",\"isPartOf\":{\"@id\":\"https:\\\/\\\/www.matierebrutelab.com\\\/blog\\\/pores-dilates\\\/\"},\"author\":{\"name\":\"Yara Drissi\",\"@id\":\"https:\\\/\\\/www.matierebrutelab.com\\\/blog\\\/#\\\/schema\\\/person\\\/25b1e6a064e4955f0de4e6597acdaa0a\"},\"headline\":\"Pores dilat\u00e9s\u00a0: comment en prendre soin naturellement\u2009?\",\"datePublished\":\"2025-09-08T11:08:30+00:00\",\"dateModified\":\"2025-11-10T09:32:14+00:00\",\"mainEntityOfPage\":{\"@id\":\"https:\\\/\\\/www.matierebrutelab.com\\\/blog\\\/pores-dilates\\\/\"},\"wordCount\":1655,\"publisher\":{\"@id\":\"https:\\\/\\\/www.matierebrutelab.com\\\/blog\\\/#organization\"},\"image\":{\"@id\":\"https:\\\/\\\/www.matierebrutelab.com\\\/blog\\\/pores-dilates\\\/#primaryimage\"},\"thumbnailUrl\":\"https:\\\/\\\/www.matierebrutelab.com\\\/blog\\\/wp-content\\\/uploads\\\/2022\\\/11\\\/pores-dilate\u0301s.png\",\"articleSection\":[\"Soins et pr\u00e9occupations de peau\"],\"inLanguage\":\"fr-FR\"},{\"@type\":\"WebPage\",\"@id\":\"https:\\\/\\\/www.matierebrutelab.com\\\/blog\\\/pores-dilates\\\/\",\"url\":\"https:\\\/\\\/www.matierebrutelab.com\\\/blog\\\/pores-dilates\\\/\",\"name\":\"R\u00e9duire les Pores Dilat\u00e9s Naturellement : Conseils et Astuces\",\"isPartOf\":{\"@id\":\"https:\\\/\\\/www.matierebrutelab.com\\\/blog\\\/#website\"},\"primaryImageOfPage\":{\"@id\":\"https:\\\/\\\/www.matierebrutelab.com\\\/blog\\\/pores-dilates\\\/#primaryimage\"},\"image\":{\"@id\":\"https:\\\/\\\/www.matierebrutelab.com\\\/blog\\\/pores-dilates\\\/#primaryimage\"},\"thumbnailUrl\":\"https:\\\/\\\/www.matierebrutelab.com\\\/blog\\\/wp-content\\\/uploads\\\/2022\\\/11\\\/pores-dilate\u0301s.png\",\"datePublished\":\"2025-09-08T11:08:30+00:00\",\"dateModified\":\"2025-11-10T09:32:14+00:00\",\"description\":\"Pourquoi a-t-on des pores dilat\u00e9s et comment les resserrer ? D\u00e9couvrez nos conseils pour nourrir votre peau\",\"breadcrumb\":{\"@id\":\"https:\\\/\\\/www.matierebrutelab.com\\\/blog\\\/pores-dilates\\\/#breadcrumb\"},\"inLanguage\":\"fr-FR\",\"potentialAction\":[{\"@type\":\"ReadAction\",\"target\":[\"https:\\\/\\\/www.matierebrutelab.com\\\/blog\\\/pores-dilates\\\/\"]}]},{\"@type\":\"ImageObject\",\"inLanguage\":\"fr-FR\",\"@id\":\"https:\\\/\\\/www.matierebrutelab.com\\\/blog\\\/pores-dilates\\\/#primaryimage\",\"url\":\"https:\\\/\\\/www.matierebrutelab.com\\\/blog\\\/wp-content\\\/uploads\\\/2022\\\/11\\\/pores-dilate\u0301s.png\",\"contentUrl\":\"https:\\\/\\\/www.matierebrutelab.com\\\/blog\\\/wp-content\\\/uploads\\\/2022\\\/11\\\/pores-dilate\u0301s.png\",\"width\":792,\"height\":492,\"caption\":\"Femme examinant ses pores dilat\u00e9s dans un miroir\"},{\"@type\":\"BreadcrumbList\",\"@id\":\"https:\\\/\\\/www.matierebrutelab.com\\\/blog\\\/pores-dilates\\\/#breadcrumb\",\"itemListElement\":[{\"@type\":\"ListItem\",\"position\":1,\"name\":\"Accueil\",\"item\":\"https:\\\/\\\/www.matierebrutelab.com\\\/blog\\\/\"},{\"@type\":\"ListItem\",\"position\":2,\"name\":\"Pores dilat\u00e9s\u00a0: comment en prendre soin naturellement\u2009?\"}]},{\"@type\":\"WebSite\",\"@id\":\"https:\\\/\\\/www.matierebrutelab.com\\\/blog\\\/#website\",\"url\":\"https:\\\/\\\/www.matierebrutelab.com\\\/blog\\\/\",\"name\":\"Mati\u00e8re Brute Lab\",\"description\":\"\",\"publisher\":{\"@id\":\"https:\\\/\\\/www.matierebrutelab.com\\\/blog\\\/#organization\"},\"potentialAction\":[{\"@type\":\"SearchAction\",\"target\":{\"@type\":\"EntryPoint\",\"urlTemplate\":\"https:\\\/\\\/www.matierebrutelab.com\\\/blog\\\/?s={search_term_string}\"},\"query-input\":{\"@type\":\"PropertyValueSpecification\",\"valueRequired\":true,\"valueName\":\"search_term_string\"}}],\"inLanguage\":\"fr-FR\"},{\"@type\":\"Organization\",\"@id\":\"https:\\\/\\\/www.matierebrutelab.com\\\/blog\\\/#organization\",\"name\":\"Mati\u00e8re Brute Lab\",\"url\":\"https:\\\/\\\/www.matierebrutelab.com\\\/blog\\\/\",\"logo\":{\"@type\":\"ImageObject\",\"inLanguage\":\"fr-FR\",\"@id\":\"https:\\\/\\\/www.matierebrutelab.com\\\/blog\\\/#\\\/schema\\\/logo\\\/image\\\/\",\"url\":\"https:\\\/\\\/www.matierebrutelab.com\\\/blog\\\/wp-content\\\/uploads\\\/2022\\\/08\\\/matiere-brut-lab-logo-1622535226.png\",\"contentUrl\":\"https:\\\/\\\/www.matierebrutelab.com\\\/blog\\\/wp-content\\\/uploads\\\/2022\\\/08\\\/matiere-brut-lab-logo-1622535226.png\",\"width\":500,\"height\":260,\"caption\":\"Mati\u00e8re Brute Lab\"},\"image\":{\"@id\":\"https:\\\/\\\/www.matierebrutelab.com\\\/blog\\\/#\\\/schema\\\/logo\\\/image\\\/\"},\"sameAs\":[\"https:\\\/\\\/www.facebook.com\\\/matierebrutelab\\\/\",\"https:\\\/\\\/x.com\\\/matierebrutelab\",\"https:\\\/\\\/www.instagram.com\\\/matiere_brute_lab\\\/\"]},{\"@type\":\"Person\",\"@id\":\"https:\\\/\\\/www.matierebrutelab.com\\\/blog\\\/#\\\/schema\\\/person\\\/25b1e6a064e4955f0de4e6597acdaa0a\",\"name\":\"Yara Drissi\",\"image\":{\"@type\":\"ImageObject\",\"inLanguage\":\"fr-FR\",\"@id\":\"https:\\\/\\\/secure.gravatar.com\\\/avatar\\\/57c4b9405524a5910273a0833a9afd402f277a2a1a1a9aedc07bef11a2f30a30?s=96&d=mm&r=g\",\"url\":\"https:\\\/\\\/secure.gravatar.com\\\/avatar\\\/57c4b9405524a5910273a0833a9afd402f277a2a1a1a9aedc07bef11a2f30a30?s=96&d=mm&r=g\",\"contentUrl\":\"https:\\\/\\\/secure.gravatar.com\\\/avatar\\\/57c4b9405524a5910273a0833a9afd402f277a2a1a1a9aedc07bef11a2f30a30?s=96&d=mm&r=g\",\"caption\":\"Yara Drissi\"}}]}<\/script>\n<!-- \/ Yoast SEO plugin. -->","yoast_head_json":{"title":"R\u00e9duire les Pores Dilat\u00e9s Naturellement : Conseils et Astuces","description":"Pourquoi a-t-on des pores dilat\u00e9s et comment les resserrer ? D\u00e9couvrez nos conseils pour nourrir votre peau","robots":{"index":"index","follow":"follow","max-snippet":"max-snippet:-1","max-image-preview":"max-image-preview:large","max-video-preview":"max-video-preview:-1"},"canonical":"https:\/\/www.matierebrutelab.com\/blog\/pores-dilates\/","og_locale":"fr_FR","og_type":"article","og_title":"R\u00e9duire les Pores Dilat\u00e9s Naturellement : Conseils et Astuces","og_description":"Pourquoi a-t-on des pores dilat\u00e9s et comment les resserrer ? D\u00e9couvrez nos conseils pour nourrir votre peau","og_url":"https:\/\/www.matierebrutelab.com\/blog\/pores-dilates\/","og_site_name":"Mati\u00e8re Brute Lab","article_publisher":"https:\/\/www.facebook.com\/matierebrutelab\/","article_published_time":"2025-09-08T11:08:30+00:00","article_modified_time":"2025-11-10T09:32:14+00:00","og_image":[{"width":792,"height":492,"url":"https:\/\/www.matierebrutelab.com\/blog\/wp-content\/uploads\/2022\/11\/pores-dilate\u0301s.png","type":"image\/png"}],"author":"Yara Drissi","twitter_card":"summary_large_image","twitter_creator":"@matierebrutelab","twitter_site":"@matierebrutelab","twitter_misc":{"\u00c9crit par":"Yara Drissi","Dur\u00e9e de lecture estim\u00e9e":"10 minutes"},"schema":{"@context":"https:\/\/schema.org","@graph":[{"@type":"Article","@id":"https:\/\/www.matierebrutelab.com\/blog\/pores-dilates\/#article","isPartOf":{"@id":"https:\/\/www.matierebrutelab.com\/blog\/pores-dilates\/"},"author":{"name":"Yara Drissi","@id":"https:\/\/www.matierebrutelab.com\/blog\/#\/schema\/person\/25b1e6a064e4955f0de4e6597acdaa0a"},"headline":"Pores dilat\u00e9s\u00a0: comment en prendre soin naturellement\u2009?","datePublished":"2025-09-08T11:08:30+00:00","dateModified":"2025-11-10T09:32:14+00:00","mainEntityOfPage":{"@id":"https:\/\/www.matierebrutelab.com\/blog\/pores-dilates\/"},"wordCount":1655,"publisher":{"@id":"https:\/\/www.matierebrutelab.com\/blog\/#organization"},"image":{"@id":"https:\/\/www.matierebrutelab.com\/blog\/pores-dilates\/#primaryimage"},"thumbnailUrl":"https:\/\/www.matierebrutelab.com\/blog\/wp-content\/uploads\/2022\/11\/pores-dilate\u0301s.png","articleSection":["Soins et pr\u00e9occupations de peau"],"inLanguage":"fr-FR"},{"@type":"WebPage","@id":"https:\/\/www.matierebrutelab.com\/blog\/pores-dilates\/","url":"https:\/\/www.matierebrutelab.com\/blog\/pores-dilates\/","name":"R\u00e9duire les Pores Dilat\u00e9s Naturellement : Conseils et Astuces","isPartOf":{"@id":"https:\/\/www.matierebrutelab.com\/blog\/#website"},"primaryImageOfPage":{"@id":"https:\/\/www.matierebrutelab.com\/blog\/pores-dilates\/#primaryimage"},"image":{"@id":"https:\/\/www.matierebrutelab.com\/blog\/pores-dilates\/#primaryimage"},"thumbnailUrl":"https:\/\/www.matierebrutelab.com\/blog\/wp-content\/uploads\/2022\/11\/pores-dilate\u0301s.png","datePublished":"2025-09-08T11:08:30+00:00","dateModified":"2025-11-10T09:32:14+00:00","description":"Pourquoi a-t-on des pores dilat\u00e9s et comment les resserrer ? D\u00e9couvrez nos conseils pour nourrir votre peau","breadcrumb":{"@id":"https:\/\/www.matierebrutelab.com\/blog\/pores-dilates\/#breadcrumb"},"inLanguage":"fr-FR","potentialAction":[{"@type":"ReadAction","target":["https:\/\/www.matierebrutelab.com\/blog\/pores-dilates\/"]}]},{"@type":"ImageObject","inLanguage":"fr-FR","@id":"https:\/\/www.matierebrutelab.com\/blog\/pores-dilates\/#primaryimage","url":"https:\/\/www.matierebrutelab.com\/blog\/wp-content\/uploads\/2022\/11\/pores-dilate\u0301s.png","contentUrl":"https:\/\/www.matierebrutelab.com\/blog\/wp-content\/uploads\/2022\/11\/pores-dilate\u0301s.png","width":792,"height":492,"caption":"Femme examinant ses pores dilat\u00e9s dans un miroir"},{"@type":"BreadcrumbList","@id":"https:\/\/www.matierebrutelab.com\/blog\/pores-dilates\/#breadcrumb","itemListElement":[{"@type":"ListItem","position":1,"name":"Accueil","item":"https:\/\/www.matierebrutelab.com\/blog\/"},{"@type":"ListItem","position":2,"name":"Pores dilat\u00e9s\u00a0: comment en prendre soin naturellement\u2009?"}]},{"@type":"WebSite","@id":"https:\/\/www.matierebrutelab.com\/blog\/#website","url":"https:\/\/www.matierebrutelab.com\/blog\/","name":"Mati\u00e8re Brute Lab","description":"","publisher":{"@id":"https:\/\/www.matierebrutelab.com\/blog\/#organization"},"potentialAction":[{"@type":"SearchAction","target":{"@type":"EntryPoint","urlTemplate":"https:\/\/www.matierebrutelab.com\/blog\/?s={search_term_string}"},"query-input":{"@type":"PropertyValueSpecification","valueRequired":true,"valueName":"search_term_string"}}],"inLanguage":"fr-FR"},{"@type":"Organization","@id":"https:\/\/www.matierebrutelab.com\/blog\/#organization","name":"Mati\u00e8re Brute Lab","url":"https:\/\/www.matierebrutelab.com\/blog\/","logo":{"@type":"ImageObject","inLanguage":"fr-FR","@id":"https:\/\/www.matierebrutelab.com\/blog\/#\/schema\/logo\/image\/","url":"https:\/\/www.matierebrutelab.com\/blog\/wp-content\/uploads\/2022\/08\/matiere-brut-lab-logo-1622535226.png","contentUrl":"https:\/\/www.matierebrutelab.com\/blog\/wp-content\/uploads\/2022\/08\/matiere-brut-lab-logo-1622535226.png","width":500,"height":260,"caption":"Mati\u00e8re Brute Lab"},"image":{"@id":"https:\/\/www.matierebrutelab.com\/blog\/#\/schema\/logo\/image\/"},"sameAs":["https:\/\/www.facebook.com\/matierebrutelab\/","https:\/\/x.com\/matierebrutelab","https:\/\/www.instagram.com\/matiere_brute_lab\/"]},{"@type":"Person","@id":"https:\/\/www.matierebrutelab.com\/blog\/#\/schema\/person\/25b1e6a064e4955f0de4e6597acdaa0a","name":"Yara Drissi","image":{"@type":"ImageObject","inLanguage":"fr-FR","@id":"https:\/\/secure.gravatar.com\/avatar\/57c4b9405524a5910273a0833a9afd402f277a2a1a1a9aedc07bef11a2f30a30?s=96&d=mm&r=g","url":"https:\/\/secure.gravatar.com\/avatar\/57c4b9405524a5910273a0833a9afd402f277a2a1a1a9aedc07bef11a2f30a30?s=96&d=mm&r=g","contentUrl":"https:\/\/secure.gravatar.com\/avatar\/57c4b9405524a5910273a0833a9afd402f277a2a1a1a9aedc07bef11a2f30a30?s=96&d=mm&r=g","caption":"Yara Drissi"}}]}},"_links":{"self":[{"href":"https:\/\/www.matierebrutelab.com\/blog\/wp-json\/wp\/v2\/posts\/1034","targetHints":{"allow":["GET"]}}],"collection":[{"href":"https:\/\/www.matierebrutelab.com\/blog\/wp-json\/wp\/v2\/posts"}],"about":[{"href":"https:\/\/www.matierebrutelab.com\/blog\/wp-json\/wp\/v2\/types\/post"}],"author":[{"embeddable":true,"href":"https:\/\/www.matierebrutelab.com\/blog\/wp-json\/wp\/v2\/users\/6"}],"replies":[{"embeddable":true,"href":"https:\/\/www.matierebrutelab.com\/blog\/wp-json\/wp\/v2\/comments?post=1034"}],"version-history":[{"count":4,"href":"https:\/\/www.matierebrutelab.com\/blog\/wp-json\/wp\/v2\/posts\/1034\/revisions"}],"predecessor-version":[{"id":3923,"href":"https:\/\/www.matierebrutelab.com\/blog\/wp-json\/wp\/v2\/posts\/1034\/revisions\/3923"}],"wp:featuredmedia":[{"embeddable":true,"href":"https:\/\/www.matierebrutelab.com\/blog\/wp-json\/wp\/v2\/media\/1032"}],"wp:attachment":[{"href":"https:\/\/www.matierebrutelab.com\/blog\/wp-json\/wp\/v2\/media?parent=1034"}],"wp:term":[{"taxonomy":"category","embeddable":true,"href":"https:\/\/www.matierebrutelab.com\/blog\/wp-json\/wp\/v2\/categories?post=1034"},{"taxonomy":"post_tag","embeddable":true,"href":"https:\/\/www.matierebrutelab.com\/blog\/wp-json\/wp\/v2\/tags?post=1034"},{"taxonomy":"test","embeddable":true,"href":"https:\/\/www.matierebrutelab.com\/blog\/wp-json\/wp\/v2\/test?post=1034"}],"curies":[{"name":"wp","href":"https:\/\/api.w.org\/{rel}","templated":true}]}}